{"id":4590,"date":"2025-06-17T15:39:54","date_gmt":"2025-06-17T18:39:54","guid":{"rendered":"https:\/\/wp.ufpel.edu.br\/ppgef\/?p=4590"},"modified":"2025-07-22T14:48:59","modified_gmt":"2025-07-22T17:48:59","slug":"defesa-final-de-mestrado-manoela-dias-das-neves","status":"publish","type":"post","link":"https:\/\/wp.ufpel.edu.br\/ppgef\/2025\/06\/17\/defesa-final-de-mestrado-manoela-dias-das-neves\/","title":{"rendered":"Defesa final de Mestrado: Manuela Dias das Neves"},"content":{"rendered":"<p><span style=\"font-weight: 400;\">\u201cEfeitos da dan\u00e7a tradicionalista ga\u00facha no desempenho de habilidades motoras fundamentais de escolares no munic\u00edpio de Pedro Os\u00f3rio-RS\u201d<\/span><\/p>\n<p><span style=\"font-weight: 400;\"><strong>Data: 30 de julho de 2025 \u00e0s 14:00h na ESEF<\/strong>.<\/span><\/p>\n<p><span style=\"font-weight: 400;\"> Banca:<\/span><\/p>\n<p><span style=\"font-weight: 400;\">&#8211; Prof. Dr. Rodolfo Novellino Benda (orientador)<\/span><\/p>\n<p><span style=\"font-weight: 400;\">&#8211; Prof. Dr. Gustavo Pereira C\u00f4rtes (PPG em Educa\u00e7\u00e3o F\u00edsica, Mestrado Profissional \u2013 ProEF \/ UFMG)\u00a0<\/span><\/p>\n<p><span style=\"font-weight: 400;\">&#8211; Profa. Dra. Th\u00e1bata Viviane Brand\u00e3o Gomes (PPGEF &#8211; UFPel)<\/span><\/p>\n<p><span style=\"font-weight: 400;\">&#8211; Profa. Dra. Priscila Lopes Cardozo (Suplente \u2013 PPGEF &#8211; UFPel)<\/span><\/p>\n","protected":false},"excerpt":{"rendered":"<p>\u201cEfeitos da dan\u00e7a tradicionalista ga\u00facha no desempenho de habilidades motoras fundamentais de escolares no munic\u00edpio de Pedro Os\u00f3rio-RS\u201d Data: 30 de julho de 2025 \u00e0s 14:00h na ESEF. Banca: &#8211; Prof. Dr. Rodolfo Novellino Benda (orientador) &#8211; Prof. Dr. Gustavo Pereira C\u00f4rtes (PPG em Educa\u00e7\u00e3o F\u00edsica, Mestrado Profissional \u2013 ProEF \/ UFMG)\u00a0 &#8211; Profa. Dra. [&hellip;]<\/p>\n","protected":false},"author":592,"featured_media":0,"comment_status":"closed","ping_status":"closed","sticky":false,"template":"","format":"standard","meta":{"footnotes":""},"categories":[1],"tags":[],"class_list":["post-4590","post","type-post","status-publish","format-standard","hentry","category-noticias"],"jetpack_featured_media_url":"","_links":{"self":[{"href":"https:\/\/wp.ufpel.edu.br\/ppgef\/wp-json\/wp\/v2\/posts\/4590","targetHints":{"allow":["GET"]}}],"collection":[{"href":"https:\/\/wp.ufpel.edu.br\/ppgef\/wp-json\/wp\/v2\/posts"}],"about":[{"href":"https:\/\/wp.ufpel.edu.br\/ppgef\/wp-json\/wp\/v2\/types\/post"}],"author":[{"embeddable":true,"href":"https:\/\/wp.ufpel.edu.br\/ppgef\/wp-json\/wp\/v2\/users\/592"}],"replies":[{"embeddable":true,"href":"https:\/\/wp.ufpel.edu.br\/ppgef\/wp-json\/wp\/v2\/comments?post=4590"}],"version-history":[{"count":3,"href":"https:\/\/wp.ufpel.edu.br\/ppgef\/wp-json\/wp\/v2\/posts\/4590\/revisions"}],"predecessor-version":[{"id":4679,"href":"https:\/\/wp.ufpel.edu.br\/ppgef\/wp-json\/wp\/v2\/posts\/4590\/revisions\/4679"}],"wp:attachment":[{"href":"https:\/\/wp.ufpel.edu.br\/ppgef\/wp-json\/wp\/v2\/media?parent=4590"}],"wp:term":[{"taxonomy":"category","embeddable":true,"href":"https:\/\/wp.ufpel.edu.br\/ppgef\/wp-json\/wp\/v2\/categories?post=4590"},{"taxonomy":"post_tag","embeddable":true,"href":"https:\/\/wp.ufpel.edu.br\/ppgef\/wp-json\/wp\/v2\/tags?post=4590"}],"curies":[{"name":"wp","href":"https:\/\/api.w.org\/{rel}","templated":true}]}}