{"id":4584,"date":"2025-06-17T15:25:23","date_gmt":"2025-06-17T18:25:23","guid":{"rendered":"https:\/\/wp.ufpel.edu.br\/ppgef\/?p=4584"},"modified":"2025-06-17T15:25:23","modified_gmt":"2025-06-17T18:25:23","slug":"qualificacao-de-mestrado-dianny-caroline-naranjo-garcia","status":"publish","type":"post","link":"https:\/\/wp.ufpel.edu.br\/ppgef\/2025\/06\/17\/qualificacao-de-mestrado-dianny-caroline-naranjo-garcia\/","title":{"rendered":"Qualifica\u00e7\u00e3o de Mestrado: Dianny Caroline Naranjo Garc\u00eda"},"content":{"rendered":"<p><span style=\"font-weight: 400;\">\u201cPercep\u00e7\u00e3o de idosos sobre a influ\u00eancia da atividade f\u00edsica em sintomas depressivos no contexto de uma pol\u00edtica p\u00fablica na cidade de Pelotas\/RS\u201d<\/span><\/p>\n<p><strong>Data: 09 de julho de 2025 \u00e0s 10h na ESEF.<\/strong><\/p>\n<p><span style=\"font-weight: 400;\">Banca:<\/span><\/p>\n<p><span style=\"font-weight: 400;\">&#8211; Prof. Dr. In\u00e1cio Crochemore Mohnsam da Silva (Orientador)<\/span><\/p>\n<p><span style=\"font-weight: 400;\">&#8211; Profa. Dra. Michele Mandagar\u00e1 (PPG em Enfermagem &#8211; UFPEL)<\/span><\/p>\n<p><span style=\"font-weight: 400;\">&#8211; Prof. Dr. Alan Goularte Knuth (PPGEF &#8211; UFPEL)<\/span><\/p>\n<p><span style=\"font-weight: 400;\">&#8211; Prof. Dr. Luiz Carlos Rigo (suplente \/ PPGEF &#8211; UFPEL)<\/span><\/p>\n","protected":false},"excerpt":{"rendered":"<p>\u201cPercep\u00e7\u00e3o de idosos sobre a influ\u00eancia da atividade f\u00edsica em sintomas depressivos no contexto de uma pol\u00edtica p\u00fablica na cidade de Pelotas\/RS\u201d Data: 09 de julho de 2025 \u00e0s 10h na ESEF. Banca: &#8211; Prof. Dr. In\u00e1cio Crochemore Mohnsam da Silva (Orientador) &#8211; Profa. Dra. Michele Mandagar\u00e1 (PPG em Enfermagem &#8211; UFPEL) &#8211; Prof. Dr. [&hellip;]<\/p>\n","protected":false},"author":592,"featured_media":0,"comment_status":"closed","ping_status":"closed","sticky":false,"template":"","format":"standard","meta":{"footnotes":""},"categories":[1],"tags":[],"class_list":["post-4584","post","type-post","status-publish","format-standard","hentry","category-noticias"],"jetpack_featured_media_url":"","_links":{"self":[{"href":"https:\/\/wp.ufpel.edu.br\/ppgef\/wp-json\/wp\/v2\/posts\/4584","targetHints":{"allow":["GET"]}}],"collection":[{"href":"https:\/\/wp.ufpel.edu.br\/ppgef\/wp-json\/wp\/v2\/posts"}],"about":[{"href":"https:\/\/wp.ufpel.edu.br\/ppgef\/wp-json\/wp\/v2\/types\/post"}],"author":[{"embeddable":true,"href":"https:\/\/wp.ufpel.edu.br\/ppgef\/wp-json\/wp\/v2\/users\/592"}],"replies":[{"embeddable":true,"href":"https:\/\/wp.ufpel.edu.br\/ppgef\/wp-json\/wp\/v2\/comments?post=4584"}],"version-history":[{"count":1,"href":"https:\/\/wp.ufpel.edu.br\/ppgef\/wp-json\/wp\/v2\/posts\/4584\/revisions"}],"predecessor-version":[{"id":4585,"href":"https:\/\/wp.ufpel.edu.br\/ppgef\/wp-json\/wp\/v2\/posts\/4584\/revisions\/4585"}],"wp:attachment":[{"href":"https:\/\/wp.ufpel.edu.br\/ppgef\/wp-json\/wp\/v2\/media?parent=4584"}],"wp:term":[{"taxonomy":"category","embeddable":true,"href":"https:\/\/wp.ufpel.edu.br\/ppgef\/wp-json\/wp\/v2\/categories?post=4584"},{"taxonomy":"post_tag","embeddable":true,"href":"https:\/\/wp.ufpel.edu.br\/ppgef\/wp-json\/wp\/v2\/tags?post=4584"}],"curies":[{"name":"wp","href":"https:\/\/api.w.org\/{rel}","templated":true}]}}