{"id":4397,"date":"2025-01-20T11:53:25","date_gmt":"2025-01-20T14:53:25","guid":{"rendered":"https:\/\/wp.ufpel.edu.br\/ppgef\/?p=4397"},"modified":"2025-01-20T11:53:25","modified_gmt":"2025-01-20T14:53:25","slug":"qualificacao-de-mestrado-gustavo-silveira-silva","status":"publish","type":"post","link":"https:\/\/wp.ufpel.edu.br\/ppgef\/2025\/01\/20\/qualificacao-de-mestrado-gustavo-silveira-silva\/","title":{"rendered":"Qualifica\u00e7\u00e3o de Mestrado \u2013 Gustavo Silveira Silva"},"content":{"rendered":"<p><span style=\"font-weight: 400;\">\u201cAssocia\u00e7\u00e3o entre indicadores de aptid\u00e3o f\u00edsica e fun\u00e7\u00e3o cognitiva em idosos(as) com dem\u00eancia\u201d<\/span><\/p>\n<p><strong>Dia: 30\/01\/2025 \u2013 quinta-feira \u00e0s 09:00h<\/strong><\/p>\n<p><span style=\"font-weight: 400;\">Banca: Prof. Dr. Airton Jos\u00e9 Rombaldi (Orientador);<\/span><\/p>\n<p><span style=\"font-weight: 400;\">&#8211; Prof. Dra. Cristine Lima Alberton (PPGEF &#8211; UFPEL)<\/span><\/p>\n<p><span style=\"font-weight: 400;\">&#8211; Prof. Dr. Leandro Quadro Corr\u00eaa (Programa de P\u00f3s-Gradua\u00e7\u00e3o em Sa\u00fade P\u00fablica &#8211; FURG);<\/span><\/p>\n<p><span style=\"font-weight: 400;\">&#8211; Prof. Dr. Gustavo Dias Ferreira (Suplente \u2013 PPGEF &#8211; UFPEL)<\/span><\/p>\n<p><span style=\"font-weight: 400;\">Local: ESEF<\/span><\/p>\n","protected":false},"excerpt":{"rendered":"<p>\u201cAssocia\u00e7\u00e3o entre indicadores de aptid\u00e3o f\u00edsica e fun\u00e7\u00e3o cognitiva em idosos(as) com dem\u00eancia\u201d Dia: 30\/01\/2025 \u2013 quinta-feira \u00e0s 09:00h Banca: Prof. Dr. Airton Jos\u00e9 Rombaldi (Orientador); &#8211; Prof. Dra. Cristine Lima Alberton (PPGEF &#8211; UFPEL) &#8211; Prof. Dr. Leandro Quadro Corr\u00eaa (Programa de P\u00f3s-Gradua\u00e7\u00e3o em Sa\u00fade P\u00fablica &#8211; FURG); &#8211; Prof. Dr. Gustavo Dias Ferreira [&hellip;]<\/p>\n","protected":false},"author":592,"featured_media":0,"comment_status":"closed","ping_status":"closed","sticky":false,"template":"","format":"standard","meta":{"footnotes":""},"categories":[1],"tags":[],"class_list":["post-4397","post","type-post","status-publish","format-standard","hentry","category-noticias"],"jetpack_featured_media_url":"","_links":{"self":[{"href":"https:\/\/wp.ufpel.edu.br\/ppgef\/wp-json\/wp\/v2\/posts\/4397","targetHints":{"allow":["GET"]}}],"collection":[{"href":"https:\/\/wp.ufpel.edu.br\/ppgef\/wp-json\/wp\/v2\/posts"}],"about":[{"href":"https:\/\/wp.ufpel.edu.br\/ppgef\/wp-json\/wp\/v2\/types\/post"}],"author":[{"embeddable":true,"href":"https:\/\/wp.ufpel.edu.br\/ppgef\/wp-json\/wp\/v2\/users\/592"}],"replies":[{"embeddable":true,"href":"https:\/\/wp.ufpel.edu.br\/ppgef\/wp-json\/wp\/v2\/comments?post=4397"}],"version-history":[{"count":1,"href":"https:\/\/wp.ufpel.edu.br\/ppgef\/wp-json\/wp\/v2\/posts\/4397\/revisions"}],"predecessor-version":[{"id":4398,"href":"https:\/\/wp.ufpel.edu.br\/ppgef\/wp-json\/wp\/v2\/posts\/4397\/revisions\/4398"}],"wp:attachment":[{"href":"https:\/\/wp.ufpel.edu.br\/ppgef\/wp-json\/wp\/v2\/media?parent=4397"}],"wp:term":[{"taxonomy":"category","embeddable":true,"href":"https:\/\/wp.ufpel.edu.br\/ppgef\/wp-json\/wp\/v2\/categories?post=4397"},{"taxonomy":"post_tag","embeddable":true,"href":"https:\/\/wp.ufpel.edu.br\/ppgef\/wp-json\/wp\/v2\/tags?post=4397"}],"curies":[{"name":"wp","href":"https:\/\/api.w.org\/{rel}","templated":true}]}}