{"id":4332,"date":"2024-11-22T10:41:10","date_gmt":"2024-11-22T13:41:10","guid":{"rendered":"https:\/\/wp.ufpel.edu.br\/ppgef\/?p=4332"},"modified":"2024-11-22T10:42:15","modified_gmt":"2024-11-22T13:42:15","slug":"professores-do-ppg-no-vi-ssbafs","status":"publish","type":"post","link":"https:\/\/wp.ufpel.edu.br\/ppgef\/2024\/11\/22\/professores-do-ppg-no-vi-ssbafs\/","title":{"rendered":"Professores do PPG no VI SSBAFS"},"content":{"rendered":"<p>Os professores do PPG In\u00e1cio Crochemore da Silva e Marlos Domingues estiveram nos dias 14 a 16 de novembro no VI Simp\u00f3sio de Atividade F\u00edsica e Sa\u00fade da Regi\u00e3o Sul na cidade de Crici\u00fama\/SC.<\/p>\n<p>O tema central do evento era &#8220;Caminhando para um futuro mais ativo: das cl\u00ednicas \u00e0s interven\u00e7\u00f5es populacionais&#8221;.<\/p>\n<p>Durante o evento o professor In\u00e1cio palestrou sobre os &#8220;Desafios para aumentar o n\u00edvel de Atividade F\u00edsica da popula\u00e7\u00e3o Brasileira&#8221; e comp\u00f4s a mesa durante a cerim\u00f4nia de encerramento do evento.<\/p>\n<p>O professor Marlos palestrou sobre &#8220;Prescri\u00e7\u00e3o de exerc\u00edcios f\u00edsicos e orienta\u00e7\u00e3o nutricional para gestantes&#8221; e atuou como mediador do Workshop &#8220;O papel das m\u00eddias sociais na educa\u00e7\u00e3o em sa\u00fade&#8221;, ministrado pela professora da UFMG Daisy Motta.<\/p>\n<p>O evento foi organizado e sediado pela Universidade do Extremo Sul Catarinense (UNESC) em conjunto com a Sociedade Brasileira de Atividade F\u00edsica e Sa\u00fade (SBAFS) e teve apoio da Funda\u00e7\u00e3o de Amparo \u00e0 Pesquisa e Inova\u00e7\u00e3o do Estado Santa Catarina (FAPESC).<a href=\"https:\/\/wp.ufpel.edu.br\/ppgef\/files\/2024\/11\/WhatsApp-Image-2024-11-18-at-09.40.44.jpeg\"><img class=\"alignleft size-medium wp-image-4333\" src=\"https:\/\/wp.ufpel.edu.br\/ppgef\/files\/2024\/11\/WhatsApp-Image-2024-11-18-at-09.40.44-281x400.jpeg\" alt=\"\" width=\"281\" height=\"400\" srcset=\"https:\/\/wp.ufpel.edu.br\/ppgef\/files\/2024\/11\/WhatsApp-Image-2024-11-18-at-09.40.44-281x400.jpeg 281w, https:\/\/wp.ufpel.edu.br\/ppgef\/files\/2024\/11\/WhatsApp-Image-2024-11-18-at-09.40.44.jpeg 719w\" sizes=\"(max-width: 281px) 100vw, 281px\" \/><\/a><\/p>\n","protected":false},"excerpt":{"rendered":"<p>Os professores do PPG In\u00e1cio Crochemore da Silva e Marlos Domingues estiveram nos dias 14 a 16 de novembro no VI Simp\u00f3sio de Atividade F\u00edsica e Sa\u00fade da Regi\u00e3o Sul na cidade de Crici\u00fama\/SC. O tema central do evento era &#8220;Caminhando para um futuro mais ativo: das cl\u00ednicas \u00e0s interven\u00e7\u00f5es populacionais&#8221;. Durante o evento o [&hellip;]<\/p>\n","protected":false},"author":592,"featured_media":0,"comment_status":"closed","ping_status":"closed","sticky":false,"template":"","format":"standard","meta":{"footnotes":""},"categories":[1],"tags":[],"class_list":["post-4332","post","type-post","status-publish","format-standard","hentry","category-noticias"],"jetpack_featured_media_url":"","_links":{"self":[{"href":"https:\/\/wp.ufpel.edu.br\/ppgef\/wp-json\/wp\/v2\/posts\/4332","targetHints":{"allow":["GET"]}}],"collection":[{"href":"https:\/\/wp.ufpel.edu.br\/ppgef\/wp-json\/wp\/v2\/posts"}],"about":[{"href":"https:\/\/wp.ufpel.edu.br\/ppgef\/wp-json\/wp\/v2\/types\/post"}],"author":[{"embeddable":true,"href":"https:\/\/wp.ufpel.edu.br\/ppgef\/wp-json\/wp\/v2\/users\/592"}],"replies":[{"embeddable":true,"href":"https:\/\/wp.ufpel.edu.br\/ppgef\/wp-json\/wp\/v2\/comments?post=4332"}],"version-history":[{"count":2,"href":"https:\/\/wp.ufpel.edu.br\/ppgef\/wp-json\/wp\/v2\/posts\/4332\/revisions"}],"predecessor-version":[{"id":4335,"href":"https:\/\/wp.ufpel.edu.br\/ppgef\/wp-json\/wp\/v2\/posts\/4332\/revisions\/4335"}],"wp:attachment":[{"href":"https:\/\/wp.ufpel.edu.br\/ppgef\/wp-json\/wp\/v2\/media?parent=4332"}],"wp:term":[{"taxonomy":"category","embeddable":true,"href":"https:\/\/wp.ufpel.edu.br\/ppgef\/wp-json\/wp\/v2\/categories?post=4332"},{"taxonomy":"post_tag","embeddable":true,"href":"https:\/\/wp.ufpel.edu.br\/ppgef\/wp-json\/wp\/v2\/tags?post=4332"}],"curies":[{"name":"wp","href":"https:\/\/api.w.org\/{rel}","templated":true}]}}