{"id":4061,"date":"2024-07-25T16:30:53","date_gmt":"2024-07-25T19:30:53","guid":{"rendered":"https:\/\/wp.ufpel.edu.br\/ppgef\/?p=4061"},"modified":"2024-07-25T16:31:11","modified_gmt":"2024-07-25T19:31:11","slug":"defesa-final-de-mestrado-matheus-de-lima-weege","status":"publish","type":"post","link":"https:\/\/wp.ufpel.edu.br\/ppgef\/2024\/07\/25\/defesa-final-de-mestrado-matheus-de-lima-weege\/","title":{"rendered":"Defesa Final de Mestrado \u2013 Matheus de Lima Weege"},"content":{"rendered":"<p>Disserta\u00e7\u00e3o: \u201cCaracter\u00edsticas dos espa\u00e7os p\u00fablicos de lazer de Pelotas (RS): mudan\u00e7as na distribui\u00e7\u00e3o, qualidade e adequa\u00e7\u00e3o para pr\u00e1ticas corporais e atividade f\u00edsica ao longo de uma d\u00e9cada\u201d<\/p>\n<p><strong>Dia: 26\/07\/2024 \u2013 sexta-feira \u00e0s 09:00h.<\/strong><\/p>\n<p>Banca:\u00a0&#8211; Prof. Dr. In\u00e1cio Crochemore Mohnsam da Silva (orientador)<\/p>\n<p>&#8211; Profa. Dra. Silvana Vilodre Goellner (PPGEF\/ UFPEL)<\/p>\n<p>&#8211; Prof. Dr.\u00a0 Adriano Akira F. Hino (Programa de P\u00f3s-Gradua\u00e7\u00e3o em Tecnologia em Sa\u00fade \u2013 PUC\/PR)<\/p>\n<p>&#8211; Prof. Dr. Alan Goularte Knuth (Suplente \u2013 PPGEF\/ UFPEL)<\/p>\n","protected":false},"excerpt":{"rendered":"<p>Disserta\u00e7\u00e3o: \u201cCaracter\u00edsticas dos espa\u00e7os p\u00fablicos de lazer de Pelotas (RS): mudan\u00e7as na distribui\u00e7\u00e3o, qualidade e adequa\u00e7\u00e3o para pr\u00e1ticas corporais e atividade f\u00edsica ao longo de uma d\u00e9cada\u201d Dia: 26\/07\/2024 \u2013 sexta-feira \u00e0s 09:00h. Banca:\u00a0&#8211; Prof. Dr. In\u00e1cio Crochemore Mohnsam da Silva (orientador) &#8211; Profa. Dra. Silvana Vilodre Goellner (PPGEF\/ UFPEL) &#8211; Prof. Dr.\u00a0 Adriano Akira [&hellip;]<\/p>\n","protected":false},"author":592,"featured_media":0,"comment_status":"closed","ping_status":"closed","sticky":false,"template":"","format":"standard","meta":{"footnotes":""},"categories":[1],"tags":[],"class_list":["post-4061","post","type-post","status-publish","format-standard","hentry","category-noticias"],"jetpack_featured_media_url":"","_links":{"self":[{"href":"https:\/\/wp.ufpel.edu.br\/ppgef\/wp-json\/wp\/v2\/posts\/4061","targetHints":{"allow":["GET"]}}],"collection":[{"href":"https:\/\/wp.ufpel.edu.br\/ppgef\/wp-json\/wp\/v2\/posts"}],"about":[{"href":"https:\/\/wp.ufpel.edu.br\/ppgef\/wp-json\/wp\/v2\/types\/post"}],"author":[{"embeddable":true,"href":"https:\/\/wp.ufpel.edu.br\/ppgef\/wp-json\/wp\/v2\/users\/592"}],"replies":[{"embeddable":true,"href":"https:\/\/wp.ufpel.edu.br\/ppgef\/wp-json\/wp\/v2\/comments?post=4061"}],"version-history":[{"count":2,"href":"https:\/\/wp.ufpel.edu.br\/ppgef\/wp-json\/wp\/v2\/posts\/4061\/revisions"}],"predecessor-version":[{"id":4063,"href":"https:\/\/wp.ufpel.edu.br\/ppgef\/wp-json\/wp\/v2\/posts\/4061\/revisions\/4063"}],"wp:attachment":[{"href":"https:\/\/wp.ufpel.edu.br\/ppgef\/wp-json\/wp\/v2\/media?parent=4061"}],"wp:term":[{"taxonomy":"category","embeddable":true,"href":"https:\/\/wp.ufpel.edu.br\/ppgef\/wp-json\/wp\/v2\/categories?post=4061"},{"taxonomy":"post_tag","embeddable":true,"href":"https:\/\/wp.ufpel.edu.br\/ppgef\/wp-json\/wp\/v2\/tags?post=4061"}],"curies":[{"name":"wp","href":"https:\/\/api.w.org\/{rel}","templated":true}]}}