{"id":4040,"date":"2024-05-15T14:09:28","date_gmt":"2024-05-15T17:09:28","guid":{"rendered":"https:\/\/wp.ufpel.edu.br\/ppgef\/?p=4040"},"modified":"2024-05-15T14:09:28","modified_gmt":"2024-05-15T17:09:28","slug":"bolsas-capes-de-mestrado-e-doutorado-prorrogadas-por-2-meses-no-rs","status":"publish","type":"post","link":"https:\/\/wp.ufpel.edu.br\/ppgef\/2024\/05\/15\/bolsas-capes-de-mestrado-e-doutorado-prorrogadas-por-2-meses-no-rs\/","title":{"rendered":"Bolsas Capes de Mestrado e Doutorado prorrogadas por 2 meses no RS."},"content":{"rendered":"<div class=\"texto-dou\">\n<p class=\"identifica\"><strong>PORTARIA CAPES N\u00ba 142, DE 10 DE MAIO DE 2024<\/strong><\/p>\n<p class=\"ementa\">Disp\u00f5e sobre a prorroga\u00e7\u00e3o excepcional dos prazos de vig\u00eancia de bolsas de mestrado e doutorado no pa\u00eds, concedidas aos Programas de P\u00f3s-Gradua\u00e7\u00e3o localizados no Estado do Rio Grande do Sul, no \u00e2mbito dos programas e acordos de compet\u00eancia da Diretoria de Programas e Bolsas no Pa\u00eds da Capes.<\/p>\n<p class=\"dou-paragraph\">A PRESIDENTE DA COORDENA\u00c7\u00c3O DE APERFEI\u00c7OAMENTO DE PESSOAL DE N\u00cdVEL SUPERIOR &#8211; CAPES, no uso das atribui\u00e7\u00f5es que lhe s\u00e3o conferidas pelos incisos II, III e IX do art. 33 do Estatuto da Capes, aprovado pelo Decreto n\u00ba 11.238, de 18 de outubro de 2022 e o que consta dos autos do processo n\u00ba 23038.003622\/2024-43, resolve:<\/p>\n<p class=\"dou-paragraph\">Art. 1\u00ba Fica autorizada a prorroga\u00e7\u00e3o, em car\u00e1ter excepcional, dos prazos de vig\u00eancia das bolsas de mestrado e doutorado no pa\u00eds, concedidas aos Programas de P\u00f3s-Gradua\u00e7\u00e3o localizados no Estado do Rio Grande do Sul, no \u00e2mbito dos programas e acordos de compet\u00eancia da Diretoria de Programas e Bolsas no Pa\u00eds da Capes.<\/p>\n<p class=\"dou-paragraph\">Par\u00e1grafo \u00danico. A prorroga\u00e7\u00e3o poder\u00e1 ser concedida por at\u00e9 2 (dois) meses, acrescentados ao prazo m\u00e1ximo estipulado para cada modalidade de bolsa.<\/p>\n<p class=\"dou-paragraph\">Art. 2\u00ba A prorroga\u00e7\u00e3o autorizada por esta Portaria:<\/p>\n<p class=\"dou-paragraph\">I &#8211; destina-se a atenuar o impacto no desenvolvimento regular de cursos de p\u00f3s-gradua\u00e7\u00e3o para os bolsistas de mestrado e doutorado, em decorr\u00eancia do estado de calamidade p\u00fablica decretado no Rio Grande do Sul.<\/p>\n<p class=\"dou-paragraph\">II &#8211; n\u00e3o poder\u00e1 estender-se para al\u00e9m da data de titula\u00e7\u00e3o do benefici\u00e1rio.<\/p>\n<p class=\"dou-paragraph\">Art. 3\u00ba A prorroga\u00e7\u00e3o poder\u00e1 ser aplicada \u00e0s bolsas vigentes nos meses de abril ou maio de 2024, para os cursos localizados no Estado do Rio Grande do Sul, na data da publica\u00e7\u00e3o desta Portaria, desde que estejam ativas no Sistema de Controle de Bolsas e Aux\u00edlios (SCBA).<\/p>\n<p class=\"dou-paragraph\">Art. 4\u00ba A decis\u00e3o sobre a prorroga\u00e7\u00e3o das bolsas cabe \u00e0 Institui\u00e7\u00e3o de Ensino, Coordena\u00e7\u00e3o de Curso ou inst\u00e2ncia similar, observando os princ\u00edpios da pol\u00edtica p\u00fablica de fomento definida pela Funda\u00e7\u00e3o.<\/p>\n<p class=\"dou-paragraph\">Par\u00e1grafo \u00fanico. A prorroga\u00e7\u00e3o, que por ventura seja concedida, dever\u00e1 ser registrada at\u00e9 a data de fechamento do SCBA em dezembro de 2024.<\/p>\n<p class=\"dou-paragraph\">Art. 5\u00ba As bolsas prorrogadas continuar\u00e3o ocupando cota, n\u00e3o sendo admitidos cadastramentos concomitantes ou que fa\u00e7am extrapolar a concess\u00e3o do curso ou do projeto.<\/p>\n<p class=\"dou-paragraph\">Art. 6\u00ba Os casos omissos ser\u00e3o resolvidos pela Diretoria de Programas e Bolsas no Pa\u00eds.<\/p>\n<p class=\"dou-paragraph\">Art. 7\u00ba Esta portaria entra em vigor na data de sua publica\u00e7\u00e3o.<\/p>\n<p class=\"assina\">DENISE PIRES DE CARVALHO<\/p>\n<\/div>\n<div class=\"informacao-conteudo-dou\">\n<p>&nbsp;<\/p>\n<\/div>\n","protected":false},"excerpt":{"rendered":"<p>PORTARIA CAPES N\u00ba 142, DE 10 DE MAIO DE 2024 Disp\u00f5e sobre a prorroga\u00e7\u00e3o excepcional dos prazos de vig\u00eancia de bolsas de mestrado e doutorado no pa\u00eds, concedidas aos Programas de P\u00f3s-Gradua\u00e7\u00e3o localizados no Estado do Rio Grande do Sul, no \u00e2mbito dos programas e acordos de compet\u00eancia da Diretoria de Programas e Bolsas no [&hellip;]<\/p>\n","protected":false},"author":592,"featured_media":0,"comment_status":"closed","ping_status":"closed","sticky":false,"template":"","format":"standard","meta":{"footnotes":""},"categories":[1],"tags":[],"class_list":["post-4040","post","type-post","status-publish","format-standard","hentry","category-noticias"],"jetpack_featured_media_url":"","_links":{"self":[{"href":"https:\/\/wp.ufpel.edu.br\/ppgef\/wp-json\/wp\/v2\/posts\/4040","targetHints":{"allow":["GET"]}}],"collection":[{"href":"https:\/\/wp.ufpel.edu.br\/ppgef\/wp-json\/wp\/v2\/posts"}],"about":[{"href":"https:\/\/wp.ufpel.edu.br\/ppgef\/wp-json\/wp\/v2\/types\/post"}],"author":[{"embeddable":true,"href":"https:\/\/wp.ufpel.edu.br\/ppgef\/wp-json\/wp\/v2\/users\/592"}],"replies":[{"embeddable":true,"href":"https:\/\/wp.ufpel.edu.br\/ppgef\/wp-json\/wp\/v2\/comments?post=4040"}],"version-history":[{"count":1,"href":"https:\/\/wp.ufpel.edu.br\/ppgef\/wp-json\/wp\/v2\/posts\/4040\/revisions"}],"predecessor-version":[{"id":4041,"href":"https:\/\/wp.ufpel.edu.br\/ppgef\/wp-json\/wp\/v2\/posts\/4040\/revisions\/4041"}],"wp:attachment":[{"href":"https:\/\/wp.ufpel.edu.br\/ppgef\/wp-json\/wp\/v2\/media?parent=4040"}],"wp:term":[{"taxonomy":"category","embeddable":true,"href":"https:\/\/wp.ufpel.edu.br\/ppgef\/wp-json\/wp\/v2\/categories?post=4040"},{"taxonomy":"post_tag","embeddable":true,"href":"https:\/\/wp.ufpel.edu.br\/ppgef\/wp-json\/wp\/v2\/tags?post=4040"}],"curies":[{"name":"wp","href":"https:\/\/api.w.org\/{rel}","templated":true}]}}