{"id":3949,"date":"2023-12-02T12:18:22","date_gmt":"2023-12-02T15:18:22","guid":{"rendered":"https:\/\/wp.ufpel.edu.br\/ppgef\/?p=3949"},"modified":"2023-12-02T12:18:22","modified_gmt":"2023-12-02T15:18:22","slug":"defesa-final-de-doutorado-cintia-ramos-nicoes","status":"publish","type":"post","link":"https:\/\/wp.ufpel.edu.br\/ppgef\/2023\/12\/02\/defesa-final-de-doutorado-cintia-ramos-nicoes\/","title":{"rendered":"Defesa Final de Doutorado \u2013 Cintia Ramos Nicoes"},"content":{"rendered":"<p>Tese: \u201cPr\u00e1ticas corporais, atividades f\u00edsicas e neoliberalismo: uma an\u00e1lise das a\u00e7\u00f5es do minist\u00e9rio da sa\u00fade no per\u00edodo de 2019 a 2021\u201d<\/p>\n<p><strong>Dia: 05\/12\/2023 \u2013 ter\u00e7a-feira \u00e0s 8h30min.<\/strong><\/p>\n<p>Banca: &#8211; Prof. Dr. Alan Goularte Knuth (orientador)<\/p>\n<p>&#8211; Profa. Dra. Silvana Goellner (PPGEF\/UFPel)<\/p>\n<p>&#8211; Profa. Dra. Marilia Velardi (PPG em Mudan\u00e7a Social e Participa\u00e7\u00e3o Pol\u00edtica \u2013 EACH\/USP)<\/p>\n<p>&#8211; Profa. Dra. Priscilla Antunes (Programa de P\u00f3s-Gradua\u00e7\u00e3o em Educa\u00e7\u00e3o F\u00edsica &#8211; UFG)<\/p>\n<p>&#8211; Prof. Dr. Luiz Carlos Rigo (Suplente \u2013 PPGEF\/ UFPel)<\/p>\n<p>Local: ESEF<\/p>\n","protected":false},"excerpt":{"rendered":"<p>Tese: \u201cPr\u00e1ticas corporais, atividades f\u00edsicas e neoliberalismo: uma an\u00e1lise das a\u00e7\u00f5es do minist\u00e9rio da sa\u00fade no per\u00edodo de 2019 a 2021\u201d Dia: 05\/12\/2023 \u2013 ter\u00e7a-feira \u00e0s 8h30min. Banca: &#8211; Prof. Dr. Alan Goularte Knuth (orientador) &#8211; Profa. Dra. Silvana Goellner (PPGEF\/UFPel) &#8211; Profa. Dra. Marilia Velardi (PPG em Mudan\u00e7a Social e Participa\u00e7\u00e3o Pol\u00edtica \u2013 EACH\/USP) [&hellip;]<\/p>\n","protected":false},"author":592,"featured_media":0,"comment_status":"closed","ping_status":"closed","sticky":false,"template":"","format":"standard","meta":{"footnotes":""},"categories":[1],"tags":[],"class_list":["post-3949","post","type-post","status-publish","format-standard","hentry","category-noticias"],"jetpack_featured_media_url":"","_links":{"self":[{"href":"https:\/\/wp.ufpel.edu.br\/ppgef\/wp-json\/wp\/v2\/posts\/3949","targetHints":{"allow":["GET"]}}],"collection":[{"href":"https:\/\/wp.ufpel.edu.br\/ppgef\/wp-json\/wp\/v2\/posts"}],"about":[{"href":"https:\/\/wp.ufpel.edu.br\/ppgef\/wp-json\/wp\/v2\/types\/post"}],"author":[{"embeddable":true,"href":"https:\/\/wp.ufpel.edu.br\/ppgef\/wp-json\/wp\/v2\/users\/592"}],"replies":[{"embeddable":true,"href":"https:\/\/wp.ufpel.edu.br\/ppgef\/wp-json\/wp\/v2\/comments?post=3949"}],"version-history":[{"count":1,"href":"https:\/\/wp.ufpel.edu.br\/ppgef\/wp-json\/wp\/v2\/posts\/3949\/revisions"}],"predecessor-version":[{"id":3950,"href":"https:\/\/wp.ufpel.edu.br\/ppgef\/wp-json\/wp\/v2\/posts\/3949\/revisions\/3950"}],"wp:attachment":[{"href":"https:\/\/wp.ufpel.edu.br\/ppgef\/wp-json\/wp\/v2\/media?parent=3949"}],"wp:term":[{"taxonomy":"category","embeddable":true,"href":"https:\/\/wp.ufpel.edu.br\/ppgef\/wp-json\/wp\/v2\/categories?post=3949"},{"taxonomy":"post_tag","embeddable":true,"href":"https:\/\/wp.ufpel.edu.br\/ppgef\/wp-json\/wp\/v2\/tags?post=3949"}],"curies":[{"name":"wp","href":"https:\/\/api.w.org\/{rel}","templated":true}]}}