{"id":3556,"date":"2023-05-18T17:10:47","date_gmt":"2023-05-18T20:10:47","guid":{"rendered":"https:\/\/wp.ufpel.edu.br\/ppgef\/?p=3556"},"modified":"2023-07-14T17:39:28","modified_gmt":"2023-07-14T20:39:28","slug":"3556","status":"publish","type":"post","link":"https:\/\/wp.ufpel.edu.br\/ppgef\/2023\/05\/18\/3556\/","title":{"rendered":"Edital de Sele\u00e7\u00e3o para Aluno Regular de Mestrado e Doutorado do PPG em Educa\u00e7\u00e3o F\u00edsica \u2013 Segundo semestre de 2023"},"content":{"rendered":"<p>As inscri\u00e7\u00f5es ao Exame de Sele\u00e7\u00e3o para estudante regular nos cursos de MESTRADO e DOUTORADO do Programa de P\u00f3s-Gradua\u00e7\u00e3o em Educa\u00e7\u00e3o F\u00edsica (PPGEF) da UFPel estar\u00e3o abertas no per\u00edodo de<strong> 01 a 12 de junho de 2023<\/strong>, via Secretaria do Programa, por meio do envio dos documentos necess\u00e1rios para o e-mail exclusivo destinado aos processos seletivos, <strong>selecao.ppgef@gmail.com<\/strong><\/p>\n<p>&nbsp;<\/p>\n<p><strong>LEIA ATENTAMENTE TODO O EDITAL POIS A FALTA DE DOCUMENTA\u00c7\u00c3O E\/OU DOCUMENTA\u00c7\u00c3O INCOMPLETA IMPLICAR\u00c1 NA N\u00c3O HOMOLOGA\u00c7\u00c3O DA INSCRI\u00c7\u00c3O.<\/strong><\/p>\n<p>&nbsp;<\/p>\n<p>Para acessar o EDITAL e seus\u00a0 ANEXOS clique nos links abaixo:<\/p>\n<p><a href=\"https:\/\/wp.ufpel.edu.br\/ppgef\/files\/2023\/05\/SEI_UFPel-2207179-Edital-de-Retificacao-PRPPG.pdf\">Edital de Retifica\u00e7\u00e3o<\/a> &#8211; vagas Comportamento Motor<\/p>\n<p><a href=\"https:\/\/wp.ufpel.edu.br\/ppgef\/files\/2023\/05\/Edital-de-selecao-PPGEF-UFPEL-2023.pdf\" target=\"_blank\" rel=\"noopener\">Edital de sele\u00e7\u00e3o PPGEF UFPEL 2023<\/a><\/p>\n<p><a href=\"https:\/\/wp.ufpel.edu.br\/ppgef\/files\/2023\/05\/Formulario-1-Requerimento-de-Inscricao-1.doc\" target=\"_blank\" rel=\"noopener\">Requerimento de Inscri\u00e7\u00e3o<\/a><\/p>\n<p><a href=\"https:\/\/wp.ufpel.edu.br\/ppgef\/files\/2023\/05\/Planilha-avaliacao-curriculo-proc-seletivo-2023.xlsx\">Planilha de avalia\u00e7\u00e3o curr\u00edculo processo seletivo 2023<\/a><\/p>\n<p><a href=\"https:\/\/wp.ufpel.edu.br\/ppgef\/files\/2023\/05\/Formulario-Autodeclaracao-Identidade-de-Genero.pdf\" target=\"_blank\" rel=\"noopener\">Formul\u00e1rio Autodeclara\u00e7\u00e3o &#8211; Identidade de G\u00eanero<\/a><\/p>\n<p><a href=\"https:\/\/wp.ufpel.edu.br\/ppgef\/files\/2023\/05\/Formulario-Autodeclaracao-Etnico-racialL.pdf\" target=\"_blank\" rel=\"noopener\">Formul\u00e1rio Autodeclara\u00e7\u00e3o &#8211; \u00c9tnico-racial<\/a><\/p>\n<p>&nbsp;<\/p>\n<p><strong>RESULTADOS DA SELE\u00c7\u00c3O<\/strong>:<\/p>\n<p>&#8211; <a href=\"https:\/\/wp.ufpel.edu.br\/ppgef\/files\/2023\/05\/HOMOLOGACAO-DE-INSCRICOES-\u2013-EDITAL-PPGEF-2023.docx-2.pdf\">PR\u00c9-HOMOLOGA\u00c7\u00c3O DAS INSCRI\u00c7\u00d5ES<\/a>\u00a0 (15\/06\/2023 \u00e0s 17h05min &#8211; atualizado 17\/06 \u00e0s 12h)<\/p>\n<p>&#8211; <a href=\"https:\/\/wp.ufpel.edu.br\/ppgef\/files\/2023\/05\/HOMOLOGACAO-DE-INSCRICOES-\u2013-EDITAL-PPGEF-2023.docx-2-2.pdf\">HOMOLOGA\u00c7\u00c3O DAS INSCRI\u00c7\u00d5ES<\/a> (19\/06\/2023)<\/p>\n<p>&#8211; <a href=\"https:\/\/wp.ufpel.edu.br\/ppgef\/files\/2023\/05\/Resultado-dos-projetos-e-link-entrevistas.docx.pdf\">NOTA DOS PROJETOS (Primeira Fase) + DATA, HOR\u00c1RIO E LINK PARA ENTREVISTAS<\/a> (20\/06 \u00e0s 19h18min)<\/p>\n<p>&#8211; <a href=\"https:\/\/wp.ufpel.edu.br\/ppgef\/files\/2023\/05\/Resultado_Final_Mestrado_e_Doutorado_2023_.pdf\">RESULTADO FINAL SELE\u00c7\u00c3O MESTRADO\/DOUTORADO 2023<\/a><\/p>\n<p>&#8211; <a href=\"https:\/\/wp.ufpel.edu.br\/ppgef\/files\/2023\/05\/Resultado_Final_Mestrado_e_Doutorado_2023_-pos-recursos.pdf\">RESULTADO FINAL SELE\u00c7\u00c3O MESTRADO\/DOUTORADO 2023 &#8211; P\u00d3S <\/a> <a href=\"https:\/\/wp.ufpel.edu.br\/ppgef\/files\/2023\/05\/Resultado_Final_Mestrado_e_Doutorado_2023_-pos-recursos-1.pdf\">RECURSOS<\/a><\/p>\n<p>&nbsp;<\/p>\n<p>Banca de heteroidentifica\u00e7\u00e3o &#8211; designada pelo N\u00facleo de A\u00e7\u00f5es Afirmativas e Diversidade (NUAAD): No Edital as entrevistas estavam previstas para ocorrer no dia 10\/07\/2023, por\u00e9m foram adiadas para o dia 21\/08\/2023 (no turno da manh\u00e3). Local e cronograma de hor\u00e1rios ser\u00e3o informados no dia 16\/08\/2023.<\/p>\n<p>&nbsp;<\/p>\n<p><strong>FIQUE ATENTO:<\/strong> em breve enviaremos informa\u00e7\u00f5es sobre a realiza\u00e7\u00e3o das matr\u00edculas.<\/p>\n<p>In\u00edcio das aulas: 07\/08\/2023.<\/p>\n<p>&nbsp;<\/p>\n<p>Grade de <a href=\"https:\/\/wp.ufpel.edu.br\/ppgef\/files\/2023\/05\/HORARIOS-DAS-DISCIPLINAS-2023-2.pdf\">HOR\u00c1RIOS DAS DISCIPLINAS de 2023\/2<\/a><\/p>\n","protected":false},"excerpt":{"rendered":"<p>As inscri\u00e7\u00f5es ao Exame de Sele\u00e7\u00e3o para estudante regular nos cursos de MESTRADO e DOUTORADO do Programa de P\u00f3s-Gradua\u00e7\u00e3o em Educa\u00e7\u00e3o F\u00edsica (PPGEF) da UFPel estar\u00e3o abertas no per\u00edodo de 01 a 12 de junho de 2023, via Secretaria do Programa, por meio do envio dos documentos necess\u00e1rios para o e-mail exclusivo destinado aos processos [&hellip;]<\/p>\n","protected":false},"author":592,"featured_media":0,"comment_status":"closed","ping_status":"closed","sticky":false,"template":"","format":"standard","meta":{"footnotes":""},"categories":[1],"tags":[],"class_list":["post-3556","post","type-post","status-publish","format-standard","hentry","category-noticias"],"jetpack_featured_media_url":"","_links":{"self":[{"href":"https:\/\/wp.ufpel.edu.br\/ppgef\/wp-json\/wp\/v2\/posts\/3556","targetHints":{"allow":["GET"]}}],"collection":[{"href":"https:\/\/wp.ufpel.edu.br\/ppgef\/wp-json\/wp\/v2\/posts"}],"about":[{"href":"https:\/\/wp.ufpel.edu.br\/ppgef\/wp-json\/wp\/v2\/types\/post"}],"author":[{"embeddable":true,"href":"https:\/\/wp.ufpel.edu.br\/ppgef\/wp-json\/wp\/v2\/users\/592"}],"replies":[{"embeddable":true,"href":"https:\/\/wp.ufpel.edu.br\/ppgef\/wp-json\/wp\/v2\/comments?post=3556"}],"version-history":[{"count":28,"href":"https:\/\/wp.ufpel.edu.br\/ppgef\/wp-json\/wp\/v2\/posts\/3556\/revisions"}],"predecessor-version":[{"id":3755,"href":"https:\/\/wp.ufpel.edu.br\/ppgef\/wp-json\/wp\/v2\/posts\/3556\/revisions\/3755"}],"wp:attachment":[{"href":"https:\/\/wp.ufpel.edu.br\/ppgef\/wp-json\/wp\/v2\/media?parent=3556"}],"wp:term":[{"taxonomy":"category","embeddable":true,"href":"https:\/\/wp.ufpel.edu.br\/ppgef\/wp-json\/wp\/v2\/categories?post=3556"},{"taxonomy":"post_tag","embeddable":true,"href":"https:\/\/wp.ufpel.edu.br\/ppgef\/wp-json\/wp\/v2\/tags?post=3556"}],"curies":[{"name":"wp","href":"https:\/\/api.w.org\/{rel}","templated":true}]}}