{"id":3465,"date":"2023-05-02T11:44:02","date_gmt":"2023-05-02T14:44:02","guid":{"rendered":"https:\/\/wp.ufpel.edu.br\/ppgef\/?p=3465"},"modified":"2024-10-09T16:27:15","modified_gmt":"2024-10-09T19:27:15","slug":"exposicao-rainhas-de-copas","status":"publish","type":"post","link":"https:\/\/wp.ufpel.edu.br\/ppgef\/2023\/05\/02\/exposicao-rainhas-de-copas\/","title":{"rendered":"Exposi\u00e7\u00e3o Rainhas de Copas"},"content":{"rendered":"<p><a href=\"https:\/\/wp.ufpel.edu.br\/ppgef\/files\/2023\/05\/rainhas1.jpeg\"><img class=\"wp-image-3466 aligncenter\" src=\"https:\/\/wp.ufpel.edu.br\/ppgef\/files\/2023\/05\/rainhas1-400x400.jpeg\" alt=\"\" width=\"206\" height=\"206\" srcset=\"https:\/\/wp.ufpel.edu.br\/ppgef\/files\/2023\/05\/rainhas1-400x400.jpeg 400w, https:\/\/wp.ufpel.edu.br\/ppgef\/files\/2023\/05\/rainhas1-1024x1024.jpeg 1024w, https:\/\/wp.ufpel.edu.br\/ppgef\/files\/2023\/05\/rainhas1-200x200.jpeg 200w, https:\/\/wp.ufpel.edu.br\/ppgef\/files\/2023\/05\/rainhas1-768x768.jpeg 768w, https:\/\/wp.ufpel.edu.br\/ppgef\/files\/2023\/05\/rainhas1.jpeg 1059w\" sizes=\"(max-width: 206px) 100vw, 206px\" \/><\/a><\/p>\n<p>A exposi\u00e7\u00e3o <strong>Rainhas de Copas<\/strong> est\u00e1 aberta \u00e0 visita\u00e7\u00e3o no Museu do Futebol, em S\u00e3o Paulo, at\u00e9 o dia 25 de agosto e tem como uma de suas curadoras a professora Silvana Goellner, que desde fevereiro est\u00e1 vinculada ao nosso programa.\u00a0 A exposi\u00e7\u00e3o reconstr\u00f3i hist\u00f3rias de todas as edi\u00e7\u00f5es da Copa do Mundo de Futebol Feminino assim como o Torneio Experimental da China, o primeiro organizado pela FIFA em 1988.<\/p>\n","protected":false},"excerpt":{"rendered":"<p>A exposi\u00e7\u00e3o Rainhas de Copas est\u00e1 aberta \u00e0 visita\u00e7\u00e3o no Museu do Futebol, em S\u00e3o Paulo, at\u00e9 o dia 25 de agosto e tem como uma de suas curadoras a professora Silvana Goellner, que desde fevereiro est\u00e1 vinculada ao nosso programa.\u00a0 A exposi\u00e7\u00e3o reconstr\u00f3i hist\u00f3rias de todas as edi\u00e7\u00f5es da Copa do Mundo de Futebol [&hellip;]<\/p>\n","protected":false},"author":592,"featured_media":0,"comment_status":"closed","ping_status":"closed","sticky":false,"template":"","format":"standard","meta":{"footnotes":""},"categories":[1],"tags":[],"class_list":["post-3465","post","type-post","status-publish","format-standard","hentry","category-noticias"],"jetpack_featured_media_url":"","_links":{"self":[{"href":"https:\/\/wp.ufpel.edu.br\/ppgef\/wp-json\/wp\/v2\/posts\/3465","targetHints":{"allow":["GET"]}}],"collection":[{"href":"https:\/\/wp.ufpel.edu.br\/ppgef\/wp-json\/wp\/v2\/posts"}],"about":[{"href":"https:\/\/wp.ufpel.edu.br\/ppgef\/wp-json\/wp\/v2\/types\/post"}],"author":[{"embeddable":true,"href":"https:\/\/wp.ufpel.edu.br\/ppgef\/wp-json\/wp\/v2\/users\/592"}],"replies":[{"embeddable":true,"href":"https:\/\/wp.ufpel.edu.br\/ppgef\/wp-json\/wp\/v2\/comments?post=3465"}],"version-history":[{"count":3,"href":"https:\/\/wp.ufpel.edu.br\/ppgef\/wp-json\/wp\/v2\/posts\/3465\/revisions"}],"predecessor-version":[{"id":3469,"href":"https:\/\/wp.ufpel.edu.br\/ppgef\/wp-json\/wp\/v2\/posts\/3465\/revisions\/3469"}],"wp:attachment":[{"href":"https:\/\/wp.ufpel.edu.br\/ppgef\/wp-json\/wp\/v2\/media?parent=3465"}],"wp:term":[{"taxonomy":"category","embeddable":true,"href":"https:\/\/wp.ufpel.edu.br\/ppgef\/wp-json\/wp\/v2\/categories?post=3465"},{"taxonomy":"post_tag","embeddable":true,"href":"https:\/\/wp.ufpel.edu.br\/ppgef\/wp-json\/wp\/v2\/tags?post=3465"}],"curies":[{"name":"wp","href":"https:\/\/api.w.org\/{rel}","templated":true}]}}