{"id":3409,"date":"2023-03-07T14:19:11","date_gmt":"2023-03-07T17:19:11","guid":{"rendered":"https:\/\/wp.ufpel.edu.br\/ppgef\/?p=3409"},"modified":"2023-05-03T14:53:37","modified_gmt":"2023-05-03T17:53:37","slug":"professor-marlos-domingues-do-programa-de-pos-graduacao-em-educacao-fisica-da-ufpel-e-contemplado-com-bolsa-de-produtividade-em-pesquisa-do-cnpq","status":"publish","type":"post","link":"https:\/\/wp.ufpel.edu.br\/ppgef\/2023\/03\/07\/professor-marlos-domingues-do-programa-de-pos-graduacao-em-educacao-fisica-da-ufpel-e-contemplado-com-bolsa-de-produtividade-em-pesquisa-do-cnpq\/","title":{"rendered":"Professor Marlos Domingues \u00e9 contemplado com bolsa de Produtividade em Pesquisa do CNPQ."},"content":{"rendered":"<p><a href=\"https:\/\/wp.ufpel.edu.br\/ppgef\/files\/2023\/03\/PHOTO-2023-03-07-17-11-27.jpg\"><img class=\"alignleft wp-image-3414\" src=\"https:\/\/wp.ufpel.edu.br\/ppgef\/files\/2023\/03\/PHOTO-2023-03-07-17-11-27-279x400.jpg\" alt=\"\" width=\"190\" height=\"273\" srcset=\"https:\/\/wp.ufpel.edu.br\/ppgef\/files\/2023\/03\/PHOTO-2023-03-07-17-11-27-279x400.jpg 279w, https:\/\/wp.ufpel.edu.br\/ppgef\/files\/2023\/03\/PHOTO-2023-03-07-17-11-27-714x1024.jpg 714w, https:\/\/wp.ufpel.edu.br\/ppgef\/files\/2023\/03\/PHOTO-2023-03-07-17-11-27-768x1101.jpg 768w, https:\/\/wp.ufpel.edu.br\/ppgef\/files\/2023\/03\/PHOTO-2023-03-07-17-11-27.jpg 908w\" sizes=\"(max-width: 190px) 100vw, 190px\" \/><\/a><span style=\"font-family: Times New Roman, serif;\"><span style=\"font-size: medium;\"><span style=\"color: #000000;\"> O Prof. Dr. Marlos Rodrigues Domingues, professor Associado da UFPEL dos cursos de Educa\u00e7\u00e3o F\u00edsica e Fisioterapia e docente permanente do PPGEF foi contemplado com uma Bolsa de Produtividade em Pesquisa do CNPQ, com o projeto &#8220;Preditores da atividade f\u00edsica nos primeiros anos de vida: Coorte de nascimentos de Pelotas, 2015&#8221;. Trabalho realizado dentro do Projeto &#8220;Coorte de Nascimentos de Pelotas 2015&#8221;, do qual \u00e9 um dos coordenadores. A bolsa tem vig\u00eancia de mar\u00e7o de 2023 a fevereiro de 2026.<\/span><\/span><\/span><\/p>\n<p align=\"justify\"><span style=\"color: #000000;\">\u00a0<\/span><span style=\"font-family: Times New Roman, serif;\"><span style=\"font-size: medium;\"><span style=\"color: #000000;\">O Projeto da Coorte tem o objetivo de estudar a sa\u00fade materno-infantil de mais de 4 mil crian\u00e7as nascidas no ano de 2015 e vem acompanhando suas m\u00e3es desde a gesta\u00e7\u00e3o, com coletas de dados peri\u00f3dicas. Dessa forma busca-se avaliar os impactos que comportamentos e caracter\u00edsticas, tanto maternas quanto neonatais e infantis possam ter sobre a sa\u00fade ao longo da vida. Mais especificamente, o objetivo deste estudo submetido para o Edital de bolsista \u00e9 produzir artigos que descrevam os padr\u00f5es de atividade f\u00edsica nos primeiros anos de vida de crian\u00e7as pertencentes \u00e0 Coorte de nascimento 2015, verificando poss\u00edveis associa\u00e7\u00f5es com fatores sociodemogr\u00e1ficos, perinatais, maternos e de aten\u00e7\u00e3o e cuidado \u00e0 crian\u00e7a.<\/span><\/span><\/span><\/p>\n<p align=\"justify\"><span style=\"color: #000000;\">\u00a0<\/span><span style=\"font-family: Times New Roman, serif;\"><span style=\"font-size: medium;\"><span style=\"color: #000000;\">O projeto da coorte como um todo \u00e9 desenvolvido juntamente com os demais coordenadores da pesquisa, professores Pedro Curi Hallal, Mari\u00e2ngela da Silveira, Joseph Murray e Andr\u00e9a D\u00e2maso. Al\u00e9m disso, para desenvolvimento das tarefas de campo e produ\u00e7\u00e3o cient\u00edfica dos artigos dentro deste tema, trabalham alunos de doutorado e egressos do PPGEF, como Luciana Tornquist e Debora Tornquist, pesquisadoras da \u00e1rea de comportamento materno e sa\u00fade materno-infantil com foco na atividade f\u00edsica ao longo do ciclo vital.<\/span><\/span><\/span><\/p>\n<p align=\"justify\"><span style=\"color: #000000;\">\u00a0<\/span><span style=\"font-family: Times New Roman, serif;\"><span style=\"font-size: medium;\"><span style=\"color: #000000;\">O professor destaca que essa \u00e1rea de pesquisa \u00e9 de extrema relev\u00e2ncia para a popula\u00e7\u00e3o, uma vez que a inatividade f\u00edsica \u00e9 considerada um problema de sa\u00fade p\u00fablica em todo o mundo e \u00e9 uma quest\u00e3o que precisa ser analisada desde a inf\u00e2ncia. \u201cDentro de um estudo de coorte temos a possibilidade de ver os comportamentos se moldando ao longo da vida e tentamos compreender quais caracter\u00edsticas levam \u00e0s mudan\u00e7as, isso enriquece o campo da pesquisa ao mesmo tempo em que auxilia no desenvolvimento de pol\u00edticas p\u00fablicas que possam ajudar a combater o problema\u201d. Um dos problemas der sa\u00fade que possivelmente a atividade f\u00edsica ajude a combater \u00e9 a crescente preval\u00eancia de obesidade, tanto entre as m\u00e3es pelotenses quanto entre as crian\u00e7as. Mais da metade das m\u00e3es deste estudo estavam numa situa\u00e7\u00e3o de sobrepeso\/obesidade ao engravidarem, ao passo que 40% das crian\u00e7as na idade de 6 anos j\u00e1 estavam com sobrepeso e 1 em cada 5 estava dentro da faixa de obesidade. Entender o estilo de vida dessas fam\u00edlias \u00e9 essencial para avan\u00e7ar positivamente nestes indicadores da sa\u00fade populacional e agir ainda no in\u00edcio da vida, antes que os problemas cr\u00f4nicos se instalem.<\/span><\/span><\/span><\/p>\n","protected":false},"excerpt":{"rendered":"<p>O Prof. Dr. Marlos Rodrigues Domingues, professor Associado da UFPEL dos cursos de Educa\u00e7\u00e3o F\u00edsica e Fisioterapia e docente permanente do PPGEF foi contemplado com uma Bolsa de Produtividade em Pesquisa do CNPQ, com o projeto &#8220;Preditores da atividade f\u00edsica nos primeiros anos de vida: Coorte de nascimentos de Pelotas, 2015&#8221;. Trabalho realizado dentro do [&hellip;]<\/p>\n","protected":false},"author":592,"featured_media":0,"comment_status":"closed","ping_status":"closed","sticky":false,"template":"","format":"standard","meta":{"footnotes":""},"categories":[1],"tags":[],"class_list":["post-3409","post","type-post","status-publish","format-standard","hentry","category-noticias"],"jetpack_featured_media_url":"","_links":{"self":[{"href":"https:\/\/wp.ufpel.edu.br\/ppgef\/wp-json\/wp\/v2\/posts\/3409","targetHints":{"allow":["GET"]}}],"collection":[{"href":"https:\/\/wp.ufpel.edu.br\/ppgef\/wp-json\/wp\/v2\/posts"}],"about":[{"href":"https:\/\/wp.ufpel.edu.br\/ppgef\/wp-json\/wp\/v2\/types\/post"}],"author":[{"embeddable":true,"href":"https:\/\/wp.ufpel.edu.br\/ppgef\/wp-json\/wp\/v2\/users\/592"}],"replies":[{"embeddable":true,"href":"https:\/\/wp.ufpel.edu.br\/ppgef\/wp-json\/wp\/v2\/comments?post=3409"}],"version-history":[{"count":5,"href":"https:\/\/wp.ufpel.edu.br\/ppgef\/wp-json\/wp\/v2\/posts\/3409\/revisions"}],"predecessor-version":[{"id":3473,"href":"https:\/\/wp.ufpel.edu.br\/ppgef\/wp-json\/wp\/v2\/posts\/3409\/revisions\/3473"}],"wp:attachment":[{"href":"https:\/\/wp.ufpel.edu.br\/ppgef\/wp-json\/wp\/v2\/media?parent=3409"}],"wp:term":[{"taxonomy":"category","embeddable":true,"href":"https:\/\/wp.ufpel.edu.br\/ppgef\/wp-json\/wp\/v2\/categories?post=3409"},{"taxonomy":"post_tag","embeddable":true,"href":"https:\/\/wp.ufpel.edu.br\/ppgef\/wp-json\/wp\/v2\/tags?post=3409"}],"curies":[{"name":"wp","href":"https:\/\/api.w.org\/{rel}","templated":true}]}}