{"id":3380,"date":"2023-02-17T17:39:14","date_gmt":"2023-02-17T20:39:14","guid":{"rendered":"https:\/\/wp.ufpel.edu.br\/ppgef\/?p=3380"},"modified":"2023-02-27T08:49:33","modified_gmt":"2023-02-27T11:49:33","slug":"edital-carrefour","status":"publish","type":"post","link":"https:\/\/wp.ufpel.edu.br\/ppgef\/2023\/02\/17\/edital-carrefour\/","title":{"rendered":"Edital Carrefour"},"content":{"rendered":"<p>O Programa de P\u00f3s-Gradua\u00e7\u00e3o em Educa\u00e7\u00e3o F\u00edsica (PPGEF) da Universidade Federal de Pelotas\u00a0torna p\u00fablico que est\u00e3o abertas as inscri\u00e7\u00f5es para sele\u00e7\u00e3o de\u00a0<strong>uma\u00a0cota\u00a0de bolsa\u00a0de mestrado<\/strong>\u00a0oriunda\u00a0do\u00a0EDITAL DE CHAMAMENTO P\u00daBLICO PARA A\u00c7\u00d5ES AFIRMATIVAS DE CONCESS\u00c3O DE BOLSAS DE ESTUDO E PERMAN\u00caNCIA PARA CURSOS DE GRADUA\u00c7\u00c3O E PROGRAMAS DE P\u00d3S-GRADUA\u00c7\u00c3O EM INSTITUI\u00c7\u00d5ES DE ENSINO P\u00daBLICAS E PRIVADAS 2022 (EDITAL CARREFOUR), com distribui\u00e7\u00e3o priorit\u00e1ria para alunos ingressantes via acesso afirmativo.<\/p>\n<p>Valor da bolsa:\u00a0 R$ 3.500,00\/m\u00eas (valor bruto, sujeito \u00e0 dedu\u00e7\u00e3o de eventuais impostos devidos)<\/p>\n<p>S\u00e3o eleg\u00edveis \u00e0\u00a0bolsa\u00a0de mestrado\u00a0<strong>alunas\/os negras\/os\u00a0<\/strong>em regime regular de matr\u00edcula entre o primeiro e o pen\u00faltimo semestre do curso de Mestrado do PPGEF.<\/p>\n<p>As inscri\u00e7\u00f5es ser\u00e3o feitas por meio do envio, pela\/o pr\u00f3pria\/o candidata\/o, da documenta\u00e7\u00e3o exigida para o correio eletr\u00f4nico selecao.ppgef@gmail.com em mensagem com o assunto \u201cINSCRI\u00c7\u00c3O \u2013 BOLSA CARREFOUR\u201d de 18 de fevereiro at\u00e9 \u00e0s 23h59 do dia 23 de fevereiro de 2023.<\/p>\n<p>Maiores informa\u00e7\u00f5es no <a href=\"https:\/\/wp.ufpel.edu.br\/ppgef\/files\/2023\/02\/Edital-Carrefour-n\u00b0-57.pdf\">Edital Carrefour n\u00b0 57<\/a><\/p>\n<p><a href=\"https:\/\/wp.ufpel.edu.br\/ppgef\/files\/2023\/02\/Anexo-I-\u2013-Formulario-de-inscricao.pdf\">Anexo I \u2013 Formul\u00e1rio de inscri\u00e7\u00e3o<\/a><\/p>\n<p><a href=\"https:\/\/wp.ufpel.edu.br\/ppgef\/files\/2023\/02\/Anexo-II-Termo-de-Compromisso-apenas-para-estudantes-selecionados-ao-final-do-certame.pdf\">Anexo II &#8211; Termo de Compromisso (apenas para estudantes selecionados ao final do certame)<\/a><\/p>\n<p><a href=\"https:\/\/wp.ufpel.edu.br\/ppgef\/files\/2023\/02\/Anexo-III-\u2013-Declaracao-de-Etnia.pdf\">Anexo III \u2013 Declara\u00e7\u00e3o de Etnia<\/a><\/p>\n<p><a href=\"https:\/\/wp.ufpel.edu.br\/ppgef\/files\/2023\/02\/Anexo-IV-Declaracao-de-Vulnerbilidade-Social.pdf\">Anexo IV &#8211; Declara\u00e7\u00e3o de Vulnerabilidade Social (documento opcional)<\/a><\/p>\n<p><a href=\"https:\/\/wp.ufpel.edu.br\/ppgef\/files\/2023\/02\/Anexo-V-Ficha-de-Selecao-de-Bolsistas-do-PPGEF.pdf\">Anexo V &#8211; Ficha de Sele\u00e7\u00e3o de Bolsistas do PPGEF<\/a><\/p>\n<p>&nbsp;<\/p>\n<p><strong>Inscri\u00e7\u00f5es homologadas<\/strong><\/p>\n<table>\n<tbody>\n<tr>\n<td width=\"283\"><strong>CANDIDATO<\/strong><\/td>\n<td width=\"283\"><strong>SITUA\u00c7\u00c3O<\/strong><\/td>\n<\/tr>\n<tr>\n<td width=\"283\">1. Igor Andre\u0301 Correa Silveira<\/td>\n<td width=\"283\">Homologada<\/td>\n<\/tr>\n<tr>\n<td width=\"283\">2. Lauren Silva Costa<\/td>\n<td width=\"283\">N\u00e3o homologada*<\/td>\n<\/tr>\n<\/tbody>\n<\/table>\n<p><span style=\"font-size: 9.0pt; font-family: 'NimbusRomNo9L','serif';\">* N\u00e3o atende ao crit\u00e9rio de sele\u00e7\u00e3o relacionado <\/span><span style=\"font-size: 9.0pt; font-family: 'NimbusSanL','serif';\">regime regular de matri\u0301cula entre o primeiro e o penu\u0301ltimo semestre do curso de Mestrado do PPGEF.<\/span><\/p>\n<p>&nbsp;<\/p>\n<p><a href=\"https:\/\/wp.ufpel.edu.br\/ppgef\/files\/2023\/02\/Homologac\u0327a\u0303o-do-resultado.docx\">Homologac\u0327a\u0303o do Resultado<\/a><\/p>\n","protected":false},"excerpt":{"rendered":"<p>O Programa de P\u00f3s-Gradua\u00e7\u00e3o em Educa\u00e7\u00e3o F\u00edsica (PPGEF) da Universidade Federal de Pelotas\u00a0torna p\u00fablico que est\u00e3o abertas as inscri\u00e7\u00f5es para sele\u00e7\u00e3o de\u00a0uma\u00a0cota\u00a0de bolsa\u00a0de mestrado\u00a0oriunda\u00a0do\u00a0EDITAL DE CHAMAMENTO P\u00daBLICO PARA A\u00c7\u00d5ES AFIRMATIVAS DE CONCESS\u00c3O DE BOLSAS DE ESTUDO E PERMAN\u00caNCIA PARA CURSOS DE GRADUA\u00c7\u00c3O E PROGRAMAS DE P\u00d3S-GRADUA\u00c7\u00c3O EM INSTITUI\u00c7\u00d5ES DE ENSINO P\u00daBLICAS E PRIVADAS 2022 (EDITAL [&hellip;]<\/p>\n","protected":false},"author":592,"featured_media":0,"comment_status":"closed","ping_status":"closed","sticky":false,"template":"","format":"standard","meta":{"footnotes":""},"categories":[1],"tags":[],"class_list":["post-3380","post","type-post","status-publish","format-standard","hentry","category-noticias"],"jetpack_featured_media_url":"","_links":{"self":[{"href":"https:\/\/wp.ufpel.edu.br\/ppgef\/wp-json\/wp\/v2\/posts\/3380","targetHints":{"allow":["GET"]}}],"collection":[{"href":"https:\/\/wp.ufpel.edu.br\/ppgef\/wp-json\/wp\/v2\/posts"}],"about":[{"href":"https:\/\/wp.ufpel.edu.br\/ppgef\/wp-json\/wp\/v2\/types\/post"}],"author":[{"embeddable":true,"href":"https:\/\/wp.ufpel.edu.br\/ppgef\/wp-json\/wp\/v2\/users\/592"}],"replies":[{"embeddable":true,"href":"https:\/\/wp.ufpel.edu.br\/ppgef\/wp-json\/wp\/v2\/comments?post=3380"}],"version-history":[{"count":6,"href":"https:\/\/wp.ufpel.edu.br\/ppgef\/wp-json\/wp\/v2\/posts\/3380\/revisions"}],"predecessor-version":[{"id":3394,"href":"https:\/\/wp.ufpel.edu.br\/ppgef\/wp-json\/wp\/v2\/posts\/3380\/revisions\/3394"}],"wp:attachment":[{"href":"https:\/\/wp.ufpel.edu.br\/ppgef\/wp-json\/wp\/v2\/media?parent=3380"}],"wp:term":[{"taxonomy":"category","embeddable":true,"href":"https:\/\/wp.ufpel.edu.br\/ppgef\/wp-json\/wp\/v2\/categories?post=3380"},{"taxonomy":"post_tag","embeddable":true,"href":"https:\/\/wp.ufpel.edu.br\/ppgef\/wp-json\/wp\/v2\/tags?post=3380"}],"curies":[{"name":"wp","href":"https:\/\/api.w.org\/{rel}","templated":true}]}}