{"id":3361,"date":"2023-02-11T08:00:45","date_gmt":"2023-02-11T11:00:45","guid":{"rendered":"https:\/\/wp.ufpel.edu.br\/ppgef\/?p=3361"},"modified":"2023-02-09T16:16:40","modified_gmt":"2023-02-09T19:16:40","slug":"defesa-final-de-doutorado-debora-tornquist","status":"publish","type":"post","link":"https:\/\/wp.ufpel.edu.br\/ppgef\/2023\/02\/11\/defesa-final-de-doutorado-debora-tornquist\/","title":{"rendered":"Defesa Final de Doutorado \u2013 Debora Tornquist"},"content":{"rendered":"<p>Tese: \u201cTrajet\u00f3rias de atividade f\u00edsica nos primeiros anos de vida e seus determinantes e correlatos: estudo na Coorte de Nascimentos 2015 de Pelotas (RS)\u201d<\/p>\n<p>Dia: 14\/02\/ 2023- ter\u00e7a-feira \u00e0s 14:00h<\/p>\n<p>Banca: \u2013 Prof.\u00a0Dr. Marlos Rodrigues Domingues (Orientador)<br \/>\n\u2013 Profa. Dra. Bruna Gon\u00e7alves Cordeiro da Silva (Programa de P\u00f3s-Gradua\u00e7\u00e3o em Epidemiologia \u2013 UFPEL)<br \/>\n\u2013 Prof. Dr. Airton Jos\u00e9 Rombaldi (PPG Educa\u00e7\u00e3o F\u00edsica\/UFPEL)<br \/>\n\u2013 Prof. Dr. Marcelo Cozzensa da Silva\u00a0 (PPG Educa\u00e7\u00e3o F\u00edsica\/UFPEL)<br \/>\n\u2013 Prof. Dr. Felipe Fossati Reichert (Suplente \u2013 PPG Educa\u00e7\u00e3o F\u00edsica\/UFPEL)<\/p>\n","protected":false},"excerpt":{"rendered":"<p>Tese: \u201cTrajet\u00f3rias de atividade f\u00edsica nos primeiros anos de vida e seus determinantes e correlatos: estudo na Coorte de Nascimentos 2015 de Pelotas (RS)\u201d Dia: 14\/02\/ 2023- ter\u00e7a-feira \u00e0s 14:00h Banca: \u2013 Prof.\u00a0Dr. Marlos Rodrigues Domingues (Orientador) \u2013 Profa. Dra. Bruna Gon\u00e7alves Cordeiro da Silva (Programa de P\u00f3s-Gradua\u00e7\u00e3o em Epidemiologia \u2013 UFPEL) \u2013 Prof. Dr. [&hellip;]<\/p>\n","protected":false},"author":592,"featured_media":0,"comment_status":"closed","ping_status":"closed","sticky":false,"template":"","format":"standard","meta":{"footnotes":""},"categories":[1],"tags":[],"class_list":["post-3361","post","type-post","status-publish","format-standard","hentry","category-noticias"],"jetpack_featured_media_url":"","_links":{"self":[{"href":"https:\/\/wp.ufpel.edu.br\/ppgef\/wp-json\/wp\/v2\/posts\/3361","targetHints":{"allow":["GET"]}}],"collection":[{"href":"https:\/\/wp.ufpel.edu.br\/ppgef\/wp-json\/wp\/v2\/posts"}],"about":[{"href":"https:\/\/wp.ufpel.edu.br\/ppgef\/wp-json\/wp\/v2\/types\/post"}],"author":[{"embeddable":true,"href":"https:\/\/wp.ufpel.edu.br\/ppgef\/wp-json\/wp\/v2\/users\/592"}],"replies":[{"embeddable":true,"href":"https:\/\/wp.ufpel.edu.br\/ppgef\/wp-json\/wp\/v2\/comments?post=3361"}],"version-history":[{"count":1,"href":"https:\/\/wp.ufpel.edu.br\/ppgef\/wp-json\/wp\/v2\/posts\/3361\/revisions"}],"predecessor-version":[{"id":3362,"href":"https:\/\/wp.ufpel.edu.br\/ppgef\/wp-json\/wp\/v2\/posts\/3361\/revisions\/3362"}],"wp:attachment":[{"href":"https:\/\/wp.ufpel.edu.br\/ppgef\/wp-json\/wp\/v2\/media?parent=3361"}],"wp:term":[{"taxonomy":"category","embeddable":true,"href":"https:\/\/wp.ufpel.edu.br\/ppgef\/wp-json\/wp\/v2\/categories?post=3361"},{"taxonomy":"post_tag","embeddable":true,"href":"https:\/\/wp.ufpel.edu.br\/ppgef\/wp-json\/wp\/v2\/tags?post=3361"}],"curies":[{"name":"wp","href":"https:\/\/api.w.org\/{rel}","templated":true}]}}