{"id":3336,"date":"2023-01-23T08:00:11","date_gmt":"2023-01-23T11:00:11","guid":{"rendered":"https:\/\/wp.ufpel.edu.br\/ppgef\/?p=3336"},"modified":"2023-01-05T19:11:33","modified_gmt":"2023-01-05T22:11:33","slug":"defesa-final-de-doutorado-luana-siqueira-andrade","status":"publish","type":"post","link":"https:\/\/wp.ufpel.edu.br\/ppgef\/2023\/01\/23\/defesa-final-de-doutorado-luana-siqueira-andrade\/","title":{"rendered":"Defesa Final de Doutorado &#8211; Luana Siqueira Andrade"},"content":{"rendered":"<p>Tese: \u201cTreinamento aer\u00f3bio no meio aqu\u00e1tico: par\u00e2metros de intensidade e efeitos cr\u00f4nicos na aptid\u00e3o f\u00edsica de adultos e idosos\u201d<\/p>\n<p>Dia: 30\/01\/ 2023- segunda-feira \u00e0s 14:00h<\/p>\n<p>Banca: &#8211; Profa. Dra. Cristine Lima Alberton (orientadora)<br \/>\n&#8211; Profa. Dra. Ana Carolina Kanitz (PPG Ci\u00eancias do Movimento Humano\/UFRGS)<br \/>\n&#8211; Prof. Dr. Rodrigo Sudatti Delevatti (PPG Educa\u00e7\u00e3o F\u00edsica\/UFSC)<br \/>\n&#8211; Profa. Dra. Stephanie Santana Pinto (PPG Educa\u00e7\u00e3o F\u00edsica\/UFPEL)<br \/>\n&#8211; Prof. Dr. Gabriel Gustavo Bergman (Suplente \u2013 PPG Educa\u00e7\u00e3o F\u00edsica\/UFPEL)<\/p>\n","protected":false},"excerpt":{"rendered":"<p>Tese: \u201cTreinamento aer\u00f3bio no meio aqu\u00e1tico: par\u00e2metros de intensidade e efeitos cr\u00f4nicos na aptid\u00e3o f\u00edsica de adultos e idosos\u201d Dia: 30\/01\/ 2023- segunda-feira \u00e0s 14:00h Banca: &#8211; Profa. Dra. Cristine Lima Alberton (orientadora) &#8211; Profa. Dra. Ana Carolina Kanitz (PPG Ci\u00eancias do Movimento Humano\/UFRGS) &#8211; Prof. Dr. Rodrigo Sudatti Delevatti (PPG Educa\u00e7\u00e3o F\u00edsica\/UFSC) &#8211; Profa. [&hellip;]<\/p>\n","protected":false},"author":592,"featured_media":0,"comment_status":"closed","ping_status":"closed","sticky":false,"template":"","format":"standard","meta":{"footnotes":""},"categories":[1],"tags":[],"class_list":["post-3336","post","type-post","status-publish","format-standard","hentry","category-noticias"],"jetpack_featured_media_url":"","_links":{"self":[{"href":"https:\/\/wp.ufpel.edu.br\/ppgef\/wp-json\/wp\/v2\/posts\/3336","targetHints":{"allow":["GET"]}}],"collection":[{"href":"https:\/\/wp.ufpel.edu.br\/ppgef\/wp-json\/wp\/v2\/posts"}],"about":[{"href":"https:\/\/wp.ufpel.edu.br\/ppgef\/wp-json\/wp\/v2\/types\/post"}],"author":[{"embeddable":true,"href":"https:\/\/wp.ufpel.edu.br\/ppgef\/wp-json\/wp\/v2\/users\/592"}],"replies":[{"embeddable":true,"href":"https:\/\/wp.ufpel.edu.br\/ppgef\/wp-json\/wp\/v2\/comments?post=3336"}],"version-history":[{"count":1,"href":"https:\/\/wp.ufpel.edu.br\/ppgef\/wp-json\/wp\/v2\/posts\/3336\/revisions"}],"predecessor-version":[{"id":3337,"href":"https:\/\/wp.ufpel.edu.br\/ppgef\/wp-json\/wp\/v2\/posts\/3336\/revisions\/3337"}],"wp:attachment":[{"href":"https:\/\/wp.ufpel.edu.br\/ppgef\/wp-json\/wp\/v2\/media?parent=3336"}],"wp:term":[{"taxonomy":"category","embeddable":true,"href":"https:\/\/wp.ufpel.edu.br\/ppgef\/wp-json\/wp\/v2\/categories?post=3336"},{"taxonomy":"post_tag","embeddable":true,"href":"https:\/\/wp.ufpel.edu.br\/ppgef\/wp-json\/wp\/v2\/tags?post=3336"}],"curies":[{"name":"wp","href":"https:\/\/api.w.org\/{rel}","templated":true}]}}