{"id":3327,"date":"2022-12-14T10:06:44","date_gmt":"2022-12-14T13:06:44","guid":{"rendered":"https:\/\/wp.ufpel.edu.br\/ppgef\/?p=3327"},"modified":"2022-12-14T10:09:24","modified_gmt":"2022-12-14T13:09:24","slug":"defesa-final-de-doutorado-camila-borges-muller","status":"publish","type":"post","link":"https:\/\/wp.ufpel.edu.br\/ppgef\/2022\/12\/14\/defesa-final-de-doutorado-camila-borges-muller\/","title":{"rendered":"Defesa Final de Doutorado &#8211; Camila Borges M\u00fcller"},"content":{"rendered":"<p>Tese: \u201cDesenvolvimento de jovens atletas de rugby feminino: uma abordagem multidimensional\u201d.<\/p>\n<p>Dia: 15\/12\/2022 \u00e0s 14h &#8211; na ESEF e na plataforma Zoom, no link <a href=\"https:\/\/us02web.zoom.us\/j\/85963558471\" target=\"_blank\" rel=\"noopener\" data-saferedirecturl=\"https:\/\/www.google.com\/url?q=https:\/\/us02web.zoom.us\/j\/85963558471&amp;source=gmail&amp;ust=1671108934630000&amp;usg=AOvVaw0TzH9m-Z3qsUCoHmqmWoro\">https:\/\/us02web.zoom.us\/j\/<wbr \/>85963558471<\/a><\/p>\n<p>Banca:<\/p>\n<p>&#8211; Eraldo dos Santos Pinheiro (orientador)<\/p>\n<p>&#8211; Gabriel Gustavo Bergmann (Programa de P\u00f3s-Gradua\u00e7\u00e3o em Educa\u00e7\u00e3o F\u00edsica da Universidade Federal de Pelotas)<\/p>\n<p>&#8211; Adroaldo C\u00e9zar Ara\u00fajo Gaya (Programa de P\u00f3s-Gradua\u00e7\u00e3o em Ci\u00eancias do Movimento Humano da Universidade Federal do Rio Grande do Sul)<\/p>\n<p>&#8211; Lu\u00eds Miguel Teixeira Vaz (Programa de P\u00f3s-Gradua\u00e7\u00e3o em Ci\u00eancias do Desporto &#8211; UTAD)<\/p>\n<p>&#8211; Gustavo Dias Ferreira (Suplente \u2013 Programa de P\u00f3s-Gradua\u00e7\u00e3o em Educa\u00e7\u00e3o F\u00edsica &#8211; UFPel)<\/p>\n","protected":false},"excerpt":{"rendered":"<p>Tese: \u201cDesenvolvimento de jovens atletas de rugby feminino: uma abordagem multidimensional\u201d. Dia: 15\/12\/2022 \u00e0s 14h &#8211; na ESEF e na plataforma Zoom, no link https:\/\/us02web.zoom.us\/j\/85963558471 Banca: &#8211; Eraldo dos Santos Pinheiro (orientador) &#8211; Gabriel Gustavo Bergmann (Programa de P\u00f3s-Gradua\u00e7\u00e3o em Educa\u00e7\u00e3o F\u00edsica da Universidade Federal de Pelotas) &#8211; Adroaldo C\u00e9zar Ara\u00fajo Gaya (Programa de P\u00f3s-Gradua\u00e7\u00e3o [&hellip;]<\/p>\n","protected":false},"author":592,"featured_media":0,"comment_status":"closed","ping_status":"closed","sticky":false,"template":"","format":"standard","meta":{"footnotes":""},"categories":[1],"tags":[],"class_list":["post-3327","post","type-post","status-publish","format-standard","hentry","category-noticias"],"jetpack_featured_media_url":"","_links":{"self":[{"href":"https:\/\/wp.ufpel.edu.br\/ppgef\/wp-json\/wp\/v2\/posts\/3327","targetHints":{"allow":["GET"]}}],"collection":[{"href":"https:\/\/wp.ufpel.edu.br\/ppgef\/wp-json\/wp\/v2\/posts"}],"about":[{"href":"https:\/\/wp.ufpel.edu.br\/ppgef\/wp-json\/wp\/v2\/types\/post"}],"author":[{"embeddable":true,"href":"https:\/\/wp.ufpel.edu.br\/ppgef\/wp-json\/wp\/v2\/users\/592"}],"replies":[{"embeddable":true,"href":"https:\/\/wp.ufpel.edu.br\/ppgef\/wp-json\/wp\/v2\/comments?post=3327"}],"version-history":[{"count":7,"href":"https:\/\/wp.ufpel.edu.br\/ppgef\/wp-json\/wp\/v2\/posts\/3327\/revisions"}],"predecessor-version":[{"id":3334,"href":"https:\/\/wp.ufpel.edu.br\/ppgef\/wp-json\/wp\/v2\/posts\/3327\/revisions\/3334"}],"wp:attachment":[{"href":"https:\/\/wp.ufpel.edu.br\/ppgef\/wp-json\/wp\/v2\/media?parent=3327"}],"wp:term":[{"taxonomy":"category","embeddable":true,"href":"https:\/\/wp.ufpel.edu.br\/ppgef\/wp-json\/wp\/v2\/categories?post=3327"},{"taxonomy":"post_tag","embeddable":true,"href":"https:\/\/wp.ufpel.edu.br\/ppgef\/wp-json\/wp\/v2\/tags?post=3327"}],"curies":[{"name":"wp","href":"https:\/\/api.w.org\/{rel}","templated":true}]}}