{"id":3255,"date":"2022-11-21T10:48:26","date_gmt":"2022-11-21T13:48:26","guid":{"rendered":"https:\/\/wp.ufpel.edu.br\/ppgef\/?p=3255"},"modified":"2022-10-14T10:49:43","modified_gmt":"2022-10-14T13:49:43","slug":"defesa-final-de-mestrado","status":"publish","type":"post","link":"https:\/\/wp.ufpel.edu.br\/ppgef\/2022\/11\/21\/defesa-final-de-mestrado\/","title":{"rendered":"DEFESA FINAL DE MESTRADO"},"content":{"rendered":"<p><b>Thais Elisabeth Balzan:\u00a0 <\/b><span style=\"font-weight: 400;\">\u201cFases do ciclo menstrual em atletas de futsal e suas influ\u00eancias no desempenho f\u00edsico\u201d<\/span><\/p>\n<p><span style=\"font-weight: 400;\">Banca: 25\/11\/2022 \u00e0s 09h<\/span><\/p>\n<p><span style=\"font-weight: 400;\">&#8211; Gustavo Dias Ferreira (orientador)<\/span><\/p>\n<p><span style=\"font-weight: 400;\">&#8211; Cristine Alberton (Programa de P\u00f3s-Gradua\u00e7\u00e3o em Educa\u00e7\u00e3o F\u00edsica\/UFPel)<\/span><\/p>\n<p><span style=\"font-weight: 400;\">&#8211; Ana Carolina Kanitz (Programa de P\u00f3s-Gradua\u00e7\u00e3o em Ci\u00eancias do Movimento <\/span><span style=\"font-weight: 400;\">Humano \/UFRGS)<\/span><\/p>\n<p><span style=\"font-weight: 400;\">&#8211; Rafael Bueno Orcy (Suplente \u2013 Programa de P\u00f3s-Gradua\u00e7\u00e3o em Educa\u00e7\u00e3o <\/span><span style=\"font-weight: 400;\">F\u00edsica\/UFPel)<\/span><\/p>\n","protected":false},"excerpt":{"rendered":"<p>Thais Elisabeth Balzan:\u00a0 \u201cFases do ciclo menstrual em atletas de futsal e suas influ\u00eancias no desempenho f\u00edsico\u201d Banca: 25\/11\/2022 \u00e0s 09h &#8211; Gustavo Dias Ferreira (orientador) &#8211; Cristine Alberton (Programa de P\u00f3s-Gradua\u00e7\u00e3o em Educa\u00e7\u00e3o F\u00edsica\/UFPel) &#8211; Ana Carolina Kanitz (Programa de P\u00f3s-Gradua\u00e7\u00e3o em Ci\u00eancias do Movimento Humano \/UFRGS) &#8211; Rafael Bueno Orcy (Suplente \u2013 Programa [&hellip;]<\/p>\n","protected":false},"author":592,"featured_media":0,"comment_status":"closed","ping_status":"closed","sticky":false,"template":"","format":"standard","meta":{"footnotes":""},"categories":[1],"tags":[],"class_list":["post-3255","post","type-post","status-publish","format-standard","hentry","category-noticias"],"jetpack_featured_media_url":"","_links":{"self":[{"href":"https:\/\/wp.ufpel.edu.br\/ppgef\/wp-json\/wp\/v2\/posts\/3255","targetHints":{"allow":["GET"]}}],"collection":[{"href":"https:\/\/wp.ufpel.edu.br\/ppgef\/wp-json\/wp\/v2\/posts"}],"about":[{"href":"https:\/\/wp.ufpel.edu.br\/ppgef\/wp-json\/wp\/v2\/types\/post"}],"author":[{"embeddable":true,"href":"https:\/\/wp.ufpel.edu.br\/ppgef\/wp-json\/wp\/v2\/users\/592"}],"replies":[{"embeddable":true,"href":"https:\/\/wp.ufpel.edu.br\/ppgef\/wp-json\/wp\/v2\/comments?post=3255"}],"version-history":[{"count":1,"href":"https:\/\/wp.ufpel.edu.br\/ppgef\/wp-json\/wp\/v2\/posts\/3255\/revisions"}],"predecessor-version":[{"id":3256,"href":"https:\/\/wp.ufpel.edu.br\/ppgef\/wp-json\/wp\/v2\/posts\/3255\/revisions\/3256"}],"wp:attachment":[{"href":"https:\/\/wp.ufpel.edu.br\/ppgef\/wp-json\/wp\/v2\/media?parent=3255"}],"wp:term":[{"taxonomy":"category","embeddable":true,"href":"https:\/\/wp.ufpel.edu.br\/ppgef\/wp-json\/wp\/v2\/categories?post=3255"},{"taxonomy":"post_tag","embeddable":true,"href":"https:\/\/wp.ufpel.edu.br\/ppgef\/wp-json\/wp\/v2\/tags?post=3255"}],"curies":[{"name":"wp","href":"https:\/\/api.w.org\/{rel}","templated":true}]}}