{"id":3244,"date":"2022-10-23T17:02:05","date_gmt":"2022-10-23T20:02:05","guid":{"rendered":"https:\/\/wp.ufpel.edu.br\/ppgef\/?p=3244"},"modified":"2022-09-23T17:02:45","modified_gmt":"2022-09-23T20:02:45","slug":"qualificacao-de-doutorado-3","status":"publish","type":"post","link":"https:\/\/wp.ufpel.edu.br\/ppgef\/2022\/10\/23\/qualificacao-de-doutorado-3\/","title":{"rendered":"Qualifica\u00e7\u00e3o de Doutorado"},"content":{"rendered":"<p><b>Alex Sander Souza de Souza: <\/b><span style=\"font-weight: 400;\">\u201cAltera\u00e7\u00f5es dos tecidos adiposo e muscular promovidas por<\/span><\/p>\n<p><span style=\"font-weight: 400;\">diferentes protocolos de treinamento f\u00edsico seguidos por per\u00edodo de destreino<\/span><b>\u201d<\/b><\/p>\n<p><b>Banca:<\/b><span style=\"font-weight: 400;\"> 27\/10\/2022 \u00e0s 13:30<\/span><\/p>\n<p><span style=\"font-weight: 400;\">&#8211; Fabr\u00edcio Boscolo del Vecchio<\/span><\/p>\n<p><span style=\"font-weight: 400;\">&#8211; Victor Silveira Coswig (Programa de P\u00f3s-Gradua\u00e7\u00e3o em Educa\u00e7\u00e3o F\u00edsica\/ Universidade Federal do Cear\u00e1)<\/span><\/p>\n<p><span style=\"font-weight: 400;\">&#8211; Gustavo Dias Ferreira (Programa de P\u00f3s-Gradua\u00e7\u00e3o em Educa\u00e7\u00e3o F\u00edsica\/Universidade Federal de Pelotas)<\/span><\/p>\n<p><span style=\"font-weight: 400;\">&#8211; Eraldo dos Santos Pinheiro (Programa de P\u00f3s-Gradua\u00e7\u00e3o em Educa\u00e7\u00e3o F\u00edsica\/Universidade Federal de Pelotas)<\/span><\/p>\n<p><span style=\"font-weight: 400;\">&#8211; Airton Jos\u00e9 Rombaldi (Suplente \u2013 Programa de P\u00f3s-Gradua\u00e7\u00e3o em Educa\u00e7\u00e3o F\u00edsica\/Universidade Federal de Pelotas)<\/span><\/p>\n","protected":false},"excerpt":{"rendered":"<p>Alex Sander Souza de Souza: \u201cAltera\u00e7\u00f5es dos tecidos adiposo e muscular promovidas por diferentes protocolos de treinamento f\u00edsico seguidos por per\u00edodo de destreino\u201d Banca: 27\/10\/2022 \u00e0s 13:30 &#8211; Fabr\u00edcio Boscolo del Vecchio &#8211; Victor Silveira Coswig (Programa de P\u00f3s-Gradua\u00e7\u00e3o em Educa\u00e7\u00e3o F\u00edsica\/ Universidade Federal do Cear\u00e1) &#8211; Gustavo Dias Ferreira (Programa de P\u00f3s-Gradua\u00e7\u00e3o em Educa\u00e7\u00e3o [&hellip;]<\/p>\n","protected":false},"author":592,"featured_media":0,"comment_status":"closed","ping_status":"closed","sticky":false,"template":"","format":"standard","meta":{"footnotes":""},"categories":[1],"tags":[],"class_list":["post-3244","post","type-post","status-publish","format-standard","hentry","category-noticias"],"jetpack_featured_media_url":"","_links":{"self":[{"href":"https:\/\/wp.ufpel.edu.br\/ppgef\/wp-json\/wp\/v2\/posts\/3244","targetHints":{"allow":["GET"]}}],"collection":[{"href":"https:\/\/wp.ufpel.edu.br\/ppgef\/wp-json\/wp\/v2\/posts"}],"about":[{"href":"https:\/\/wp.ufpel.edu.br\/ppgef\/wp-json\/wp\/v2\/types\/post"}],"author":[{"embeddable":true,"href":"https:\/\/wp.ufpel.edu.br\/ppgef\/wp-json\/wp\/v2\/users\/592"}],"replies":[{"embeddable":true,"href":"https:\/\/wp.ufpel.edu.br\/ppgef\/wp-json\/wp\/v2\/comments?post=3244"}],"version-history":[{"count":1,"href":"https:\/\/wp.ufpel.edu.br\/ppgef\/wp-json\/wp\/v2\/posts\/3244\/revisions"}],"predecessor-version":[{"id":3245,"href":"https:\/\/wp.ufpel.edu.br\/ppgef\/wp-json\/wp\/v2\/posts\/3244\/revisions\/3245"}],"wp:attachment":[{"href":"https:\/\/wp.ufpel.edu.br\/ppgef\/wp-json\/wp\/v2\/media?parent=3244"}],"wp:term":[{"taxonomy":"category","embeddable":true,"href":"https:\/\/wp.ufpel.edu.br\/ppgef\/wp-json\/wp\/v2\/categories?post=3244"},{"taxonomy":"post_tag","embeddable":true,"href":"https:\/\/wp.ufpel.edu.br\/ppgef\/wp-json\/wp\/v2\/tags?post=3244"}],"curies":[{"name":"wp","href":"https:\/\/api.w.org\/{rel}","templated":true}]}}