{"id":3242,"date":"2022-10-21T08:44:11","date_gmt":"2022-10-21T11:44:11","guid":{"rendered":"https:\/\/wp.ufpel.edu.br\/ppgef\/?p=3242"},"modified":"2022-09-23T08:45:15","modified_gmt":"2022-09-23T11:45:15","slug":"qualificacao-de-mestrado-eduarda-vesfal-dutra","status":"publish","type":"post","link":"https:\/\/wp.ufpel.edu.br\/ppgef\/2022\/10\/21\/qualificacao-de-mestrado-eduarda-vesfal-dutra\/","title":{"rendered":"Qualifica\u00e7\u00e3o de Mestrado &#8211; Eduarda Vesfal Dutra"},"content":{"rendered":"<p><b>Eduarda Vesfal Dutra<\/b><\/p>\n<p><span style=\"font-weight: 400;\">\u201cGIN\u00c1STICA BRINCANTE: UMA PROPOSTA DE FORMA\u00c7\u00c3O CONTINUADA PARA PROFESSORES E PROFESSORAS DA EDUCA\u00c7\u00c3O INFANTIL\u201d<\/span><\/p>\n<p><span style=\"font-weight: 400;\">Banca: 24\/10\/2022 \u00e0s 9h<\/span><\/p>\n<p><span style=\"font-weight: 400;\">&#8211; Prof.a Dr.a Andrize Ramires Costa (orientador);<\/span><\/p>\n<p><span style=\"font-weight: 400;\">&#8211; Prof.a Dr.a Franciele Roos da Silva Ilha (Programa de P\u00f3s-Gradua\u00e7\u00e3o em Educa\u00e7\u00e3o F\u00edsica da Universidade Federal de Pelotas (UFPel));<\/span><\/p>\n<p><span style=\"font-weight: 400;\">&#8211; Prof.a Dr.a Michele Viviene Carbinatto (Programa de P\u00f3s-Gradua\u00e7\u00e3o em Educa\u00e7\u00e3o F\u00edsica e Esporte da Universidade de S\u00e3o Paulo (USP));<\/span><\/p>\n<p><span style=\"font-weight: 400;\">&#8211; In\u00e1cio Crochemore Mohnsam da Silva (Suplente \u2013 Programa de P\u00f3s- Gradua\u00e7\u00e3o em Educa\u00e7\u00e3o F\u00edsica da Universidade Federal de Pelotas e Programa de P\u00f3s-Gradua\u00e7\u00e3o em Epidemiologia da Universidade Federal de Pelotas (UFPel)).<\/span><\/p>\n","protected":false},"excerpt":{"rendered":"<p>Eduarda Vesfal Dutra \u201cGIN\u00c1STICA BRINCANTE: UMA PROPOSTA DE FORMA\u00c7\u00c3O CONTINUADA PARA PROFESSORES E PROFESSORAS DA EDUCA\u00c7\u00c3O INFANTIL\u201d Banca: 24\/10\/2022 \u00e0s 9h &#8211; Prof.a Dr.a Andrize Ramires Costa (orientador); &#8211; Prof.a Dr.a Franciele Roos da Silva Ilha (Programa de P\u00f3s-Gradua\u00e7\u00e3o em Educa\u00e7\u00e3o F\u00edsica da Universidade Federal de Pelotas (UFPel)); &#8211; Prof.a Dr.a Michele Viviene Carbinatto (Programa [&hellip;]<\/p>\n","protected":false},"author":592,"featured_media":0,"comment_status":"closed","ping_status":"closed","sticky":false,"template":"","format":"standard","meta":{"footnotes":""},"categories":[1],"tags":[],"class_list":["post-3242","post","type-post","status-publish","format-standard","hentry","category-noticias"],"jetpack_featured_media_url":"","_links":{"self":[{"href":"https:\/\/wp.ufpel.edu.br\/ppgef\/wp-json\/wp\/v2\/posts\/3242","targetHints":{"allow":["GET"]}}],"collection":[{"href":"https:\/\/wp.ufpel.edu.br\/ppgef\/wp-json\/wp\/v2\/posts"}],"about":[{"href":"https:\/\/wp.ufpel.edu.br\/ppgef\/wp-json\/wp\/v2\/types\/post"}],"author":[{"embeddable":true,"href":"https:\/\/wp.ufpel.edu.br\/ppgef\/wp-json\/wp\/v2\/users\/592"}],"replies":[{"embeddable":true,"href":"https:\/\/wp.ufpel.edu.br\/ppgef\/wp-json\/wp\/v2\/comments?post=3242"}],"version-history":[{"count":1,"href":"https:\/\/wp.ufpel.edu.br\/ppgef\/wp-json\/wp\/v2\/posts\/3242\/revisions"}],"predecessor-version":[{"id":3243,"href":"https:\/\/wp.ufpel.edu.br\/ppgef\/wp-json\/wp\/v2\/posts\/3242\/revisions\/3243"}],"wp:attachment":[{"href":"https:\/\/wp.ufpel.edu.br\/ppgef\/wp-json\/wp\/v2\/media?parent=3242"}],"wp:term":[{"taxonomy":"category","embeddable":true,"href":"https:\/\/wp.ufpel.edu.br\/ppgef\/wp-json\/wp\/v2\/categories?post=3242"},{"taxonomy":"post_tag","embeddable":true,"href":"https:\/\/wp.ufpel.edu.br\/ppgef\/wp-json\/wp\/v2\/tags?post=3242"}],"curies":[{"name":"wp","href":"https:\/\/api.w.org\/{rel}","templated":true}]}}