{"id":3235,"date":"2022-09-21T13:39:55","date_gmt":"2022-09-21T16:39:55","guid":{"rendered":"https:\/\/wp.ufpel.edu.br\/ppgef\/?p=3235"},"modified":"2022-09-21T13:39:55","modified_gmt":"2022-09-21T16:39:55","slug":"nota-de-pesar-programa-de-pos-graduacao-em-educacao-fisica","status":"publish","type":"post","link":"https:\/\/wp.ufpel.edu.br\/ppgef\/2022\/09\/21\/nota-de-pesar-programa-de-pos-graduacao-em-educacao-fisica\/","title":{"rendered":"NOTA DE PESAR \u2013 PROGRAMA DE P\u00d3S-GRADUA\u00c7\u00c3O EM EDUCA\u00c7\u00c3O F\u00cdSICA"},"content":{"rendered":"<p><a href=\"https:\/\/wp.ufpel.edu.br\/ppgef\/files\/2022\/09\/IMG_8326.jpg\"><img class=\"alignleft size-medium wp-image-3236\" src=\"https:\/\/wp.ufpel.edu.br\/ppgef\/files\/2022\/09\/IMG_8326-293x400.jpg\" alt=\"\" width=\"293\" height=\"400\" srcset=\"https:\/\/wp.ufpel.edu.br\/ppgef\/files\/2022\/09\/IMG_8326-293x400.jpg 293w, https:\/\/wp.ufpel.edu.br\/ppgef\/files\/2022\/09\/IMG_8326.jpg 532w\" sizes=\"(max-width: 293px) 100vw, 293px\" \/><\/a>O Programa de P\u00f3s-Gradua\u00e7\u00e3o em Educa\u00e7\u00e3o F\u00edsica (PPGEF) da Escola Superior de Educa\u00e7\u00e3o F\u00edsica (ESEF) da Universidade Federal de Pelotas (UFPEL) lamenta profundamente a perda do professor Alexandre Carriconde Marques, nosso querido Sapinho.<\/p>\n<p>Perdemos um amigo, um professor do ensino superior e um lutador da nossa Universidade. Al\u00e9m disso, perdemos um extensionista, pesquisador e orientador, respons\u00e1vel pela produ\u00e7\u00e3o do conhecimento da Educa\u00e7\u00e3o F\u00edsica para pessoas com defici\u00eancia, seja no \u00e2mbito da pr\u00e1tica da atividade f\u00edsica e exerc\u00edcio, seja na forma\u00e7\u00e3o profissional inclusiva. Se existe algum conforto nesse momento dif\u00edcil ele se encontra no extenso e eternizado legado de sua produ\u00e7\u00e3o cient\u00edfica e na<wbr \/>\u00a0forma\u00e7\u00e3o de professores, mestres e doutores.<\/p>\n<p>Al\u00e9m de toda a contribui\u00e7\u00e3o \u00e0 ESEF, o PPGEF agradece, em espec\u00edfico, todos os esfor\u00e7os dedicados pelo Sapinho desde a cria\u00e7\u00e3o do Programa at\u00e9 suas recentes contribui\u00e7\u00f5es em andamento que faziam e continuar\u00e3o fazendo a diferen\u00e7a na nossa Educa\u00e7\u00e3o F\u00edsica.<\/p>\n<p>Solidariedade aos amigos e familiares.<\/p>\n","protected":false},"excerpt":{"rendered":"<p>O Programa de P\u00f3s-Gradua\u00e7\u00e3o em Educa\u00e7\u00e3o F\u00edsica (PPGEF) da Escola Superior de Educa\u00e7\u00e3o F\u00edsica (ESEF) da Universidade Federal de Pelotas (UFPEL) lamenta profundamente a perda do professor Alexandre Carriconde Marques, nosso querido Sapinho. Perdemos um amigo, um professor do ensino superior e um lutador da nossa Universidade. Al\u00e9m disso, perdemos um extensionista, pesquisador e orientador, [&hellip;]<\/p>\n","protected":false},"author":592,"featured_media":0,"comment_status":"closed","ping_status":"closed","sticky":false,"template":"","format":"standard","meta":{"footnotes":""},"categories":[1],"tags":[],"class_list":["post-3235","post","type-post","status-publish","format-standard","hentry","category-noticias"],"jetpack_featured_media_url":"","_links":{"self":[{"href":"https:\/\/wp.ufpel.edu.br\/ppgef\/wp-json\/wp\/v2\/posts\/3235","targetHints":{"allow":["GET"]}}],"collection":[{"href":"https:\/\/wp.ufpel.edu.br\/ppgef\/wp-json\/wp\/v2\/posts"}],"about":[{"href":"https:\/\/wp.ufpel.edu.br\/ppgef\/wp-json\/wp\/v2\/types\/post"}],"author":[{"embeddable":true,"href":"https:\/\/wp.ufpel.edu.br\/ppgef\/wp-json\/wp\/v2\/users\/592"}],"replies":[{"embeddable":true,"href":"https:\/\/wp.ufpel.edu.br\/ppgef\/wp-json\/wp\/v2\/comments?post=3235"}],"version-history":[{"count":1,"href":"https:\/\/wp.ufpel.edu.br\/ppgef\/wp-json\/wp\/v2\/posts\/3235\/revisions"}],"predecessor-version":[{"id":3237,"href":"https:\/\/wp.ufpel.edu.br\/ppgef\/wp-json\/wp\/v2\/posts\/3235\/revisions\/3237"}],"wp:attachment":[{"href":"https:\/\/wp.ufpel.edu.br\/ppgef\/wp-json\/wp\/v2\/media?parent=3235"}],"wp:term":[{"taxonomy":"category","embeddable":true,"href":"https:\/\/wp.ufpel.edu.br\/ppgef\/wp-json\/wp\/v2\/categories?post=3235"},{"taxonomy":"post_tag","embeddable":true,"href":"https:\/\/wp.ufpel.edu.br\/ppgef\/wp-json\/wp\/v2\/tags?post=3235"}],"curies":[{"name":"wp","href":"https:\/\/api.w.org\/{rel}","templated":true}]}}