{"id":3232,"date":"2022-10-30T10:00:03","date_gmt":"2022-10-30T13:00:03","guid":{"rendered":"https:\/\/wp.ufpel.edu.br\/ppgef\/?p=3232"},"modified":"2022-10-01T10:57:09","modified_gmt":"2022-10-01T13:57:09","slug":"qualificacao-de-doutorado-2","status":"publish","type":"post","link":"https:\/\/wp.ufpel.edu.br\/ppgef\/2022\/10\/30\/qualificacao-de-doutorado-2\/","title":{"rendered":"Qualifica\u00e7\u00e3o de Doutorado"},"content":{"rendered":"<p><b>SAMARA TABAN\u00caS FERNANDES VIEIRA: <\/b><span style=\"font-weight: 400;\">\u201cImpacto agudo e cr\u00f4nico de um programa multicomponente de atividade f\u00edsica no perfil do doente renal cr\u00f4nico pr\u00e9-dial\u00edtico\u201d\u00a0<\/span><\/p>\n<p><span style=\"font-weight: 400;\">Banca 03\/11\/2022 \u00e0s 16:30<\/span><\/p>\n<p><span style=\"font-weight: 400;\">&#8211; Fabr\u00edcio Boscolo Del Vecchio (Programa de P\u00f3s-Gradua\u00e7\u00e3o em Educa\u00e7\u00e3o F\u00edsica da Universidade Federal de Pelotas \u2013 UFPEL)<\/span><\/p>\n<p><span style=\"font-weight: 400;\">&#8211; Gustavo Dias Ferreira (Programa de P\u00f3s-Gradua\u00e7\u00e3o em Educa\u00e7\u00e3o F\u00edsica e Programa de P\u00f3s-gradua\u00e7\u00e3o Multic\u00eantrico em Ci\u00eancias Fisiol\u00f3gicas da Universidade Federal de Pelotas \u2013 UFPEL)<\/span><\/p>\n<p><span style=\"font-weight: 400;\">&#8211; Airton Jos\u00e9 Rombaldi (Programa de P\u00f3s-Gradua\u00e7\u00e3o em Educa\u00e7\u00e3o F\u00edsica da Universidade Federal de Pelotas &#8211; UFPEL)<\/span><\/p>\n<p><span style=\"font-weight: 400;\">&#8211; Victor Silveira Coswig (Programa de P\u00f3s-Gradua\u00e7\u00e3o Neuroci\u00eancia e Comportamento (PPGNC\/UFPA) e em Ci\u00eancias do Movimento Humano (PPGCMH) da Universidade Federal do Par\u00e1 \u2013 UFPA)<\/span><\/p>\n<p><span style=\"font-weight: 400;\">&#8211; Eraldo Pinheiro (Suplente \u2013 Programa de P\u00f3s-Gradua\u00e7\u00e3o em Educa\u00e7\u00e3o F\u00edsica da Universidade Federal de Pelotas &#8211; UFPEL)<\/span><\/p>\n","protected":false},"excerpt":{"rendered":"<p>SAMARA TABAN\u00caS FERNANDES VIEIRA: \u201cImpacto agudo e cr\u00f4nico de um programa multicomponente de atividade f\u00edsica no perfil do doente renal cr\u00f4nico pr\u00e9-dial\u00edtico\u201d\u00a0 Banca 03\/11\/2022 \u00e0s 16:30 &#8211; Fabr\u00edcio Boscolo Del Vecchio (Programa de P\u00f3s-Gradua\u00e7\u00e3o em Educa\u00e7\u00e3o F\u00edsica da Universidade Federal de Pelotas \u2013 UFPEL) &#8211; Gustavo Dias Ferreira (Programa de P\u00f3s-Gradua\u00e7\u00e3o em Educa\u00e7\u00e3o F\u00edsica e [&hellip;]<\/p>\n","protected":false},"author":592,"featured_media":0,"comment_status":"closed","ping_status":"closed","sticky":false,"template":"","format":"standard","meta":{"footnotes":""},"categories":[1],"tags":[],"class_list":["post-3232","post","type-post","status-publish","format-standard","hentry","category-noticias"],"jetpack_featured_media_url":"","_links":{"self":[{"href":"https:\/\/wp.ufpel.edu.br\/ppgef\/wp-json\/wp\/v2\/posts\/3232","targetHints":{"allow":["GET"]}}],"collection":[{"href":"https:\/\/wp.ufpel.edu.br\/ppgef\/wp-json\/wp\/v2\/posts"}],"about":[{"href":"https:\/\/wp.ufpel.edu.br\/ppgef\/wp-json\/wp\/v2\/types\/post"}],"author":[{"embeddable":true,"href":"https:\/\/wp.ufpel.edu.br\/ppgef\/wp-json\/wp\/v2\/users\/592"}],"replies":[{"embeddable":true,"href":"https:\/\/wp.ufpel.edu.br\/ppgef\/wp-json\/wp\/v2\/comments?post=3232"}],"version-history":[{"count":3,"href":"https:\/\/wp.ufpel.edu.br\/ppgef\/wp-json\/wp\/v2\/posts\/3232\/revisions"}],"predecessor-version":[{"id":3253,"href":"https:\/\/wp.ufpel.edu.br\/ppgef\/wp-json\/wp\/v2\/posts\/3232\/revisions\/3253"}],"wp:attachment":[{"href":"https:\/\/wp.ufpel.edu.br\/ppgef\/wp-json\/wp\/v2\/media?parent=3232"}],"wp:term":[{"taxonomy":"category","embeddable":true,"href":"https:\/\/wp.ufpel.edu.br\/ppgef\/wp-json\/wp\/v2\/categories?post=3232"},{"taxonomy":"post_tag","embeddable":true,"href":"https:\/\/wp.ufpel.edu.br\/ppgef\/wp-json\/wp\/v2\/tags?post=3232"}],"curies":[{"name":"wp","href":"https:\/\/api.w.org\/{rel}","templated":true}]}}