{"id":3226,"date":"2022-09-22T14:17:23","date_gmt":"2022-09-22T17:17:23","guid":{"rendered":"https:\/\/wp.ufpel.edu.br\/ppgef\/?p=3226"},"modified":"2022-09-13T14:18:22","modified_gmt":"2022-09-13T17:18:22","slug":"qualificacao-de-doutorado","status":"publish","type":"post","link":"https:\/\/wp.ufpel.edu.br\/ppgef\/2022\/09\/22\/qualificacao-de-doutorado\/","title":{"rendered":"QUALIFICA\u00c7\u00c3O DE DOUTORADO"},"content":{"rendered":"<p><b>B\u00e1rbara Sutil da Silva: <\/b><span style=\"font-weight: 400;\">\u201cAssocia\u00e7\u00f5es bidirecionais de atividade f\u00edsica e depress\u00e3o e seus efeitos na mortalidade: evid\u00eancias de uma coorte de idosos em Pelotas\/RS \u201d<\/span><\/p>\n<p><span style=\"font-weight: 400;\">Banca: 26\/09 \u00e0s 10h<\/span><\/p>\n<p><span style=\"font-weight: 400;\">&#8211; In\u00e1cio Crochemore Mohnsam da Silva (orientador)<\/span><\/p>\n<p><span style=\"font-weight: 400;\">&#8211; Gabriel Gustavo Bergmann (Programa de P\u00f3s-Gradua\u00e7\u00e3o em Educa\u00e7\u00e3o F\u00edsica &#8211; UFPEL)<\/span><\/p>\n<p><span style=\"font-weight: 400;\">&#8211; Daniela Lopes dos Santos (Programa de P\u00f3s-gradua\u00e7\u00e3o em Ci\u00eancias do Movimento e Reabilita\u00e7\u00e3o &#8211; UFSM)<\/span><\/p>\n<p><span style=\"font-weight: 400;\">&#8211; Renata Moraes Bielemann (SUPLENTE &#8211; Programa de P\u00f3s-Gradua\u00e7\u00e3o em Nutri\u00e7\u00e3o e Alimentos &#8211; UFPEL)<\/span><\/p>\n","protected":false},"excerpt":{"rendered":"<p>B\u00e1rbara Sutil da Silva: \u201cAssocia\u00e7\u00f5es bidirecionais de atividade f\u00edsica e depress\u00e3o e seus efeitos na mortalidade: evid\u00eancias de uma coorte de idosos em Pelotas\/RS \u201d Banca: 26\/09 \u00e0s 10h &#8211; In\u00e1cio Crochemore Mohnsam da Silva (orientador) &#8211; Gabriel Gustavo Bergmann (Programa de P\u00f3s-Gradua\u00e7\u00e3o em Educa\u00e7\u00e3o F\u00edsica &#8211; UFPEL) &#8211; Daniela Lopes dos Santos (Programa de [&hellip;]<\/p>\n","protected":false},"author":592,"featured_media":0,"comment_status":"closed","ping_status":"closed","sticky":false,"template":"","format":"standard","meta":{"footnotes":""},"categories":[1],"tags":[],"class_list":["post-3226","post","type-post","status-publish","format-standard","hentry","category-noticias"],"jetpack_featured_media_url":"","_links":{"self":[{"href":"https:\/\/wp.ufpel.edu.br\/ppgef\/wp-json\/wp\/v2\/posts\/3226","targetHints":{"allow":["GET"]}}],"collection":[{"href":"https:\/\/wp.ufpel.edu.br\/ppgef\/wp-json\/wp\/v2\/posts"}],"about":[{"href":"https:\/\/wp.ufpel.edu.br\/ppgef\/wp-json\/wp\/v2\/types\/post"}],"author":[{"embeddable":true,"href":"https:\/\/wp.ufpel.edu.br\/ppgef\/wp-json\/wp\/v2\/users\/592"}],"replies":[{"embeddable":true,"href":"https:\/\/wp.ufpel.edu.br\/ppgef\/wp-json\/wp\/v2\/comments?post=3226"}],"version-history":[{"count":1,"href":"https:\/\/wp.ufpel.edu.br\/ppgef\/wp-json\/wp\/v2\/posts\/3226\/revisions"}],"predecessor-version":[{"id":3227,"href":"https:\/\/wp.ufpel.edu.br\/ppgef\/wp-json\/wp\/v2\/posts\/3226\/revisions\/3227"}],"wp:attachment":[{"href":"https:\/\/wp.ufpel.edu.br\/ppgef\/wp-json\/wp\/v2\/media?parent=3226"}],"wp:term":[{"taxonomy":"category","embeddable":true,"href":"https:\/\/wp.ufpel.edu.br\/ppgef\/wp-json\/wp\/v2\/categories?post=3226"},{"taxonomy":"post_tag","embeddable":true,"href":"https:\/\/wp.ufpel.edu.br\/ppgef\/wp-json\/wp\/v2\/tags?post=3226"}],"curies":[{"name":"wp","href":"https:\/\/api.w.org\/{rel}","templated":true}]}}