{"id":3202,"date":"2022-09-08T11:47:39","date_gmt":"2022-09-08T14:47:39","guid":{"rendered":"https:\/\/wp.ufpel.edu.br\/ppgef\/?p=3202"},"modified":"2022-08-16T11:48:31","modified_gmt":"2022-08-16T14:48:31","slug":"qualificacao-de-mestrado-rodrigo-zanetti-da-rocha","status":"publish","type":"post","link":"https:\/\/wp.ufpel.edu.br\/ppgef\/2022\/09\/08\/qualificacao-de-mestrado-rodrigo-zanetti-da-rocha\/","title":{"rendered":"Qualifica\u00e7\u00e3o de Mestrado &#8211; Rodrigo Zanetti da Rocha"},"content":{"rendered":"<p><b>Rodrigo Zanetti da Rocha<\/b><\/p>\n<p><span style=\"font-weight: 400;\">\u201cEfeitos de uma interven\u00e7\u00e3o de quinze minutos de exerc\u00edcios funcionais nos n\u00edveis de Aptid\u00e3o F\u00edsica relacionada \u00e0 sa\u00fade de escolares\u201d<\/span><\/p>\n<p><span style=\"font-weight: 400;\">Banca: 12\/09\/2022 \u00e0s 14h<\/span><\/p>\n<p><span style=\"font-weight: 400;\">&#8211; Prof. Dr. Gabriel Gustavo Bergmann (Orientador)<\/span><\/p>\n<p><span style=\"font-weight: 400;\">&#8211; Prof. Dra. Anelise Reis Gaya (Programa de P\u00f3s-Gradua\u00e7\u00e3o em Ci\u00eancias do Movimento Humano-UFRGS)<\/span><\/p>\n<p><span style=\"font-weight: 400;\">&#8211; Prof. Dr. Eraldo dos Santos Pinheiro (Programa de P\u00f3s-Gradua\u00e7\u00e3o em Educa\u00e7\u00e3o F\u00edsica-UFPel)<\/span><\/p>\n","protected":false},"excerpt":{"rendered":"<p>Rodrigo Zanetti da Rocha \u201cEfeitos de uma interven\u00e7\u00e3o de quinze minutos de exerc\u00edcios funcionais nos n\u00edveis de Aptid\u00e3o F\u00edsica relacionada \u00e0 sa\u00fade de escolares\u201d Banca: 12\/09\/2022 \u00e0s 14h &#8211; Prof. Dr. Gabriel Gustavo Bergmann (Orientador) &#8211; Prof. Dra. Anelise Reis Gaya (Programa de P\u00f3s-Gradua\u00e7\u00e3o em Ci\u00eancias do Movimento Humano-UFRGS) &#8211; Prof. Dr. Eraldo dos Santos [&hellip;]<\/p>\n","protected":false},"author":592,"featured_media":0,"comment_status":"closed","ping_status":"closed","sticky":false,"template":"","format":"standard","meta":{"footnotes":""},"categories":[1],"tags":[],"class_list":["post-3202","post","type-post","status-publish","format-standard","hentry","category-noticias"],"jetpack_featured_media_url":"","_links":{"self":[{"href":"https:\/\/wp.ufpel.edu.br\/ppgef\/wp-json\/wp\/v2\/posts\/3202","targetHints":{"allow":["GET"]}}],"collection":[{"href":"https:\/\/wp.ufpel.edu.br\/ppgef\/wp-json\/wp\/v2\/posts"}],"about":[{"href":"https:\/\/wp.ufpel.edu.br\/ppgef\/wp-json\/wp\/v2\/types\/post"}],"author":[{"embeddable":true,"href":"https:\/\/wp.ufpel.edu.br\/ppgef\/wp-json\/wp\/v2\/users\/592"}],"replies":[{"embeddable":true,"href":"https:\/\/wp.ufpel.edu.br\/ppgef\/wp-json\/wp\/v2\/comments?post=3202"}],"version-history":[{"count":1,"href":"https:\/\/wp.ufpel.edu.br\/ppgef\/wp-json\/wp\/v2\/posts\/3202\/revisions"}],"predecessor-version":[{"id":3203,"href":"https:\/\/wp.ufpel.edu.br\/ppgef\/wp-json\/wp\/v2\/posts\/3202\/revisions\/3203"}],"wp:attachment":[{"href":"https:\/\/wp.ufpel.edu.br\/ppgef\/wp-json\/wp\/v2\/media?parent=3202"}],"wp:term":[{"taxonomy":"category","embeddable":true,"href":"https:\/\/wp.ufpel.edu.br\/ppgef\/wp-json\/wp\/v2\/categories?post=3202"},{"taxonomy":"post_tag","embeddable":true,"href":"https:\/\/wp.ufpel.edu.br\/ppgef\/wp-json\/wp\/v2\/tags?post=3202"}],"curies":[{"name":"wp","href":"https:\/\/api.w.org\/{rel}","templated":true}]}}