{"id":3200,"date":"2022-09-18T11:46:29","date_gmt":"2022-09-18T14:46:29","guid":{"rendered":"https:\/\/wp.ufpel.edu.br\/ppgef\/?p=3200"},"modified":"2022-08-16T11:47:22","modified_gmt":"2022-08-16T14:47:22","slug":"qualificacao-de-doutorado-cristiane-de-almeida-herbstrith","status":"publish","type":"post","link":"https:\/\/wp.ufpel.edu.br\/ppgef\/2022\/09\/18\/qualificacao-de-doutorado-cristiane-de-almeida-herbstrith\/","title":{"rendered":"Qualifica\u00e7\u00e3o de Doutorado &#8211; Cristiane de Almeida Herbstrith"},"content":{"rendered":"<p><b>Cristiane de Almeida Herbstrith<\/b><\/p>\n<p><span style=\"font-weight: 400;\">\u201cS\u00edndrome de Burnout e o impacto da pandemia na sa\u00fade mental dos professores municipais de Bag\u00e9\/RS\u201d<\/span><\/p>\n<p><span style=\"font-weight: 400;\">Banca: 23\/09 \u00e0s 9h<\/span><\/p>\n<p><span style=\"font-weight: 400;\">&#8211; Profa. Dra. Mari\u00e2ngela da Rosa Afonso (orientadora)<\/span><\/p>\n<p><span style=\"font-weight: 400;\">&#8211; Prof. Dr. Ruhena Kelber Abr\u00e3o Ferreira (Universidade Federal de Tocantins &#8211; UFT)<\/span><\/p>\n<p><span style=\"font-weight: 400;\">&#8211; Profa. Dra. Franciele Roos da Silva Ilha (Universidade Federal de Pelotas \u2013 UFPEL)<\/span><\/p>\n<p><span style=\"font-weight: 400;\">&#8211; Profa. Dra. Priscila Lopes Cardozo (Suplente &#8211; Universidade Federal de Pelotas \u2013 UFPEL)<\/span><\/p>\n","protected":false},"excerpt":{"rendered":"<p>Cristiane de Almeida Herbstrith \u201cS\u00edndrome de Burnout e o impacto da pandemia na sa\u00fade mental dos professores municipais de Bag\u00e9\/RS\u201d Banca: 23\/09 \u00e0s 9h &#8211; Profa. Dra. Mari\u00e2ngela da Rosa Afonso (orientadora) &#8211; Prof. Dr. Ruhena Kelber Abr\u00e3o Ferreira (Universidade Federal de Tocantins &#8211; UFT) &#8211; Profa. Dra. Franciele Roos da Silva Ilha (Universidade Federal [&hellip;]<\/p>\n","protected":false},"author":592,"featured_media":0,"comment_status":"closed","ping_status":"closed","sticky":false,"template":"","format":"standard","meta":{"footnotes":""},"categories":[1],"tags":[],"class_list":["post-3200","post","type-post","status-publish","format-standard","hentry","category-noticias"],"jetpack_featured_media_url":"","_links":{"self":[{"href":"https:\/\/wp.ufpel.edu.br\/ppgef\/wp-json\/wp\/v2\/posts\/3200","targetHints":{"allow":["GET"]}}],"collection":[{"href":"https:\/\/wp.ufpel.edu.br\/ppgef\/wp-json\/wp\/v2\/posts"}],"about":[{"href":"https:\/\/wp.ufpel.edu.br\/ppgef\/wp-json\/wp\/v2\/types\/post"}],"author":[{"embeddable":true,"href":"https:\/\/wp.ufpel.edu.br\/ppgef\/wp-json\/wp\/v2\/users\/592"}],"replies":[{"embeddable":true,"href":"https:\/\/wp.ufpel.edu.br\/ppgef\/wp-json\/wp\/v2\/comments?post=3200"}],"version-history":[{"count":1,"href":"https:\/\/wp.ufpel.edu.br\/ppgef\/wp-json\/wp\/v2\/posts\/3200\/revisions"}],"predecessor-version":[{"id":3201,"href":"https:\/\/wp.ufpel.edu.br\/ppgef\/wp-json\/wp\/v2\/posts\/3200\/revisions\/3201"}],"wp:attachment":[{"href":"https:\/\/wp.ufpel.edu.br\/ppgef\/wp-json\/wp\/v2\/media?parent=3200"}],"wp:term":[{"taxonomy":"category","embeddable":true,"href":"https:\/\/wp.ufpel.edu.br\/ppgef\/wp-json\/wp\/v2\/categories?post=3200"},{"taxonomy":"post_tag","embeddable":true,"href":"https:\/\/wp.ufpel.edu.br\/ppgef\/wp-json\/wp\/v2\/tags?post=3200"}],"curies":[{"name":"wp","href":"https:\/\/api.w.org\/{rel}","templated":true}]}}