{"id":3166,"date":"2022-06-20T16:56:33","date_gmt":"2022-06-20T19:56:33","guid":{"rendered":"https:\/\/wp.ufpel.edu.br\/ppgef\/?p=3166"},"modified":"2022-06-20T16:56:33","modified_gmt":"2022-06-20T19:56:33","slug":"qualificacao-de-mestrado-2","status":"publish","type":"post","link":"https:\/\/wp.ufpel.edu.br\/ppgef\/2022\/06\/20\/qualificacao-de-mestrado-2\/","title":{"rendered":"QUALIFICA\u00c7\u00c3O DE MESTRADO:"},"content":{"rendered":"<p><b>Victor Hugo Guesser Pinheiro<\/b><\/p>\n<p><span style=\"font-weight: 400;\">\u201cEfeitos de programas de treinamento aer\u00f3bio nos meios aqu\u00e1tico e terrestre sobre fun\u00e7\u00f5es cognitivas e sa\u00fade mental em mulheres sobreviventes do c\u00e2ncer de mama: um ensaio cl\u00ednico randomizado\u201d.<\/span><\/p>\n<p><span style=\"font-weight: 400;\">Banca: 21 de junho \u00e0s 14h00min<\/span><\/p>\n<p><span style=\"font-weight: 400;\">&#8211; Prof\u00aa. Dr\u00aa. Cristine Lima Alberton (orientador)<\/span><\/p>\n<p><span style=\"font-weight: 400;\">&#8211; Prof. Dr. Felipe Barreto Schuch (Programa de P\u00f3s-Gradua\u00e7\u00e3o em Ci\u00eancia do Movimento e Reabilita\u00e7\u00e3o, UFSM)<\/span><\/p>\n<p><span style=\"font-weight: 400;\">&#8211; Prof. Dr. Rafael Deminice (Programa de P\u00f3s-Gradua\u00e7\u00e3o em Educa\u00e7\u00e3o F\u00edsica, UEM-UEL)<\/span><\/p>\n<p><span style=\"font-weight: 400;\">&#8211; Gabriel Gustavo Bergmann (Suplente \u2013 Programa de P\u00f3s-Gradua\u00e7\u00e3o em Educa\u00e7\u00e3o F\u00edsica, UFPEL)<\/span><\/p>\n<p><a href=\"https:\/\/webconf.ufpel.edu.br\/b\/cri-u62-xuu\"><span style=\"font-weight: 400;\">https:\/\/webconf.ufpel.edu.br\/b\/cri-u62-xuu<\/span><\/a><span style=\"font-weight: 400;\">\u00a0<\/span><\/p>\n","protected":false},"excerpt":{"rendered":"<p>Victor Hugo Guesser Pinheiro \u201cEfeitos de programas de treinamento aer\u00f3bio nos meios aqu\u00e1tico e terrestre sobre fun\u00e7\u00f5es cognitivas e sa\u00fade mental em mulheres sobreviventes do c\u00e2ncer de mama: um ensaio cl\u00ednico randomizado\u201d. Banca: 21 de junho \u00e0s 14h00min &#8211; Prof\u00aa. Dr\u00aa. Cristine Lima Alberton (orientador) &#8211; Prof. Dr. Felipe Barreto Schuch (Programa de P\u00f3s-Gradua\u00e7\u00e3o em [&hellip;]<\/p>\n","protected":false},"author":592,"featured_media":0,"comment_status":"closed","ping_status":"closed","sticky":false,"template":"","format":"standard","meta":{"footnotes":""},"categories":[1],"tags":[],"class_list":["post-3166","post","type-post","status-publish","format-standard","hentry","category-noticias"],"jetpack_featured_media_url":"","_links":{"self":[{"href":"https:\/\/wp.ufpel.edu.br\/ppgef\/wp-json\/wp\/v2\/posts\/3166","targetHints":{"allow":["GET"]}}],"collection":[{"href":"https:\/\/wp.ufpel.edu.br\/ppgef\/wp-json\/wp\/v2\/posts"}],"about":[{"href":"https:\/\/wp.ufpel.edu.br\/ppgef\/wp-json\/wp\/v2\/types\/post"}],"author":[{"embeddable":true,"href":"https:\/\/wp.ufpel.edu.br\/ppgef\/wp-json\/wp\/v2\/users\/592"}],"replies":[{"embeddable":true,"href":"https:\/\/wp.ufpel.edu.br\/ppgef\/wp-json\/wp\/v2\/comments?post=3166"}],"version-history":[{"count":1,"href":"https:\/\/wp.ufpel.edu.br\/ppgef\/wp-json\/wp\/v2\/posts\/3166\/revisions"}],"predecessor-version":[{"id":3167,"href":"https:\/\/wp.ufpel.edu.br\/ppgef\/wp-json\/wp\/v2\/posts\/3166\/revisions\/3167"}],"wp:attachment":[{"href":"https:\/\/wp.ufpel.edu.br\/ppgef\/wp-json\/wp\/v2\/media?parent=3166"}],"wp:term":[{"taxonomy":"category","embeddable":true,"href":"https:\/\/wp.ufpel.edu.br\/ppgef\/wp-json\/wp\/v2\/categories?post=3166"},{"taxonomy":"post_tag","embeddable":true,"href":"https:\/\/wp.ufpel.edu.br\/ppgef\/wp-json\/wp\/v2\/tags?post=3166"}],"curies":[{"name":"wp","href":"https:\/\/api.w.org\/{rel}","templated":true}]}}