{"id":3149,"date":"2022-06-08T16:55:45","date_gmt":"2022-06-08T19:55:45","guid":{"rendered":"https:\/\/wp.ufpel.edu.br\/ppgef\/?p=3149"},"modified":"2022-06-08T16:55:45","modified_gmt":"2022-06-08T19:55:45","slug":"qualificacao-de-doutorado-gicele-de-oliveira-karini-da-cunha","status":"publish","type":"post","link":"https:\/\/wp.ufpel.edu.br\/ppgef\/2022\/06\/08\/qualificacao-de-doutorado-gicele-de-oliveira-karini-da-cunha\/","title":{"rendered":"Qualifica\u00e7\u00e3o de Doutorado: Gicele de Oliveira Karini da Cunha"},"content":{"rendered":"<p><b>\u201cExerc\u00edcios respirat\u00f3rios, cardiorrespirat\u00f3rios e de for\u00e7a, e atividades esportivas cooperativas nas aulas de Educa\u00e7\u00e3o F\u00edsica: efeitos nos sintomas depressivos de estudantes do ensino m\u00e9dio\u201d<\/b><\/p>\n<p><b>Data: 10\/06\/2022, \u00e0s 09h\u00a0<\/b><\/p>\n<p><b>Banca:<\/b><\/p>\n<p><b>Prof. Dr. Gabriel Gustavo Bergmann (orientador)<\/b><\/p>\n<p><b>Prof. Dr. Felipe Barreto Schuch (Programa de P\u00f3s-Gradua\u00e7\u00e3o em Ci\u00eancias do Movimento e reabilita\u00e7\u00e3o \u2013 UFSM)<\/b><\/p>\n<p><b>Profa. Dra. Cristine Lima Alberton (Programa de P\u00f3s-Gradua\u00e7\u00e3o em Educa\u00e7\u00e3o\u00a0 F\u00edsica \u2013 ESEF\/UFPel)<\/b><\/p>\n<p><b>Profa. Dra. Stephanie Santana Pinto (Suplente &#8211; Programa de P\u00f3s &#8211; Gradua\u00e7\u00e3o em Educa\u00e7\u00e3o F\u00edsica \u2013 ESEF\/UFPel)<\/b><\/p>\n<p><b>Link: <\/b><a href=\"https:\/\/us02web.zoom.us\/j\/85963558471\"><b>https:\/\/us02web.zoom.us\/j\/85963558471<\/b><\/a><\/p>\n","protected":false},"excerpt":{"rendered":"<p>\u201cExerc\u00edcios respirat\u00f3rios, cardiorrespirat\u00f3rios e de for\u00e7a, e atividades esportivas cooperativas nas aulas de Educa\u00e7\u00e3o F\u00edsica: efeitos nos sintomas depressivos de estudantes do ensino m\u00e9dio\u201d Data: 10\/06\/2022, \u00e0s 09h\u00a0 Banca: Prof. Dr. Gabriel Gustavo Bergmann (orientador) Prof. Dr. Felipe Barreto Schuch (Programa de P\u00f3s-Gradua\u00e7\u00e3o em Ci\u00eancias do Movimento e reabilita\u00e7\u00e3o \u2013 UFSM) Profa. Dra. Cristine Lima [&hellip;]<\/p>\n","protected":false},"author":592,"featured_media":0,"comment_status":"closed","ping_status":"closed","sticky":false,"template":"","format":"standard","meta":{"footnotes":""},"categories":[1],"tags":[],"class_list":["post-3149","post","type-post","status-publish","format-standard","hentry","category-noticias"],"jetpack_featured_media_url":"","_links":{"self":[{"href":"https:\/\/wp.ufpel.edu.br\/ppgef\/wp-json\/wp\/v2\/posts\/3149","targetHints":{"allow":["GET"]}}],"collection":[{"href":"https:\/\/wp.ufpel.edu.br\/ppgef\/wp-json\/wp\/v2\/posts"}],"about":[{"href":"https:\/\/wp.ufpel.edu.br\/ppgef\/wp-json\/wp\/v2\/types\/post"}],"author":[{"embeddable":true,"href":"https:\/\/wp.ufpel.edu.br\/ppgef\/wp-json\/wp\/v2\/users\/592"}],"replies":[{"embeddable":true,"href":"https:\/\/wp.ufpel.edu.br\/ppgef\/wp-json\/wp\/v2\/comments?post=3149"}],"version-history":[{"count":1,"href":"https:\/\/wp.ufpel.edu.br\/ppgef\/wp-json\/wp\/v2\/posts\/3149\/revisions"}],"predecessor-version":[{"id":3150,"href":"https:\/\/wp.ufpel.edu.br\/ppgef\/wp-json\/wp\/v2\/posts\/3149\/revisions\/3150"}],"wp:attachment":[{"href":"https:\/\/wp.ufpel.edu.br\/ppgef\/wp-json\/wp\/v2\/media?parent=3149"}],"wp:term":[{"taxonomy":"category","embeddable":true,"href":"https:\/\/wp.ufpel.edu.br\/ppgef\/wp-json\/wp\/v2\/categories?post=3149"},{"taxonomy":"post_tag","embeddable":true,"href":"https:\/\/wp.ufpel.edu.br\/ppgef\/wp-json\/wp\/v2\/tags?post=3149"}],"curies":[{"name":"wp","href":"https:\/\/api.w.org\/{rel}","templated":true}]}}