{"id":3065,"date":"2022-03-25T09:17:08","date_gmt":"2022-03-25T12:17:08","guid":{"rendered":"https:\/\/wp.ufpel.edu.br\/ppgef\/?p=3065"},"modified":"2022-03-25T11:36:30","modified_gmt":"2022-03-25T14:36:30","slug":"qualificacao-de-doutorado-luana-siqueira-andrade","status":"publish","type":"post","link":"https:\/\/wp.ufpel.edu.br\/ppgef\/2022\/03\/25\/qualificacao-de-doutorado-luana-siqueira-andrade\/","title":{"rendered":"Qualifica\u00e7\u00e3o de Doutorado: Luana Siqueira Andrade"},"content":{"rendered":"<p><strong>\u201cTreinamento aer\u00f3bio no meio aqu\u00e1tico para promo\u00e7\u00e3o da sa\u00fade: par\u00e2metros agudos e efeitos cr\u00f4nicos na aptid\u00e3o f\u00edsica em indiv\u00edduos saud\u00e1veis\u201d<\/strong><\/p>\n<p><span style=\"font-weight: 400\">Data: 28\/03\/2022 Hor\u00e1rio: 13:30<\/span><\/p>\n<p><span style=\"font-weight: 400\">Banca:<\/span><\/p>\n<p><span style=\"font-weight: 400\">&#8211; \u00a0 Cristine Lima Alberton (orientadora)<\/span><\/p>\n<p><span style=\"font-weight: 400\">&#8211; \u00a0 Ana Carolina Kanitz (Programa de P\u00f3s-Gradua\u00e7\u00e3o em Ci\u00eancias do Movimento Humano\/UFRGS)<\/span><\/p>\n<p><span style=\"font-weight: 400\">&#8211; \u00a0 Rodrigo Sudatti Delevatti (Programa de P\u00f3s-Gradua\u00e7\u00e3o em Educa\u00e7\u00e3o F\u00edsica\/UFSC)<\/span><\/p>\n<p><span style=\"font-weight: 400\">&#8211; \u00a0 Gabriel Gustavo Bergmann (Suplente &#8211; Programa de P\u00f3s-Gradua\u00e7\u00e3o em Educa\u00e7\u00e3o F\u00edsica\/UFPel)<\/span><\/p>\n<p><a href=\"https:\/\/wp.ufpel.edu.br\/ppgef\/files\/2022\/03\/image0.jpeg\"><img class=\"alignleft size-medium wp-image-3084\" src=\"https:\/\/wp.ufpel.edu.br\/ppgef\/files\/2022\/03\/image0-400x400.jpeg\" alt=\"\" width=\"400\" height=\"400\" srcset=\"https:\/\/wp.ufpel.edu.br\/ppgef\/files\/2022\/03\/image0-400x400.jpeg 400w, https:\/\/wp.ufpel.edu.br\/ppgef\/files\/2022\/03\/image0-200x200.jpeg 200w, https:\/\/wp.ufpel.edu.br\/ppgef\/files\/2022\/03\/image0.jpeg 756w\" sizes=\"(max-width: 400px) 100vw, 400px\" \/><\/a><\/p>\n<p><strong>Link para acompanhar:<\/strong><\/p>\n<p><a href=\"https:\/\/webconf.ufpel.edu.br\/b\/cri-u62-xuu\"><b>https:\/\/webconf.ufpel.edu.br\/b\/cri-u62-xuu<\/b><\/a><\/p>\n","protected":false},"excerpt":{"rendered":"<p>\u201cTreinamento aer\u00f3bio no meio aqu\u00e1tico para promo\u00e7\u00e3o da sa\u00fade: par\u00e2metros agudos e efeitos cr\u00f4nicos na aptid\u00e3o f\u00edsica em indiv\u00edduos saud\u00e1veis\u201d Data: 28\/03\/2022 Hor\u00e1rio: 13:30 Banca: &#8211; \u00a0 Cristine Lima Alberton (orientadora) &#8211; \u00a0 Ana Carolina Kanitz (Programa de P\u00f3s-Gradua\u00e7\u00e3o em Ci\u00eancias do Movimento Humano\/UFRGS) &#8211; \u00a0 Rodrigo Sudatti Delevatti (Programa de P\u00f3s-Gradua\u00e7\u00e3o em Educa\u00e7\u00e3o F\u00edsica\/UFSC) [&hellip;]<\/p>\n","protected":false},"author":592,"featured_media":0,"comment_status":"closed","ping_status":"closed","sticky":false,"template":"","format":"standard","meta":{"footnotes":""},"categories":[1],"tags":[],"class_list":["post-3065","post","type-post","status-publish","format-standard","hentry","category-noticias"],"jetpack_featured_media_url":"","_links":{"self":[{"href":"https:\/\/wp.ufpel.edu.br\/ppgef\/wp-json\/wp\/v2\/posts\/3065","targetHints":{"allow":["GET"]}}],"collection":[{"href":"https:\/\/wp.ufpel.edu.br\/ppgef\/wp-json\/wp\/v2\/posts"}],"about":[{"href":"https:\/\/wp.ufpel.edu.br\/ppgef\/wp-json\/wp\/v2\/types\/post"}],"author":[{"embeddable":true,"href":"https:\/\/wp.ufpel.edu.br\/ppgef\/wp-json\/wp\/v2\/users\/592"}],"replies":[{"embeddable":true,"href":"https:\/\/wp.ufpel.edu.br\/ppgef\/wp-json\/wp\/v2\/comments?post=3065"}],"version-history":[{"count":2,"href":"https:\/\/wp.ufpel.edu.br\/ppgef\/wp-json\/wp\/v2\/posts\/3065\/revisions"}],"predecessor-version":[{"id":3085,"href":"https:\/\/wp.ufpel.edu.br\/ppgef\/wp-json\/wp\/v2\/posts\/3065\/revisions\/3085"}],"wp:attachment":[{"href":"https:\/\/wp.ufpel.edu.br\/ppgef\/wp-json\/wp\/v2\/media?parent=3065"}],"wp:term":[{"taxonomy":"category","embeddable":true,"href":"https:\/\/wp.ufpel.edu.br\/ppgef\/wp-json\/wp\/v2\/categories?post=3065"},{"taxonomy":"post_tag","embeddable":true,"href":"https:\/\/wp.ufpel.edu.br\/ppgef\/wp-json\/wp\/v2\/tags?post=3065"}],"curies":[{"name":"wp","href":"https:\/\/api.w.org\/{rel}","templated":true}]}}