{"id":3037,"date":"2022-02-15T14:15:04","date_gmt":"2022-02-15T17:15:04","guid":{"rendered":"https:\/\/wp.ufpel.edu.br\/ppgef\/?p=3037"},"modified":"2022-02-28T15:24:38","modified_gmt":"2022-02-28T18:24:38","slug":"processo-seletivo-para-aluno-especial-2022-1","status":"publish","type":"post","link":"https:\/\/wp.ufpel.edu.br\/ppgef\/2022\/02\/15\/processo-seletivo-para-aluno-especial-2022-1\/","title":{"rendered":"Processo Seletivo para aluno especial 2022\/1"},"content":{"rendered":"<p class=\"Texto_Justificado\">As inscri\u00e7\u00f5es da Sele\u00e7\u00e3o para cursar disciplinas regulares e\/ou optativas como alun@ especial do Programa de P\u00f3s-Gradua\u00e7\u00e3o em Educa\u00e7\u00e3o F\u00edsica da UFPel estar\u00e3o abertas no per\u00edodo de <strong>21 a 24 de fevereiro<\/strong><strong> de 2022<\/strong>, via Secretaria do Programa, por meio do envio dos documentos necess\u00e1rios para o e-mail exclusivo destinado aos processos seletivos,\u00a0<strong><u>selecao.ppgef@gmail.com<\/u><\/strong><\/p>\n<p><strong>LEIA ATENTAMENTE TODO O EDITAL POIS NENHUM CANDIDATO PODER\u00c1 PARTICIPAR DE QUALQUER ETAPA DO PROCESSO DE SELE\u00c7\u00c3O SE HOUVER PEND\u00caNCIA SOBRE A DOCUMENTA\u00c7\u00c3O REQUERIDA PARA A INSCRI\u00c7\u00c3O, OU AINDA, CASO OS DOCUMENTOS ESTEJAM ILEG\u00cdVEIS.<\/strong><\/p>\n<p><a href=\"https:\/\/wp.ufpel.edu.br\/ppgef\/files\/2022\/02\/SEI_UFPel-1587370-Edital-de-selecao-PRPPGI.pdf\" target=\"_blank\" rel=\"noopener\">Edital de sele\u00e7\u00e3o aluno especial PPGEF 2022\/1<\/a><\/p>\n<p><a href=\"https:\/\/wp.ufpel.edu.br\/ppgef\/files\/2022\/02\/Formulario-1-Requerimento-de-Inscricao-Aluno-Especial-1.doc\" target=\"_blank\" rel=\"noopener\">Formulario de Requerimento de Inscri\u00e7\u00e3o &#8211; Aluno Especial<\/a><\/p>\n<p><a href=\"https:\/\/wp.ufpel.edu.br\/ppgef\/files\/2022\/02\/Planilha-avaliacao-curriculo-proc-seletivo-2020-2-1.xlsx\" target=\"_blank\" rel=\"noopener\">Planilha de avalia\u00e7\u00e3o de curr\u00edculo-proc-seletivo-2022-1<\/a><\/p>\n","protected":false},"excerpt":{"rendered":"<p>As inscri\u00e7\u00f5es da Sele\u00e7\u00e3o para cursar disciplinas regulares e\/ou optativas como alun@ especial do Programa de P\u00f3s-Gradua\u00e7\u00e3o em Educa\u00e7\u00e3o F\u00edsica da UFPel estar\u00e3o abertas no per\u00edodo de 21 a 24 de fevereiro de 2022, via Secretaria do Programa, por meio do envio dos documentos necess\u00e1rios para o e-mail exclusivo destinado aos processos seletivos,\u00a0selecao.ppgef@gmail.com LEIA ATENTAMENTE [&hellip;]<\/p>\n","protected":false},"author":592,"featured_media":0,"comment_status":"closed","ping_status":"closed","sticky":false,"template":"","format":"standard","meta":{"footnotes":""},"categories":[1],"tags":[],"class_list":["post-3037","post","type-post","status-publish","format-standard","hentry","category-noticias"],"jetpack_featured_media_url":"","_links":{"self":[{"href":"https:\/\/wp.ufpel.edu.br\/ppgef\/wp-json\/wp\/v2\/posts\/3037","targetHints":{"allow":["GET"]}}],"collection":[{"href":"https:\/\/wp.ufpel.edu.br\/ppgef\/wp-json\/wp\/v2\/posts"}],"about":[{"href":"https:\/\/wp.ufpel.edu.br\/ppgef\/wp-json\/wp\/v2\/types\/post"}],"author":[{"embeddable":true,"href":"https:\/\/wp.ufpel.edu.br\/ppgef\/wp-json\/wp\/v2\/users\/592"}],"replies":[{"embeddable":true,"href":"https:\/\/wp.ufpel.edu.br\/ppgef\/wp-json\/wp\/v2\/comments?post=3037"}],"version-history":[{"count":1,"href":"https:\/\/wp.ufpel.edu.br\/ppgef\/wp-json\/wp\/v2\/posts\/3037\/revisions"}],"predecessor-version":[{"id":3041,"href":"https:\/\/wp.ufpel.edu.br\/ppgef\/wp-json\/wp\/v2\/posts\/3037\/revisions\/3041"}],"wp:attachment":[{"href":"https:\/\/wp.ufpel.edu.br\/ppgef\/wp-json\/wp\/v2\/media?parent=3037"}],"wp:term":[{"taxonomy":"category","embeddable":true,"href":"https:\/\/wp.ufpel.edu.br\/ppgef\/wp-json\/wp\/v2\/categories?post=3037"},{"taxonomy":"post_tag","embeddable":true,"href":"https:\/\/wp.ufpel.edu.br\/ppgef\/wp-json\/wp\/v2\/tags?post=3037"}],"curies":[{"name":"wp","href":"https:\/\/api.w.org\/{rel}","templated":true}]}}