{"id":3017,"date":"2022-02-07T08:51:59","date_gmt":"2022-02-07T11:51:59","guid":{"rendered":"https:\/\/wp.ufpel.edu.br\/ppgef\/?p=3017"},"modified":"2021-12-16T08:53:42","modified_gmt":"2021-12-16T11:53:42","slug":"qualificacao-de-mestrado-thais-elisabeth-balzan","status":"publish","type":"post","link":"https:\/\/wp.ufpel.edu.br\/ppgef\/2022\/02\/07\/qualificacao-de-mestrado-thais-elisabeth-balzan\/","title":{"rendered":"Qualifica\u00e7\u00e3o de Mestrado: Thais Elisabeth Balzan"},"content":{"rendered":"<p><b>Thais Elisabeth Balzan:\u00a0<\/b><\/p>\n<p><span style=\"font-weight: 400\">\u201cFases do ciclo menstrual em atletas de futsal e suas influ\u00eancias no desempenho f\u00edsico\u201d<\/span><\/p>\n<p><span style=\"font-weight: 400\">Data:<\/span> <span style=\"font-weight: 400\">15\/02\/2022 \u00e0s 14 horas<\/span><\/p>\n<p><span style=\"font-weight: 400\">Banca:<\/span><\/p>\n<p><span style=\"font-weight: 400\">&#8211; Gustavo Dias Ferreia (orientador)<\/span><\/p>\n<p><span style=\"font-weight: 400\">&#8211; Cristine Lima Alberton (PPGEF\/UFPel)<\/span><\/p>\n<p><span style=\"font-weight: 400\">&#8211; Ana Carolina Kanitz (Programa de P\u00f3s-Gradua\u00e7\u00e3o em Ci\u00eancias do Movimento<\/span><\/p>\n<p><span style=\"font-weight: 400\">Humano \/UFRGS)<\/span><\/p>\n<p><span style=\"font-weight: 400\">&#8211; Rafael Bueno Orcy (Suplente \u2013 PPGEF\/UFPel)<\/span><\/p>\n<p><span style=\"font-weight: 400\">Link de acesso: <\/span><a href=\"https:\/\/webconf.ufpel.edu.br\/b\/gus-zae-wxm\"><span style=\"font-weight: 400\">https:\/\/webconf.ufpel.edu.br\/b\/gus-zae-wxm<\/span><\/a><\/p>\n","protected":false},"excerpt":{"rendered":"<p>Thais Elisabeth Balzan:\u00a0 \u201cFases do ciclo menstrual em atletas de futsal e suas influ\u00eancias no desempenho f\u00edsico\u201d Data: 15\/02\/2022 \u00e0s 14 horas Banca: &#8211; Gustavo Dias Ferreia (orientador) &#8211; Cristine Lima Alberton (PPGEF\/UFPel) &#8211; Ana Carolina Kanitz (Programa de P\u00f3s-Gradua\u00e7\u00e3o em Ci\u00eancias do Movimento Humano \/UFRGS) &#8211; Rafael Bueno Orcy (Suplente \u2013 PPGEF\/UFPel) Link de [&hellip;]<\/p>\n","protected":false},"author":592,"featured_media":0,"comment_status":"closed","ping_status":"closed","sticky":false,"template":"","format":"standard","meta":{"footnotes":""},"categories":[1],"tags":[],"class_list":["post-3017","post","type-post","status-publish","format-standard","hentry","category-noticias"],"jetpack_featured_media_url":"","_links":{"self":[{"href":"https:\/\/wp.ufpel.edu.br\/ppgef\/wp-json\/wp\/v2\/posts\/3017","targetHints":{"allow":["GET"]}}],"collection":[{"href":"https:\/\/wp.ufpel.edu.br\/ppgef\/wp-json\/wp\/v2\/posts"}],"about":[{"href":"https:\/\/wp.ufpel.edu.br\/ppgef\/wp-json\/wp\/v2\/types\/post"}],"author":[{"embeddable":true,"href":"https:\/\/wp.ufpel.edu.br\/ppgef\/wp-json\/wp\/v2\/users\/592"}],"replies":[{"embeddable":true,"href":"https:\/\/wp.ufpel.edu.br\/ppgef\/wp-json\/wp\/v2\/comments?post=3017"}],"version-history":[{"count":1,"href":"https:\/\/wp.ufpel.edu.br\/ppgef\/wp-json\/wp\/v2\/posts\/3017\/revisions"}],"predecessor-version":[{"id":3018,"href":"https:\/\/wp.ufpel.edu.br\/ppgef\/wp-json\/wp\/v2\/posts\/3017\/revisions\/3018"}],"wp:attachment":[{"href":"https:\/\/wp.ufpel.edu.br\/ppgef\/wp-json\/wp\/v2\/media?parent=3017"}],"wp:term":[{"taxonomy":"category","embeddable":true,"href":"https:\/\/wp.ufpel.edu.br\/ppgef\/wp-json\/wp\/v2\/categories?post=3017"},{"taxonomy":"post_tag","embeddable":true,"href":"https:\/\/wp.ufpel.edu.br\/ppgef\/wp-json\/wp\/v2\/tags?post=3017"}],"curies":[{"name":"wp","href":"https:\/\/api.w.org\/{rel}","templated":true}]}}