{"id":3005,"date":"2021-12-19T08:40:57","date_gmt":"2021-12-19T11:40:57","guid":{"rendered":"https:\/\/wp.ufpel.edu.br\/ppgef\/?p=3005"},"modified":"2021-12-15T08:41:57","modified_gmt":"2021-12-15T11:41:57","slug":"defesa-final-de-mestrado-brenda-de-pinho-bastos-2","status":"publish","type":"post","link":"https:\/\/wp.ufpel.edu.br\/ppgef\/2021\/12\/19\/defesa-final-de-mestrado-brenda-de-pinho-bastos-2\/","title":{"rendered":"Defesa Final de Mestrado: Brenda de Pinho Bastos"},"content":{"rendered":"<p><b>Brenda de Pinho Bastos:<\/b><\/p>\n<p><span style=\"font-weight: 400\">\u201cEfeitos do feedback de compara\u00e7\u00e3o temporal na aprendizagem motora em<\/span><\/p>\n<p><span style=\"font-weight: 400\">adolescentes\u201d<\/span><\/p>\n<p><span style=\"font-weight: 400\">Data:<\/span><span style=\"font-weight: 400\"> 22\/12\/2021 \u00e0s 09:00h\u00a0<\/span><\/p>\n<p><span style=\"font-weight: 400\">Banca:\u00a0<\/span><\/p>\n<p><span style=\"font-weight: 400\">&#8211; Prof. Dr. Ricardo Drews (orientador)<\/span><\/p>\n<p><span style=\"font-weight: 400\">&#8211; Prof. Dr. Rodolfo Novellino Benda (PPGEF\/UFPEL)<\/span><\/p>\n<p><span style=\"font-weight: 400\">&#8211; Prof. Dr. Matheus Maia Pacheco (Programa de P\u00f3s-Gradua\u00e7\u00e3o em<\/span><\/p>\n<p><span style=\"font-weight: 400\">Educa\u00e7\u00e3o F\u00edsica e Esporte \u2013 Escola de Educa\u00e7\u00e3o F\u00edsica e Esporte de<\/span><\/p>\n<p><span style=\"font-weight: 400\">Ribeir\u00e3o Preto da Universidade de S\u00e3o Paulo &#8211; EEFERP-USP)<\/span><\/p>\n<p><span style=\"font-weight: 400\">&#8211; Profa. Dra. Suzete Chiviacowsky Clark (Suplente \u2013 (PPGEF\/UFPel)<\/span><\/p>\n<p>&nbsp;<\/p>\n<p><span style=\"font-weight: 400\">Link de acesso: <\/span><a href=\"https:\/\/teams.microsoft.com\/l\/meetup-join\/19%3aZPgbiAbCdTnxdXehSV8V3zrHLgMFUZCpebHZHSFxyxE1%40thread.tacv2\/1638631132693?context=%7b%22Tid%22%3a%22cd5e6d23-cb99-4189-88ab-1a9021a0c451%22%2c%22Oid%22%3a%22d0329c2a-0114-4b56-b1f8-98e0325fcd40%22%7d\"><span style=\"font-weight: 400\">https:\/\/teams.microsoft.com\/l\/meetup-join\/19%3aZPgbiAbCdTnxdXehSV8V3zrHLgMFUZCpebHZHSFxyxE1%40thread.tacv2\/1638631132693?context=%7b%22Tid%22%3a%22cd5e6d23-cb99-4189-88ab-1a9021a0c451%22%2c%22Oid%22%3a%22d0329c2a-0114-4b56-b1f8-98e0325fcd40%22%7d<\/span><\/a><\/p>\n","protected":false},"excerpt":{"rendered":"<p>Brenda de Pinho Bastos: \u201cEfeitos do feedback de compara\u00e7\u00e3o temporal na aprendizagem motora em adolescentes\u201d Data: 22\/12\/2021 \u00e0s 09:00h\u00a0 Banca:\u00a0 &#8211; Prof. Dr. Ricardo Drews (orientador) &#8211; Prof. Dr. Rodolfo Novellino Benda (PPGEF\/UFPEL) &#8211; Prof. Dr. Matheus Maia Pacheco (Programa de P\u00f3s-Gradua\u00e7\u00e3o em Educa\u00e7\u00e3o F\u00edsica e Esporte \u2013 Escola de Educa\u00e7\u00e3o F\u00edsica e Esporte de [&hellip;]<\/p>\n","protected":false},"author":592,"featured_media":0,"comment_status":"closed","ping_status":"closed","sticky":false,"template":"","format":"standard","meta":{"footnotes":""},"categories":[1],"tags":[],"class_list":["post-3005","post","type-post","status-publish","format-standard","hentry","category-noticias"],"jetpack_featured_media_url":"","_links":{"self":[{"href":"https:\/\/wp.ufpel.edu.br\/ppgef\/wp-json\/wp\/v2\/posts\/3005","targetHints":{"allow":["GET"]}}],"collection":[{"href":"https:\/\/wp.ufpel.edu.br\/ppgef\/wp-json\/wp\/v2\/posts"}],"about":[{"href":"https:\/\/wp.ufpel.edu.br\/ppgef\/wp-json\/wp\/v2\/types\/post"}],"author":[{"embeddable":true,"href":"https:\/\/wp.ufpel.edu.br\/ppgef\/wp-json\/wp\/v2\/users\/592"}],"replies":[{"embeddable":true,"href":"https:\/\/wp.ufpel.edu.br\/ppgef\/wp-json\/wp\/v2\/comments?post=3005"}],"version-history":[{"count":1,"href":"https:\/\/wp.ufpel.edu.br\/ppgef\/wp-json\/wp\/v2\/posts\/3005\/revisions"}],"predecessor-version":[{"id":3006,"href":"https:\/\/wp.ufpel.edu.br\/ppgef\/wp-json\/wp\/v2\/posts\/3005\/revisions\/3006"}],"wp:attachment":[{"href":"https:\/\/wp.ufpel.edu.br\/ppgef\/wp-json\/wp\/v2\/media?parent=3005"}],"wp:term":[{"taxonomy":"category","embeddable":true,"href":"https:\/\/wp.ufpel.edu.br\/ppgef\/wp-json\/wp\/v2\/categories?post=3005"},{"taxonomy":"post_tag","embeddable":true,"href":"https:\/\/wp.ufpel.edu.br\/ppgef\/wp-json\/wp\/v2\/tags?post=3005"}],"curies":[{"name":"wp","href":"https:\/\/api.w.org\/{rel}","templated":true}]}}