{"id":2962,"date":"2021-12-06T09:23:31","date_gmt":"2021-12-06T12:23:31","guid":{"rendered":"https:\/\/wp.ufpel.edu.br\/ppgef\/?p=2962"},"modified":"2021-12-06T15:19:29","modified_gmt":"2021-12-06T18:19:29","slug":"qualificacao-de-mestrado","status":"publish","type":"post","link":"https:\/\/wp.ufpel.edu.br\/ppgef\/2021\/12\/06\/qualificacao-de-mestrado\/","title":{"rendered":"Qualifica\u00e7\u00e3o de Mestrado: Franciele Costa Bern\u00ed"},"content":{"rendered":"<p><a href=\"https:\/\/wp.ufpel.edu.br\/ppgef\/files\/2021\/12\/WhatsApp-Image-2021-12-06-at-08.29.36.jpeg\"><img class=\"alignnone size-medium wp-image-2996\" src=\"https:\/\/wp.ufpel.edu.br\/ppgef\/files\/2021\/12\/WhatsApp-Image-2021-12-06-at-08.29.36-400x400.jpeg\" alt=\"\" width=\"400\" height=\"400\" srcset=\"https:\/\/wp.ufpel.edu.br\/ppgef\/files\/2021\/12\/WhatsApp-Image-2021-12-06-at-08.29.36-400x400.jpeg 400w, https:\/\/wp.ufpel.edu.br\/ppgef\/files\/2021\/12\/WhatsApp-Image-2021-12-06-at-08.29.36-200x200.jpeg 200w, https:\/\/wp.ufpel.edu.br\/ppgef\/files\/2021\/12\/WhatsApp-Image-2021-12-06-at-08.29.36.jpeg 756w\" sizes=\"(max-width: 400px) 100vw, 400px\" \/><\/a><\/p>\n<p>&nbsp;<\/p>\n<p><span style=\"font-weight: 400\">Data:<\/span><span style=\"font-weight: 400\"> 09\/12\/2021 Quinta &#8211; \u00e0s 09:00h<\/span><\/p>\n<p><span style=\"font-weight: 400\">\u201cEfeitos de um programa remoto de treinamento funcional combinado com exerc\u00edcios cognitivos para idosos com risco aumentado de vulnerabilidade cl\u00ednico-funcional: um ensaio cl\u00ednico randomizado\u201d<\/span><\/p>\n<p><span style=\"font-weight: 400\">Banca:\u00a0<\/span><\/p>\n<p><span style=\"font-weight: 400\">&#8211; Prof\u00aa. Dra. Cristine Lima Alberton (orientadora)<\/span><\/p>\n<p><span style=\"font-weight: 400\">&#8211; Prof\u00aa. Dra. Andr\u00e9a Kruger Gon\u00e7alves (PPGCMH &#8211; UFRGS)<\/span><\/p>\n<p><span style=\"font-weight: 400\">&#8211; Prof. Dr. Airton Jos\u00e9 Rombaldi (PPGEF &#8211; UFPel)<\/span><\/p>\n<p><span style=\"font-weight: 400\">&#8211; Prof\u00aa. Dra. Stephanie Santana Pinto (Suplente \u2013 PPGEF\/UFPel)<\/span><\/p>\n<p>&nbsp;<\/p>\n<p>Link de acesso: <a href=\"https:\/\/webconf.ufpel.edu.br\/b\/cri-u62-xuu\">https:\/\/webconf.ufpel.edu.br\/b\/cri-u62-xuu<\/a><\/p>\n","protected":false},"excerpt":{"rendered":"<p>&nbsp; Data: 09\/12\/2021 Quinta &#8211; \u00e0s 09:00h \u201cEfeitos de um programa remoto de treinamento funcional combinado com exerc\u00edcios cognitivos para idosos com risco aumentado de vulnerabilidade cl\u00ednico-funcional: um ensaio cl\u00ednico randomizado\u201d Banca:\u00a0 &#8211; Prof\u00aa. Dra. Cristine Lima Alberton (orientadora) &#8211; Prof\u00aa. Dra. Andr\u00e9a Kruger Gon\u00e7alves (PPGCMH &#8211; UFRGS) &#8211; Prof. Dr. Airton Jos\u00e9 Rombaldi (PPGEF [&hellip;]<\/p>\n","protected":false},"author":592,"featured_media":0,"comment_status":"closed","ping_status":"closed","sticky":false,"template":"","format":"standard","meta":{"footnotes":""},"categories":[1],"tags":[],"class_list":["post-2962","post","type-post","status-publish","format-standard","hentry","category-noticias"],"jetpack_featured_media_url":"","_links":{"self":[{"href":"https:\/\/wp.ufpel.edu.br\/ppgef\/wp-json\/wp\/v2\/posts\/2962","targetHints":{"allow":["GET"]}}],"collection":[{"href":"https:\/\/wp.ufpel.edu.br\/ppgef\/wp-json\/wp\/v2\/posts"}],"about":[{"href":"https:\/\/wp.ufpel.edu.br\/ppgef\/wp-json\/wp\/v2\/types\/post"}],"author":[{"embeddable":true,"href":"https:\/\/wp.ufpel.edu.br\/ppgef\/wp-json\/wp\/v2\/users\/592"}],"replies":[{"embeddable":true,"href":"https:\/\/wp.ufpel.edu.br\/ppgef\/wp-json\/wp\/v2\/comments?post=2962"}],"version-history":[{"count":5,"href":"https:\/\/wp.ufpel.edu.br\/ppgef\/wp-json\/wp\/v2\/posts\/2962\/revisions"}],"predecessor-version":[{"id":2997,"href":"https:\/\/wp.ufpel.edu.br\/ppgef\/wp-json\/wp\/v2\/posts\/2962\/revisions\/2997"}],"wp:attachment":[{"href":"https:\/\/wp.ufpel.edu.br\/ppgef\/wp-json\/wp\/v2\/media?parent=2962"}],"wp:term":[{"taxonomy":"category","embeddable":true,"href":"https:\/\/wp.ufpel.edu.br\/ppgef\/wp-json\/wp\/v2\/categories?post=2962"},{"taxonomy":"post_tag","embeddable":true,"href":"https:\/\/wp.ufpel.edu.br\/ppgef\/wp-json\/wp\/v2\/tags?post=2962"}],"curies":[{"name":"wp","href":"https:\/\/api.w.org\/{rel}","templated":true}]}}