{"id":2747,"date":"2021-05-21T19:28:26","date_gmt":"2021-05-21T22:28:26","guid":{"rendered":"https:\/\/wp.ufpel.edu.br\/ppgef\/?p=2747"},"modified":"2021-05-21T19:28:26","modified_gmt":"2021-05-21T22:28:26","slug":"qualificacao-de-doutorado-luciana-tornquist","status":"publish","type":"post","link":"https:\/\/wp.ufpel.edu.br\/ppgef\/2021\/05\/21\/qualificacao-de-doutorado-luciana-tornquist\/","title":{"rendered":"Qualifica\u00e7\u00e3o de Doutorado: Luciana Tornquist"},"content":{"rendered":"<p><strong>Dia:<\/strong> 24\/05\/2021 \u2013 segunda-feira \u00e0s 16:00h<\/p>\n<p>&#8220;Atividade f\u00edsica e \u00edndice de massa corporal maternos e suas rela\u00e7\u00f5es com sintomas depressivos na coorte de Pelotas 2015: do pr\u00e9-natal aos quatro anos p\u00f3s-parto&#8221;<\/p>\n<p><strong>Banca:\u00a0<\/strong> <span style=\"font-family: 'Times New Roman',serif\">Prof. Dr. Marlos Rodrigues Domingues (orientador)<\/span><\/p>\n<p class=\"Default\" style=\"line-height: 150%\"><span style=\"font-family: 'Times New Roman',serif\">Prof. Dr. Pedro Rodrigues Curi Hallal (PPGEF &#8211; UFPEL)<\/span><\/p>\n<p class=\"Default\" style=\"line-height: 150%\"><span style=\"font-family: 'Times New Roman',serif\">Prof. Dr. Felipe Fossati Reichert (PPGEF &#8211; UFPEL)<\/span><\/p>\n<p class=\"Default\" style=\"line-height: 150%\"><span style=\"font-family: 'Times New Roman',serif\">Profa. Dra. Mariza Miranda Theme Filha \u2013 PPG de Epidemiologia em Sa\u00fade P\u00fablica &#8211; ENSP\/Fiocruz <\/span><\/p>\n<p class=\"Default\" style=\"line-height: 150%\"><span style=\"font-family: 'Times New Roman',serif\">Prof. Dr. Airton Jos\u00e9 Rombaldi (suplente &#8211; ESEF\/UFPEL)<\/span><\/p>\n<p>Link da apresenta\u00e7\u00e3o:\u00a0<a href=\"https:\/\/webconf.ufpel.edu.br\/b\/mar-wyn-kn9\">https:\/\/webconf.ufpel.edu.br\/b\/mar-wyn-kn9<\/a><\/p>\n","protected":false},"excerpt":{"rendered":"<p>Dia: 24\/05\/2021 \u2013 segunda-feira \u00e0s 16:00h &#8220;Atividade f\u00edsica e \u00edndice de massa corporal maternos e suas rela\u00e7\u00f5es com sintomas depressivos na coorte de Pelotas 2015: do pr\u00e9-natal aos quatro anos p\u00f3s-parto&#8221; Banca:\u00a0 Prof. Dr. Marlos Rodrigues Domingues (orientador) Prof. Dr. Pedro Rodrigues Curi Hallal (PPGEF &#8211; UFPEL) Prof. Dr. Felipe Fossati Reichert (PPGEF &#8211; UFPEL) [&hellip;]<\/p>\n","protected":false},"author":592,"featured_media":0,"comment_status":"closed","ping_status":"closed","sticky":false,"template":"","format":"standard","meta":{"footnotes":""},"categories":[1],"tags":[],"class_list":["post-2747","post","type-post","status-publish","format-standard","hentry","category-noticias"],"jetpack_featured_media_url":"","_links":{"self":[{"href":"https:\/\/wp.ufpel.edu.br\/ppgef\/wp-json\/wp\/v2\/posts\/2747","targetHints":{"allow":["GET"]}}],"collection":[{"href":"https:\/\/wp.ufpel.edu.br\/ppgef\/wp-json\/wp\/v2\/posts"}],"about":[{"href":"https:\/\/wp.ufpel.edu.br\/ppgef\/wp-json\/wp\/v2\/types\/post"}],"author":[{"embeddable":true,"href":"https:\/\/wp.ufpel.edu.br\/ppgef\/wp-json\/wp\/v2\/users\/592"}],"replies":[{"embeddable":true,"href":"https:\/\/wp.ufpel.edu.br\/ppgef\/wp-json\/wp\/v2\/comments?post=2747"}],"version-history":[{"count":1,"href":"https:\/\/wp.ufpel.edu.br\/ppgef\/wp-json\/wp\/v2\/posts\/2747\/revisions"}],"predecessor-version":[{"id":2748,"href":"https:\/\/wp.ufpel.edu.br\/ppgef\/wp-json\/wp\/v2\/posts\/2747\/revisions\/2748"}],"wp:attachment":[{"href":"https:\/\/wp.ufpel.edu.br\/ppgef\/wp-json\/wp\/v2\/media?parent=2747"}],"wp:term":[{"taxonomy":"category","embeddable":true,"href":"https:\/\/wp.ufpel.edu.br\/ppgef\/wp-json\/wp\/v2\/categories?post=2747"},{"taxonomy":"post_tag","embeddable":true,"href":"https:\/\/wp.ufpel.edu.br\/ppgef\/wp-json\/wp\/v2\/tags?post=2747"}],"curies":[{"name":"wp","href":"https:\/\/api.w.org\/{rel}","templated":true}]}}