{"id":2733,"date":"2021-05-14T19:42:40","date_gmt":"2021-05-14T22:42:40","guid":{"rendered":"https:\/\/wp.ufpel.edu.br\/ppgef\/?p=2733"},"modified":"2021-05-14T19:42:40","modified_gmt":"2021-05-14T22:42:40","slug":"qualificacao-de-doutorado-debora-tornquist","status":"publish","type":"post","link":"https:\/\/wp.ufpel.edu.br\/ppgef\/2021\/05\/14\/qualificacao-de-doutorado-debora-tornquist\/","title":{"rendered":"Qualifica\u00e7\u00e3o de Doutorado: Debora Tornquist"},"content":{"rendered":"<p><strong>Dia:<\/strong> 17\/05\/2021 &#8211; segunda-feira \u00e0s 16:00h<\/p>\n<p>&#8220;Padr\u00f5es de atividade f\u00edsica nos primeiros anos de vida e seus correlatos: estudo na coorte de nascimento 2015 de Pelotas (RS).&#8221;<\/p>\n<p><strong>Banca:<\/strong> Prof. Dr. Marlos Rodrigues Domingues \u00a0(orientador &#8211; PPGEF \/ UFPel)<\/p>\n<p>Prof. Dr. Pedro Rodrigues Curi Hallal (PPGEF &#8211; UFPEL)<\/p>\n<p>Prof. Dr. Marcelo Cozzensa da Silva (PPGEF &#8211; UFPEL)<\/p>\n<p>Profa. Dra. Renata Moraes Bielemann \u2013 PPG Nutri\u00e7\u00e3o\/Ufpel<\/p>\n<p>Prof. Dr. In\u00e1cio Crochemore da Silva (suplente &#8211; ESEF\/UFPEL)<\/p>\n<p>Link da apresenta\u00e7\u00e3o: <a href=\"https:\/\/webconf.ufpel.edu.br\/b\/mar-wyn-kn9\">https:\/\/webconf.ufpel.edu.br\/b\/mar-wyn-kn9<\/a><\/p>\n","protected":false},"excerpt":{"rendered":"<p>Dia: 17\/05\/2021 &#8211; segunda-feira \u00e0s 16:00h &#8220;Padr\u00f5es de atividade f\u00edsica nos primeiros anos de vida e seus correlatos: estudo na coorte de nascimento 2015 de Pelotas (RS).&#8221; Banca: Prof. Dr. Marlos Rodrigues Domingues \u00a0(orientador &#8211; PPGEF \/ UFPel) Prof. Dr. Pedro Rodrigues Curi Hallal (PPGEF &#8211; UFPEL) Prof. Dr. Marcelo Cozzensa da Silva (PPGEF &#8211; [&hellip;]<\/p>\n","protected":false},"author":592,"featured_media":0,"comment_status":"closed","ping_status":"closed","sticky":false,"template":"","format":"standard","meta":{"footnotes":""},"categories":[1],"tags":[],"class_list":["post-2733","post","type-post","status-publish","format-standard","hentry","category-noticias"],"jetpack_featured_media_url":"","_links":{"self":[{"href":"https:\/\/wp.ufpel.edu.br\/ppgef\/wp-json\/wp\/v2\/posts\/2733","targetHints":{"allow":["GET"]}}],"collection":[{"href":"https:\/\/wp.ufpel.edu.br\/ppgef\/wp-json\/wp\/v2\/posts"}],"about":[{"href":"https:\/\/wp.ufpel.edu.br\/ppgef\/wp-json\/wp\/v2\/types\/post"}],"author":[{"embeddable":true,"href":"https:\/\/wp.ufpel.edu.br\/ppgef\/wp-json\/wp\/v2\/users\/592"}],"replies":[{"embeddable":true,"href":"https:\/\/wp.ufpel.edu.br\/ppgef\/wp-json\/wp\/v2\/comments?post=2733"}],"version-history":[{"count":1,"href":"https:\/\/wp.ufpel.edu.br\/ppgef\/wp-json\/wp\/v2\/posts\/2733\/revisions"}],"predecessor-version":[{"id":2734,"href":"https:\/\/wp.ufpel.edu.br\/ppgef\/wp-json\/wp\/v2\/posts\/2733\/revisions\/2734"}],"wp:attachment":[{"href":"https:\/\/wp.ufpel.edu.br\/ppgef\/wp-json\/wp\/v2\/media?parent=2733"}],"wp:term":[{"taxonomy":"category","embeddable":true,"href":"https:\/\/wp.ufpel.edu.br\/ppgef\/wp-json\/wp\/v2\/categories?post=2733"},{"taxonomy":"post_tag","embeddable":true,"href":"https:\/\/wp.ufpel.edu.br\/ppgef\/wp-json\/wp\/v2\/tags?post=2733"}],"curies":[{"name":"wp","href":"https:\/\/api.w.org\/{rel}","templated":true}]}}