{"id":1726,"date":"2020-07-21T19:18:58","date_gmt":"2020-07-21T22:18:58","guid":{"rendered":"https:\/\/wp.ufpel.edu.br\/ppgef\/?p=1726"},"modified":"2020-07-21T19:21:03","modified_gmt":"2020-07-21T22:21:03","slug":"defesa-final-de-dissertacao-jose-alberto-coutinho-da-silva","status":"publish","type":"post","link":"https:\/\/wp.ufpel.edu.br\/ppgef\/2020\/07\/21\/defesa-final-de-dissertacao-jose-alberto-coutinho-da-silva\/","title":{"rendered":"Defesa final de Disserta\u00e7\u00e3o: Jos\u00e9 Alberto Coutinho da Silva"},"content":{"rendered":"<p><strong>Dia 24\/07\/2020<\/strong><strong> &#8211; Sexta-Feira as 09h<\/strong><\/p>\n<p><strong>Disserta\u00e7\u00e3o:<\/strong> \u201cA TRAJET\u00d3RIA DE ESTUDANTES NEGROS E NEGRAS INGRESSANTES POR COTAS \u00c9TNICO-RACIAIS DOS CURSOS DE GRADUA\u00c7\u00c3O EM EDUCA\u00c7\u00c3O F\u00cdSICA DA UFPEL\u201d<\/p>\n<p><strong>Banca:<\/strong> Prof. Dr. Giovanni Felipe Ernst Frizzo (orientador)<\/p>\n<p>Prof\u00aa. Dr\u00aa. Georgina Helena Lima Nunes (PPGE UFPel)<\/p>\n<p>Prof\u00aa. Dr\u00aa. Valdelaine da Rosa Mendes (PPGE UFPel)<\/p>\n<p>Prof\u00aa. Dr\u00aa. Mari\u00e2ngela da Rosa Afonso (Suplente \u2013 PPGEF UFPel)<\/p>\n<p>&nbsp;<\/p>\n<p>Link da apresenta\u00e7\u00e3o: <a href=\"https:\/\/webconf.ufpel.edu.br\/b\/jos-t4w-edv\" target=\"_blank\" rel=\"noopener noreferrer\" data-saferedirecturl=\"https:\/\/www.google.com\/url?q=https:\/\/webconf.ufpel.edu.br\/b\/jos-t4w-edv&amp;source=gmail&amp;ust=1595456100325000&amp;usg=AFQjCNH5aa6RVmw1KmTOYCpueZOZyoiQLg\">https:\/\/webconf.ufpel.edu.br\/b\/jos-t4w-edv<\/a><\/p>\n","protected":false},"excerpt":{"rendered":"<p>Dia 24\/07\/2020 &#8211; Sexta-Feira as 09h Disserta\u00e7\u00e3o: \u201cA TRAJET\u00d3RIA DE ESTUDANTES NEGROS E NEGRAS INGRESSANTES POR COTAS \u00c9TNICO-RACIAIS DOS CURSOS DE GRADUA\u00c7\u00c3O EM EDUCA\u00c7\u00c3O F\u00cdSICA DA UFPEL\u201d Banca: Prof. Dr. Giovanni Felipe Ernst Frizzo (orientador) Prof\u00aa. Dr\u00aa. Georgina Helena Lima Nunes (PPGE UFPel) Prof\u00aa. Dr\u00aa. Valdelaine da Rosa Mendes (PPGE UFPel) Prof\u00aa. Dr\u00aa. Mari\u00e2ngela da [&hellip;]<\/p>\n","protected":false},"author":592,"featured_media":0,"comment_status":"closed","ping_status":"closed","sticky":false,"template":"","format":"standard","meta":{"footnotes":""},"categories":[1],"tags":[],"class_list":["post-1726","post","type-post","status-publish","format-standard","hentry","category-noticias"],"jetpack_featured_media_url":"","_links":{"self":[{"href":"https:\/\/wp.ufpel.edu.br\/ppgef\/wp-json\/wp\/v2\/posts\/1726","targetHints":{"allow":["GET"]}}],"collection":[{"href":"https:\/\/wp.ufpel.edu.br\/ppgef\/wp-json\/wp\/v2\/posts"}],"about":[{"href":"https:\/\/wp.ufpel.edu.br\/ppgef\/wp-json\/wp\/v2\/types\/post"}],"author":[{"embeddable":true,"href":"https:\/\/wp.ufpel.edu.br\/ppgef\/wp-json\/wp\/v2\/users\/592"}],"replies":[{"embeddable":true,"href":"https:\/\/wp.ufpel.edu.br\/ppgef\/wp-json\/wp\/v2\/comments?post=1726"}],"version-history":[{"count":4,"href":"https:\/\/wp.ufpel.edu.br\/ppgef\/wp-json\/wp\/v2\/posts\/1726\/revisions"}],"predecessor-version":[{"id":1730,"href":"https:\/\/wp.ufpel.edu.br\/ppgef\/wp-json\/wp\/v2\/posts\/1726\/revisions\/1730"}],"wp:attachment":[{"href":"https:\/\/wp.ufpel.edu.br\/ppgef\/wp-json\/wp\/v2\/media?parent=1726"}],"wp:term":[{"taxonomy":"category","embeddable":true,"href":"https:\/\/wp.ufpel.edu.br\/ppgef\/wp-json\/wp\/v2\/categories?post=1726"},{"taxonomy":"post_tag","embeddable":true,"href":"https:\/\/wp.ufpel.edu.br\/ppgef\/wp-json\/wp\/v2\/tags?post=1726"}],"curies":[{"name":"wp","href":"https:\/\/api.w.org\/{rel}","templated":true}]}}