{"id":1301,"date":"2018-08-19T21:39:44","date_gmt":"2018-08-20T00:39:44","guid":{"rendered":"https:\/\/wp.ufpel.edu.br\/ppgef\/?p=1301"},"modified":"2018-08-19T21:39:44","modified_gmt":"2018-08-20T00:39:44","slug":"palestra-e-confraternizacao-de-boas-vindas-aos-alunos-do-ppgef","status":"publish","type":"post","link":"https:\/\/wp.ufpel.edu.br\/ppgef\/2018\/08\/19\/palestra-e-confraternizacao-de-boas-vindas-aos-alunos-do-ppgef\/","title":{"rendered":"Palestra e confraterniza\u00e7\u00e3o de Boas Vindas aos alunos do PPGEF"},"content":{"rendered":"<p>Caros alunos, professores e funcion\u00e1rios. Mais um ano do curso de P\u00f3s-Gradua\u00e7\u00e3o se inicia. Com o intuito de recepcionar a todos, em especial os alunos do Programa, a Coordena\u00e7\u00e3o estar\u00e1 realizando nesta quarta-feira, dia 22 de agosto, a partir das 18:30 horas, um evento que apresentar\u00e1 o Programa\u00a0 e seu novo regimento aos alunos, seguido de uma confraterniza\u00e7\u00e3o regada a salgados e doce. \u00c9 uma oportunidade para recebermos quem inicia suas atividades no Programa, dar as boas vindas a quem nele j\u00e1 se encontra e oportunizar um contato de maneira mais informal entre os colegas das diferentes linhas de pesquisa.\u00a0 Aos bolsistas, tal evento j\u00e1 conta como tarefa obrigat\u00f3ria. Aguardamos a presen\u00e7a de TODOS !<\/p>\n<p>Abra\u00e7o e aguardamos voc\u00eas no Audit\u00f3rio da ESEF na quarta.<\/p>\n<p>Marcelo Cozzensa da Silva<\/p>\n<p>Coordenador do PPGEF<\/p>\n","protected":false},"excerpt":{"rendered":"<p>Caros alunos, professores e funcion\u00e1rios. Mais um ano do curso de P\u00f3s-Gradua\u00e7\u00e3o se inicia. Com o intuito de recepcionar a todos, em especial os alunos do Programa, a Coordena\u00e7\u00e3o estar\u00e1 realizando nesta quarta-feira, dia 22 de agosto, a partir das 18:30 horas, um evento que apresentar\u00e1 o Programa\u00a0 e seu novo regimento aos alunos, seguido [&hellip;]<\/p>\n","protected":false},"author":592,"featured_media":0,"comment_status":"closed","ping_status":"closed","sticky":false,"template":"","format":"standard","meta":{"footnotes":""},"categories":[1],"tags":[],"class_list":["post-1301","post","type-post","status-publish","format-standard","hentry","category-noticias"],"jetpack_featured_media_url":"","_links":{"self":[{"href":"https:\/\/wp.ufpel.edu.br\/ppgef\/wp-json\/wp\/v2\/posts\/1301","targetHints":{"allow":["GET"]}}],"collection":[{"href":"https:\/\/wp.ufpel.edu.br\/ppgef\/wp-json\/wp\/v2\/posts"}],"about":[{"href":"https:\/\/wp.ufpel.edu.br\/ppgef\/wp-json\/wp\/v2\/types\/post"}],"author":[{"embeddable":true,"href":"https:\/\/wp.ufpel.edu.br\/ppgef\/wp-json\/wp\/v2\/users\/592"}],"replies":[{"embeddable":true,"href":"https:\/\/wp.ufpel.edu.br\/ppgef\/wp-json\/wp\/v2\/comments?post=1301"}],"version-history":[{"count":1,"href":"https:\/\/wp.ufpel.edu.br\/ppgef\/wp-json\/wp\/v2\/posts\/1301\/revisions"}],"predecessor-version":[{"id":1302,"href":"https:\/\/wp.ufpel.edu.br\/ppgef\/wp-json\/wp\/v2\/posts\/1301\/revisions\/1302"}],"wp:attachment":[{"href":"https:\/\/wp.ufpel.edu.br\/ppgef\/wp-json\/wp\/v2\/media?parent=1301"}],"wp:term":[{"taxonomy":"category","embeddable":true,"href":"https:\/\/wp.ufpel.edu.br\/ppgef\/wp-json\/wp\/v2\/categories?post=1301"},{"taxonomy":"post_tag","embeddable":true,"href":"https:\/\/wp.ufpel.edu.br\/ppgef\/wp-json\/wp\/v2\/tags?post=1301"}],"curies":[{"name":"wp","href":"https:\/\/api.w.org\/{rel}","templated":true}]}}