{"id":1279,"date":"2018-08-13T14:30:04","date_gmt":"2018-08-13T17:30:04","guid":{"rendered":"https:\/\/wp.ufpel.edu.br\/ppgef\/?p=1279"},"modified":"2018-08-14T11:27:01","modified_gmt":"2018-08-14T14:27:01","slug":"edital-de-aluno-especial-2o-sem-de-2018","status":"publish","type":"post","link":"https:\/\/wp.ufpel.edu.br\/ppgef\/2018\/08\/13\/edital-de-aluno-especial-2o-sem-de-2018\/","title":{"rendered":"Edital de Aluno Especial &#8211; 2\u00ba sem de 2018"},"content":{"rendered":"<p>Inscri\u00e7\u00f5es nos de 13 a 15 de agosto das 08:30 \u00e0s 18:00. Maiores informa\u00e7\u00f5es, clique ao lado &#8211;\u00a0<a href=\"https:\/\/wp.ufpel.edu.br\/ppgef\/files\/2018\/08\/Edital-95-2018.pdf\">Edital 95-2018<\/a><\/p>\n<p><a href=\"https:\/\/wp.ufpel.edu.br\/ppgef\/files\/2018\/08\/Requerimento-de-Inscri\u00e7\u00e3o-Aluno-Especial-1.doc\">Requerimento de Inscri\u00e7\u00e3o Aluno Especial<\/a><\/p>\n","protected":false},"excerpt":{"rendered":"<p>Inscri\u00e7\u00f5es nos de 13 a 15 de agosto das 08:30 \u00e0s 18:00. Maiores informa\u00e7\u00f5es, clique ao lado &#8211;\u00a0Edital 95-2018 Requerimento de Inscri\u00e7\u00e3o Aluno Especial<\/p>\n","protected":false},"author":592,"featured_media":0,"comment_status":"closed","ping_status":"closed","sticky":false,"template":"","format":"standard","meta":{"footnotes":""},"categories":[1],"tags":[],"class_list":["post-1279","post","type-post","status-publish","format-standard","hentry","category-noticias"],"jetpack_featured_media_url":"","_links":{"self":[{"href":"https:\/\/wp.ufpel.edu.br\/ppgef\/wp-json\/wp\/v2\/posts\/1279","targetHints":{"allow":["GET"]}}],"collection":[{"href":"https:\/\/wp.ufpel.edu.br\/ppgef\/wp-json\/wp\/v2\/posts"}],"about":[{"href":"https:\/\/wp.ufpel.edu.br\/ppgef\/wp-json\/wp\/v2\/types\/post"}],"author":[{"embeddable":true,"href":"https:\/\/wp.ufpel.edu.br\/ppgef\/wp-json\/wp\/v2\/users\/592"}],"replies":[{"embeddable":true,"href":"https:\/\/wp.ufpel.edu.br\/ppgef\/wp-json\/wp\/v2\/comments?post=1279"}],"version-history":[{"count":2,"href":"https:\/\/wp.ufpel.edu.br\/ppgef\/wp-json\/wp\/v2\/posts\/1279\/revisions"}],"predecessor-version":[{"id":1284,"href":"https:\/\/wp.ufpel.edu.br\/ppgef\/wp-json\/wp\/v2\/posts\/1279\/revisions\/1284"}],"wp:attachment":[{"href":"https:\/\/wp.ufpel.edu.br\/ppgef\/wp-json\/wp\/v2\/media?parent=1279"}],"wp:term":[{"taxonomy":"category","embeddable":true,"href":"https:\/\/wp.ufpel.edu.br\/ppgef\/wp-json\/wp\/v2\/categories?post=1279"},{"taxonomy":"post_tag","embeddable":true,"href":"https:\/\/wp.ufpel.edu.br\/ppgef\/wp-json\/wp\/v2\/tags?post=1279"}],"curies":[{"name":"wp","href":"https:\/\/api.w.org\/{rel}","templated":true}]}}