{"id":641,"date":"2016-08-08T10:00:37","date_gmt":"2016-08-08T13:00:37","guid":{"rendered":"https:\/\/wp.ufpel.edu.br\/ppgecm\/?p=641"},"modified":"2016-08-08T10:20:37","modified_gmt":"2016-08-08T13:20:37","slug":"selecao-ae20162","status":"publish","type":"post","link":"https:\/\/wp.ufpel.edu.br\/ppgecm\/2016\/08\/08\/selecao-ae20162\/","title":{"rendered":"Processo de Sele\u00e7\u00e3o &#8211; Aluno Especial 2016\/2 &#8211; Homologa\u00e7\u00e3o dos Resultados"},"content":{"rendered":"<p><a href=\"https:\/\/drive.google.com\/file\/d\/0B-acF_5K4uDVcm5BVWQyVEwybWM\/view?usp=sharing\" target=\"_blank\">Homologa\u00e7\u00e3o dos Resultados para Aluno Especial<\/a> &#8211; Publicado em 08\/08\/2016<\/p>\n<p><a href=\"https:\/\/drive.google.com\/file\/d\/0B-acF_5K4uDVck5TZFI2cm9SaGM\/view?usp=sharing\" target=\"_blank\">Homologa\u00e7\u00e3o das Inscri\u00e7\u00f5es para Aluno Especial<\/a> &#8211; Publicado em 03\/08\/2016<\/p>\n<p><a href=\"https:\/\/drive.google.com\/file\/d\/0B-acF_5K4uDVczQ0MXI2SjV1MFE\/view?usp=sharing\" target=\"_blank\">Edital N\u00ba 052\/2016\u00a0 <\/a>&#8211; Publicado em 14\/07\/2016<\/p>\n<p><a class=\"text12\" href=\"http:\/\/ppgecm.ufpel.edu.br\/documentos\/ficha-aluno-especial.doc\" target=\"_blank\">Ficha inscri\u00e7\u00e3o \u2013 Sele\u00e7\u00e3o para Aluno Especial<\/a><\/p>\n<p><strong>Cronograma:<\/strong><\/p>\n<p><strong>Inscri\u00e7\u00f5es:<\/strong> das 12h de 25\/07 \u00e0s 12h 02\/08\/2016, atrav\u00e9s do e-mail ppgecm.editais@gmail.com;<\/p>\n<p><strong>Homologa\u00e7\u00e3o das inscri\u00e7\u00f5es:<\/strong> 03\/08\/2016, neste site;<\/p>\n<p><strong>Divulga\u00e7\u00e3o dos resultados finais:<\/strong> 08\/08\/2016, neste site;<\/p>\n<p><strong>Per\u00edodo de matr\u00edcula:<\/strong> 17 e 18\/08\/2016, das 8h \u00e0s 14h, na secretaria do PPGECM.<\/p>\n<p><strong>In\u00edcio das aulas:<\/strong> 19\/08\/2016<\/p>\n<p><strong>In\u00edcio da disciplina S.A.: Fundamentos de Ci\u00eancia, Tecnologia e Sociedade:<\/strong> 26\/08\/2016<\/p>\n<p>&nbsp;<\/p>\n<p>&nbsp;<\/p>\n","protected":false},"excerpt":{"rendered":"<p>Homologa\u00e7\u00e3o dos Resultados para Aluno Especial &#8211; Publicado em 08\/08\/2016 Homologa\u00e7\u00e3o das Inscri\u00e7\u00f5es para Aluno Especial &#8211; Publicado em 03\/08\/2016 Edital N\u00ba 052\/2016\u00a0 &#8211; Publicado em 14\/07\/2016 Ficha inscri\u00e7\u00e3o \u2013 Sele\u00e7\u00e3o para Aluno Especial Cronograma: Inscri\u00e7\u00f5es: das 12h de 25\/07 \u00e0s 12h 02\/08\/2016, atrav\u00e9s do e-mail ppgecm.editais@gmail.com; Homologa\u00e7\u00e3o das inscri\u00e7\u00f5es: 03\/08\/2016, neste site; Divulga\u00e7\u00e3o dos [&hellip;]<\/p>\n","protected":false},"author":112,"featured_media":0,"comment_status":"closed","ping_status":"closed","sticky":false,"template":"","format":"standard","meta":{"footnotes":""},"categories":[24,32],"tags":[34,33],"class_list":["post-641","post","type-post","status-publish","format-standard","hentry","category-editais","category-noticias","tag-editais","tag-noticias"],"yoast_head":"<!-- This site is optimized with the Yoast SEO plugin v26.7 - https:\/\/yoast.com\/wordpress\/plugins\/seo\/ -->\n<title>Processo de Sele\u00e7\u00e3o - Aluno Especial 2016\/2 - Homologa\u00e7\u00e3o dos Resultados - Programa de P\u00f3s Gradua\u00e7\u00e3o em Ensino de Ci\u00eancias e Matem\u00e1tica - Mestrado Profissional<\/title>\n<meta name=\"robots\" content=\"index, follow, max-snippet:-1, max-image-preview:large, max-video-preview:-1\" \/>\n<link rel=\"canonical\" href=\"https:\/\/wp.ufpel.edu.br\/ppgecm\/2016\/08\/08\/selecao-ae20162\/\" \/>\n<meta property=\"og:locale\" content=\"pt_BR\" \/>\n<meta property=\"og:type\" content=\"article\" \/>\n<meta property=\"og:title\" content=\"Processo de Sele\u00e7\u00e3o - Aluno Especial 2016\/2 - Homologa\u00e7\u00e3o dos Resultados - Programa de P\u00f3s Gradua\u00e7\u00e3o em Ensino de Ci\u00eancias e Matem\u00e1tica - Mestrado Profissional\" \/>\n<meta property=\"og:description\" content=\"Homologa\u00e7\u00e3o dos Resultados para Aluno Especial &#8211; Publicado em 08\/08\/2016 Homologa\u00e7\u00e3o das Inscri\u00e7\u00f5es para Aluno Especial &#8211; Publicado em 03\/08\/2016 Edital N\u00ba 052\/2016\u00a0 &#8211; Publicado em 14\/07\/2016 Ficha inscri\u00e7\u00e3o \u2013 Sele\u00e7\u00e3o para Aluno Especial Cronograma: Inscri\u00e7\u00f5es: das 12h de 25\/07 \u00e0s 12h 02\/08\/2016, atrav\u00e9s do e-mail ppgecm.editais@gmail.com; Homologa\u00e7\u00e3o das inscri\u00e7\u00f5es: 03\/08\/2016, neste site; Divulga\u00e7\u00e3o dos [&hellip;]\" \/>\n<meta property=\"og:url\" content=\"https:\/\/wp.ufpel.edu.br\/ppgecm\/2016\/08\/08\/selecao-ae20162\/\" \/>\n<meta property=\"og:site_name\" content=\"Programa de P\u00f3s Gradua\u00e7\u00e3o em Ensino de Ci\u00eancias e Matem\u00e1tica - Mestrado Profissional\" \/>\n<meta property=\"article:published_time\" content=\"2016-08-08T13:00:37+00:00\" \/>\n<meta property=\"article:modified_time\" content=\"2016-08-08T13:20:37+00:00\" \/>\n<meta name=\"author\" content=\"ppgecm\" \/>\n<meta name=\"twitter:card\" content=\"summary_large_image\" \/>\n<meta name=\"twitter:label1\" content=\"Escrito por\" \/>\n\t<meta name=\"twitter:data1\" content=\"ppgecm\" \/>\n<script type=\"application\/ld+json\" class=\"yoast-schema-graph\">{\"@context\":\"https:\/\/schema.org\",\"@graph\":[{\"@type\":\"Article\",\"@id\":\"https:\/\/wp.ufpel.edu.br\/ppgecm\/2016\/08\/08\/selecao-ae20162\/#article\",\"isPartOf\":{\"@id\":\"https:\/\/wp.ufpel.edu.br\/ppgecm\/2016\/08\/08\/selecao-ae20162\/\"},\"author\":{\"name\":\"ppgecm\",\"@id\":\"https:\/\/wp.ufpel.edu.br\/ppgecm\/#\/schema\/person\/28c85ac4f01dffc96e4d7a60abd91b19\"},\"headline\":\"Processo de Sele\u00e7\u00e3o &#8211; Aluno Especial 2016\/2 &#8211; Homologa\u00e7\u00e3o dos Resultados\",\"datePublished\":\"2016-08-08T13:00:37+00:00\",\"dateModified\":\"2016-08-08T13:20:37+00:00\",\"mainEntityOfPage\":{\"@id\":\"https:\/\/wp.ufpel.edu.br\/ppgecm\/2016\/08\/08\/selecao-ae20162\/\"},\"wordCount\":109,\"keywords\":[\"editais\",\"not\u00edcias\"],\"articleSection\":[\"Editais de Sele\u00e7\u00e3o\",\"Not\u00edcias\"],\"inLanguage\":\"pt-BR\"},{\"@type\":\"WebPage\",\"@id\":\"https:\/\/wp.ufpel.edu.br\/ppgecm\/2016\/08\/08\/selecao-ae20162\/\",\"url\":\"https:\/\/wp.ufpel.edu.br\/ppgecm\/2016\/08\/08\/selecao-ae20162\/\",\"name\":\"Processo de Sele\u00e7\u00e3o - Aluno Especial 2016\/2 - Homologa\u00e7\u00e3o dos Resultados - Programa de P\u00f3s Gradua\u00e7\u00e3o em Ensino de Ci\u00eancias e Matem\u00e1tica - Mestrado Profissional\",\"isPartOf\":{\"@id\":\"https:\/\/wp.ufpel.edu.br\/ppgecm\/#website\"},\"datePublished\":\"2016-08-08T13:00:37+00:00\",\"dateModified\":\"2016-08-08T13:20:37+00:00\",\"author\":{\"@id\":\"https:\/\/wp.ufpel.edu.br\/ppgecm\/#\/schema\/person\/28c85ac4f01dffc96e4d7a60abd91b19\"},\"breadcrumb\":{\"@id\":\"https:\/\/wp.ufpel.edu.br\/ppgecm\/2016\/08\/08\/selecao-ae20162\/#breadcrumb\"},\"inLanguage\":\"pt-BR\",\"potentialAction\":[{\"@type\":\"ReadAction\",\"target\":[\"https:\/\/wp.ufpel.edu.br\/ppgecm\/2016\/08\/08\/selecao-ae20162\/\"]}]},{\"@type\":\"BreadcrumbList\",\"@id\":\"https:\/\/wp.ufpel.edu.br\/ppgecm\/2016\/08\/08\/selecao-ae20162\/#breadcrumb\",\"itemListElement\":[{\"@type\":\"ListItem\",\"position\":1,\"name\":\"In\u00edcio\",\"item\":\"https:\/\/wp.ufpel.edu.br\/ppgecm\/\"},{\"@type\":\"ListItem\",\"position\":2,\"name\":\"Processo de Sele\u00e7\u00e3o &#8211; Aluno Especial 2016\/2 &#8211; Homologa\u00e7\u00e3o dos Resultados\"}]},{\"@type\":\"WebSite\",\"@id\":\"https:\/\/wp.ufpel.edu.br\/ppgecm\/#website\",\"url\":\"https:\/\/wp.ufpel.edu.br\/ppgecm\/\",\"name\":\"Programa de P\u00f3s Gradua\u00e7\u00e3o em Ensino de Ci\u00eancias e Matem\u00e1tica - Mestrado Profissional\",\"description\":\"Universidade Federal de Pelotas\",\"potentialAction\":[{\"@type\":\"SearchAction\",\"target\":{\"@type\":\"EntryPoint\",\"urlTemplate\":\"https:\/\/wp.ufpel.edu.br\/ppgecm\/?s={search_term_string}\"},\"query-input\":{\"@type\":\"PropertyValueSpecification\",\"valueRequired\":true,\"valueName\":\"search_term_string\"}}],\"inLanguage\":\"pt-BR\"},{\"@type\":\"Person\",\"@id\":\"https:\/\/wp.ufpel.edu.br\/ppgecm\/#\/schema\/person\/28c85ac4f01dffc96e4d7a60abd91b19\",\"name\":\"ppgecm\",\"image\":{\"@type\":\"ImageObject\",\"inLanguage\":\"pt-BR\",\"@id\":\"https:\/\/wp.ufpel.edu.br\/ppgecm\/#\/schema\/person\/image\/\",\"url\":\"https:\/\/secure.gravatar.com\/avatar\/0d3380ffb9b0d7de0a43b4a75ab70546b8cad5f766bd71a87cf73180641823d5?s=96&d=mm&r=g\",\"contentUrl\":\"https:\/\/secure.gravatar.com\/avatar\/0d3380ffb9b0d7de0a43b4a75ab70546b8cad5f766bd71a87cf73180641823d5?s=96&d=mm&r=g\",\"caption\":\"ppgecm\"},\"url\":\"https:\/\/wp.ufpel.edu.br\/ppgecm\/author\/ppgecm\/\"}]}<\/script>\n<!-- \/ Yoast SEO plugin. -->","yoast_head_json":{"title":"Processo de Sele\u00e7\u00e3o - Aluno Especial 2016\/2 - Homologa\u00e7\u00e3o dos Resultados - Programa de P\u00f3s Gradua\u00e7\u00e3o em Ensino de Ci\u00eancias e Matem\u00e1tica - Mestrado Profissional","robots":{"index":"index","follow":"follow","max-snippet":"max-snippet:-1","max-image-preview":"max-image-preview:large","max-video-preview":"max-video-preview:-1"},"canonical":"https:\/\/wp.ufpel.edu.br\/ppgecm\/2016\/08\/08\/selecao-ae20162\/","og_locale":"pt_BR","og_type":"article","og_title":"Processo de Sele\u00e7\u00e3o - Aluno Especial 2016\/2 - Homologa\u00e7\u00e3o dos Resultados - Programa de P\u00f3s Gradua\u00e7\u00e3o em Ensino de Ci\u00eancias e Matem\u00e1tica - Mestrado Profissional","og_description":"Homologa\u00e7\u00e3o dos Resultados para Aluno Especial &#8211; Publicado em 08\/08\/2016 Homologa\u00e7\u00e3o das Inscri\u00e7\u00f5es para Aluno Especial &#8211; Publicado em 03\/08\/2016 Edital N\u00ba 052\/2016\u00a0 &#8211; Publicado em 14\/07\/2016 Ficha inscri\u00e7\u00e3o \u2013 Sele\u00e7\u00e3o para Aluno Especial Cronograma: Inscri\u00e7\u00f5es: das 12h de 25\/07 \u00e0s 12h 02\/08\/2016, atrav\u00e9s do e-mail ppgecm.editais@gmail.com; Homologa\u00e7\u00e3o das inscri\u00e7\u00f5es: 03\/08\/2016, neste site; Divulga\u00e7\u00e3o dos [&hellip;]","og_url":"https:\/\/wp.ufpel.edu.br\/ppgecm\/2016\/08\/08\/selecao-ae20162\/","og_site_name":"Programa de P\u00f3s Gradua\u00e7\u00e3o em Ensino de Ci\u00eancias e Matem\u00e1tica - Mestrado Profissional","article_published_time":"2016-08-08T13:00:37+00:00","article_modified_time":"2016-08-08T13:20:37+00:00","author":"ppgecm","twitter_card":"summary_large_image","twitter_misc":{"Escrito por":"ppgecm"},"schema":{"@context":"https:\/\/schema.org","@graph":[{"@type":"Article","@id":"https:\/\/wp.ufpel.edu.br\/ppgecm\/2016\/08\/08\/selecao-ae20162\/#article","isPartOf":{"@id":"https:\/\/wp.ufpel.edu.br\/ppgecm\/2016\/08\/08\/selecao-ae20162\/"},"author":{"name":"ppgecm","@id":"https:\/\/wp.ufpel.edu.br\/ppgecm\/#\/schema\/person\/28c85ac4f01dffc96e4d7a60abd91b19"},"headline":"Processo de Sele\u00e7\u00e3o &#8211; Aluno Especial 2016\/2 &#8211; Homologa\u00e7\u00e3o dos Resultados","datePublished":"2016-08-08T13:00:37+00:00","dateModified":"2016-08-08T13:20:37+00:00","mainEntityOfPage":{"@id":"https:\/\/wp.ufpel.edu.br\/ppgecm\/2016\/08\/08\/selecao-ae20162\/"},"wordCount":109,"keywords":["editais","not\u00edcias"],"articleSection":["Editais de Sele\u00e7\u00e3o","Not\u00edcias"],"inLanguage":"pt-BR"},{"@type":"WebPage","@id":"https:\/\/wp.ufpel.edu.br\/ppgecm\/2016\/08\/08\/selecao-ae20162\/","url":"https:\/\/wp.ufpel.edu.br\/ppgecm\/2016\/08\/08\/selecao-ae20162\/","name":"Processo de Sele\u00e7\u00e3o - Aluno Especial 2016\/2 - Homologa\u00e7\u00e3o dos Resultados - Programa de P\u00f3s Gradua\u00e7\u00e3o em Ensino de Ci\u00eancias e Matem\u00e1tica - Mestrado Profissional","isPartOf":{"@id":"https:\/\/wp.ufpel.edu.br\/ppgecm\/#website"},"datePublished":"2016-08-08T13:00:37+00:00","dateModified":"2016-08-08T13:20:37+00:00","author":{"@id":"https:\/\/wp.ufpel.edu.br\/ppgecm\/#\/schema\/person\/28c85ac4f01dffc96e4d7a60abd91b19"},"breadcrumb":{"@id":"https:\/\/wp.ufpel.edu.br\/ppgecm\/2016\/08\/08\/selecao-ae20162\/#breadcrumb"},"inLanguage":"pt-BR","potentialAction":[{"@type":"ReadAction","target":["https:\/\/wp.ufpel.edu.br\/ppgecm\/2016\/08\/08\/selecao-ae20162\/"]}]},{"@type":"BreadcrumbList","@id":"https:\/\/wp.ufpel.edu.br\/ppgecm\/2016\/08\/08\/selecao-ae20162\/#breadcrumb","itemListElement":[{"@type":"ListItem","position":1,"name":"In\u00edcio","item":"https:\/\/wp.ufpel.edu.br\/ppgecm\/"},{"@type":"ListItem","position":2,"name":"Processo de Sele\u00e7\u00e3o &#8211; Aluno Especial 2016\/2 &#8211; Homologa\u00e7\u00e3o dos Resultados"}]},{"@type":"WebSite","@id":"https:\/\/wp.ufpel.edu.br\/ppgecm\/#website","url":"https:\/\/wp.ufpel.edu.br\/ppgecm\/","name":"Programa de P\u00f3s Gradua\u00e7\u00e3o em Ensino de Ci\u00eancias e Matem\u00e1tica - Mestrado Profissional","description":"Universidade Federal de Pelotas","potentialAction":[{"@type":"SearchAction","target":{"@type":"EntryPoint","urlTemplate":"https:\/\/wp.ufpel.edu.br\/ppgecm\/?s={search_term_string}"},"query-input":{"@type":"PropertyValueSpecification","valueRequired":true,"valueName":"search_term_string"}}],"inLanguage":"pt-BR"},{"@type":"Person","@id":"https:\/\/wp.ufpel.edu.br\/ppgecm\/#\/schema\/person\/28c85ac4f01dffc96e4d7a60abd91b19","name":"ppgecm","image":{"@type":"ImageObject","inLanguage":"pt-BR","@id":"https:\/\/wp.ufpel.edu.br\/ppgecm\/#\/schema\/person\/image\/","url":"https:\/\/secure.gravatar.com\/avatar\/0d3380ffb9b0d7de0a43b4a75ab70546b8cad5f766bd71a87cf73180641823d5?s=96&d=mm&r=g","contentUrl":"https:\/\/secure.gravatar.com\/avatar\/0d3380ffb9b0d7de0a43b4a75ab70546b8cad5f766bd71a87cf73180641823d5?s=96&d=mm&r=g","caption":"ppgecm"},"url":"https:\/\/wp.ufpel.edu.br\/ppgecm\/author\/ppgecm\/"}]}},"jetpack_featured_media_url":"","_links":{"self":[{"href":"https:\/\/wp.ufpel.edu.br\/ppgecm\/wp-json\/wp\/v2\/posts\/641","targetHints":{"allow":["GET"]}}],"collection":[{"href":"https:\/\/wp.ufpel.edu.br\/ppgecm\/wp-json\/wp\/v2\/posts"}],"about":[{"href":"https:\/\/wp.ufpel.edu.br\/ppgecm\/wp-json\/wp\/v2\/types\/post"}],"author":[{"embeddable":true,"href":"https:\/\/wp.ufpel.edu.br\/ppgecm\/wp-json\/wp\/v2\/users\/112"}],"replies":[{"embeddable":true,"href":"https:\/\/wp.ufpel.edu.br\/ppgecm\/wp-json\/wp\/v2\/comments?post=641"}],"version-history":[{"count":8,"href":"https:\/\/wp.ufpel.edu.br\/ppgecm\/wp-json\/wp\/v2\/posts\/641\/revisions"}],"predecessor-version":[{"id":700,"href":"https:\/\/wp.ufpel.edu.br\/ppgecm\/wp-json\/wp\/v2\/posts\/641\/revisions\/700"}],"wp:attachment":[{"href":"https:\/\/wp.ufpel.edu.br\/ppgecm\/wp-json\/wp\/v2\/media?parent=641"}],"wp:term":[{"taxonomy":"category","embeddable":true,"href":"https:\/\/wp.ufpel.edu.br\/ppgecm\/wp-json\/wp\/v2\/categories?post=641"},{"taxonomy":"post_tag","embeddable":true,"href":"https:\/\/wp.ufpel.edu.br\/ppgecm\/wp-json\/wp\/v2\/tags?post=641"}],"curies":[{"name":"wp","href":"https:\/\/api.w.org\/{rel}","templated":true}]}}