{"id":3367,"date":"2026-09-03T08:58:00","date_gmt":"2026-09-03T11:58:00","guid":{"rendered":"https:\/\/wp.ufpel.edu.br\/ppgecm\/?p=3367"},"modified":"2026-09-04T10:50:15","modified_gmt":"2026-09-04T13:50:15","slug":"processo-de-selecao-aluno-regular-2026-2","status":"publish","type":"post","link":"https:\/\/wp.ufpel.edu.br\/ppgecm\/2026\/09\/03\/processo-de-selecao-aluno-regular-2026-2\/","title":{"rendered":"Processo de Sele\u00e7\u00e3o &#8211; Aluno Regular 2026\/2"},"content":{"rendered":"<p>Publicado o Edital de Sele\u00e7\u00e3o para Alunos Regulares do PPGECM, com ingresso em 2026\/2.<\/p>\n<p>As inscri\u00e7\u00f5es ocorrer\u00e3o no per\u00edodo de <strong>14 a 27 de Setembro de 2026<\/strong>.<\/p>\n<p>&nbsp;<\/p>\n<p><strong>Documentos e atualiza\u00e7\u00f5es das Etapas da Sele\u00e7\u00e3o:<\/strong><\/p>\n<p><a href=\"https:\/\/wp.ufpel.edu.br\/ppgecm\/files\/2026\/09\/SEI_4134138_Edital_de_selecao_PRPPG_151.pdf\" target=\"_blank\" rel=\"noopener\">Edital N\u00ba 151\/2026<\/a> &#8211; atualizado em 04\/09\/2026.<\/p>\n<p>&nbsp;<\/p>\n<p><strong>Formul\u00e1rio de Inscri\u00e7\u00e3o &#8211; Candidatos(as) COM e-mail da Gmail:<\/strong><\/p>\n<p><a href=\"https:\/\/forms.gle\/8jTGhxvMoPF3DGeXA\" target=\"_blank\" rel=\"noopener\">https:\/\/forms.gle\/8jTGhxvMoPF3DGeXA<\/a><\/p>\n<p>(O formul\u00e1rio n\u00e3o est\u00e1 recebendo respostas. Ele ser\u00e1 aberto para o envio de respostas no per\u00edodo de 14 a 27\/09\/2026, conforme o cronograma da Sele\u00e7\u00e3o).<\/p>\n<p>&nbsp;<\/p>\n<p><strong>Documentos para a inscri\u00e7\u00e3o de candidatos(as):<\/strong><\/p>\n<p><strong>Gerais:<\/strong><\/p>\n<p><a href=\"https:\/\/wp.ufpel.edu.br\/ppgecm\/files\/2023\/03\/Anexo-I.doc\" target=\"_blank\" rel=\"noopener\">Anexo I &#8211; Declara\u00e7\u00e3o de veracidade dos documentos<\/a><\/p>\n<p><a href=\"https:\/\/wp.ufpel.edu.br\/ppgecm\/files\/2026\/08\/modelo-anteprojeto.docx\" target=\"_blank\" rel=\"noopener\">Modelo para o anteprojeto<\/a><\/p>\n<p>&nbsp;<\/p>\n<p><strong>A\u00e7\u00f5es Afirmativas:<\/strong><\/p>\n<p>Para acesso pelas Vagas de pessoas Transg\u00eaneras, Travestis e Transexuais:<\/p>\n<ul>\n<li><a href=\"https:\/\/wp.ufpel.edu.br\/prppg\/files\/2026\/06\/Autodeclaracao-de-Identidade-de-Genero.pdf\" target=\"_blank\" rel=\"noopener\">Autodeclara\u00e7\u00e3o de identidade de G\u00eanero<\/a><\/li>\n<\/ul>\n<p>Para acesso pelas Vagas de Pessoas Negras:<\/p>\n<ul>\n<li><a href=\"https:\/\/wp.ufpel.edu.br\/prppg\/files\/2025\/11\/Modelo._2025___AUTODECLARACAO_DE_PESSOA_NEGRA_2-1-1.pdf\" target=\"_blank\" rel=\"noopener\">Autodeclara\u00e7\u00e3o de Pessoa Negra<\/a><\/li>\n<\/ul>\n<p>Para o acesso pelas Vagas para pessoas Ind\u00edgenas:<\/p>\n<ul>\n<li><a href=\"https:\/\/wp.ufpel.edu.br\/ppge\/files\/2022\/03\/AUTODECLARACAO-DO-CANDIDATO-ESTUDANTE-INDIGENA.pdf\" target=\"_blank\" rel=\"noopener\">Autodeclara\u00e7\u00e3o do Candidato \u2013 Estudante ind\u00edgena<\/a><\/li>\n<li><a href=\"https:\/\/wp.ufpel.edu.br\/ppge\/files\/2022\/03\/DECLARACAO-DE-PERTENCIMENTO-ETNICO-PARA-ESTUDANTE-INDIGENA.pdf\" target=\"_blank\" rel=\"noopener\">Declara\u00e7\u00e3o de pertencimente \u00e9tnico para estudante ind\u00edgena<\/a><\/li>\n<\/ul>\n<p>Para o acesso pelas Vagas para pessoas Quilombolas:<\/p>\n<ul>\n<li><a href=\"https:\/\/wp.ufpel.edu.br\/ppge\/files\/2022\/03\/AUTODECLARACAO-DO-CANDIDATO-%E2%80%93-ESTUDANTE-QUILOMBOLA.pdf\" target=\"_blank\" rel=\"noopener\">Autodeclara\u00e7\u00e3o do Candidato \u2013 Estudante quilombola<\/a><\/li>\n<li><a href=\"https:\/\/wp.ufpel.edu.br\/ppge\/files\/2022\/03\/DECLARACAO-DE-PERTENCIMENTO-ETNICO_PARA-ESTUDANTE-QUILOMBOLA.pdf\" target=\"_blank\" rel=\"noopener\">Declara\u00e7\u00e3o de pertencimento \u00e9tnico para estudante quilombola<\/a><\/li>\n<\/ul>\n<p>Para o acesso pelas Vagas para pessoas com defici\u00eancia:<\/p>\n<ul>\n<li><a href=\"https:\/\/wp.ufpel.edu.br\/prppg\/files\/2026\/06\/Autodeclaracao-de-Deficiencia.pdf\" target=\"_blank\" rel=\"noopener\">Autodeclara\u00e7\u00e3o de Defici\u00eancia<\/a><\/li>\n<\/ul>\n<p>&nbsp;<\/p>\n<p><strong>Cronograma:<\/strong><\/p>\n<table class=\"aligncenter\" style=\"border-color: #4d0000; background-color: #cccccc; width: 100%;\" border=\"1\" width=\"100%\">\n<tbody>\n<tr style=\"border-color: #4d0000;\">\n<td style=\"border-color: #4d0000; width: 31%; height: 80px;\" width=\"31%\">\n<p style=\"text-align: center;\"><strong>Descri\u00e7\u00e3o da atividade:<\/strong><\/p>\n<\/td>\n<td style=\"border-color: #4d0000; width: 31%; text-align: center; height: 80px;\" width=\"31%\"><strong>Per\u00edodo\/data da atividade:<\/strong><\/td>\n<td style=\"border-color: #4d0000; width: 37%; text-align: center; height: 80px;\" width=\"37%\"><strong>Outras informa\u00e7\u00f5es:<\/strong><\/td>\n<\/tr>\n<tr style=\"height: 48px;\">\n<td style=\"border-color: #4d0000; width: 31%; vertical-align: middle; height: 48px; text-align: left;\" width=\"31%\">Inscri\u00e7\u00f5es pela internet<\/td>\n<td style=\"border-color: #4d0000; width: 31%; vertical-align: middle; height: 48px; text-align: left;\" width=\"31%\">14 a 27\/09\/2026<\/td>\n<td style=\"border-color: #4d0000; width: 37%; vertical-align: middle; height: 48px; text-align: left;\" width=\"37%\">Atrav\u00e9s do Formul\u00e1rio de Inscri\u00e7\u00e3o<\/td>\n<\/tr>\n<tr>\n<td style=\"border-color: #4d0000; width: 31%; vertical-align: middle; text-align: left;\">Homologa\u00e7\u00e3o das Inscri\u00e7\u00f5es<\/td>\n<td style=\"width: 31%;\">02\/10\/2026<\/td>\n<td style=\"border-color: #4d0000; width: 37%; vertical-align: middle; text-align: left;\">No site do PPGECM: https:\/\/wp.ufpel.edu.br\/ppgecm\/<\/td>\n<\/tr>\n<tr>\n<td style=\"border-color: #4d0000; width: 31%; vertical-align: middle; text-align: left;\">Prazo para Recursos<\/td>\n<td style=\"width: 31%;\">At\u00e9 72 horas ap\u00f3s a lista preliminar de candidatos inscritos<\/td>\n<td style=\"border-color: #4d0000; width: 37%; vertical-align: middle; text-align: left;\">O pedido de recurso deve ser encaminhado para o e-mail ppgecm@ufpel.edu.br<\/td>\n<\/tr>\n<tr style=\"height: 48px;\">\n<td style=\"border-color: #4d0000; width: 31%; vertical-align: middle; height: 48px; text-align: left;\" width=\"31%\">Resultado da 1\u00aa Etapa (Etapa eliminat\u00f3ria)<\/td>\n<td style=\"border-color: #4d0000; width: 31%; vertical-align: middle; height: 48px; text-align: left;\" width=\"31%\">20\/10\/2026<\/td>\n<td style=\"border-color: #4d0000; width: 37%; vertical-align: middle; height: 48px; text-align: left;\" width=\"37%\">No site do PPGECM: https:\/\/wp.ufpel.edu.br\/ppgecm\/<\/td>\n<\/tr>\n<tr style=\"height: 72px;\">\n<td style=\"border-color: #4d0000; width: 31%; vertical-align: middle; height: 72px; text-align: left;\" width=\"31%\">Divulga\u00e7\u00e3o do Cronograma de entrevistas<\/td>\n<td style=\"width: 31%;\" width=\"31%\">20\/10\/2026<\/td>\n<td style=\"border-color: #4d0000; width: 37%; vertical-align: middle; height: 72px; text-align: left;\" width=\"37%\">No site do PPGECM: https:\/\/wp.ufpel.edu.br\/ppgecm\/<\/td>\n<\/tr>\n<tr>\n<td style=\"width: 31%;\">Prazo para Recursos \u00e0 1\u00aa Etapa<\/td>\n<td style=\"width: 31%;\">At\u00e9 72 horas ap\u00f3s a publica\u00e7\u00e3o do resultado da 1\u00aa Etapa<\/td>\n<td style=\"width: 37%;\">O pedido de recurso deve ser encaminhado para o e-mail ppgecm@ufpel.edu.br<\/td>\n<\/tr>\n<tr style=\"height: 120px;\">\n<td style=\"width: 31%;\" width=\"31%\">Entrevistas<\/td>\n<td style=\"width: 31%;\" width=\"31%\">26 e 27\/10\/2026<\/td>\n<td style=\"width: 37%;\" width=\"37%\">Hor\u00e1rios e salas conforme o cronograma de entrevistas, que ser\u00e1 divulgado no site do PPGECM: https:\/\/wp.ufpel.edu.br\/ppgecm\/<\/td>\n<\/tr>\n<tr>\n<td style=\"border-color: #4d0000; width: 31%; vertical-align: middle; text-align: left;\">Resultado Preliminar<\/td>\n<td style=\"border-color: #4d0000; width: 31%; vertical-align: middle; text-align: left;\">10\/11\/2026<\/td>\n<td style=\"border-color: #4d0000; width: 37%; vertical-align: middle; text-align: left;\">No site do PPGECM: https:\/\/wp.ufpel.edu.br\/ppgecm\/<\/td>\n<\/tr>\n<tr>\n<td style=\"border-color: #4d0000; width: 31%; vertical-align: middle; text-align: left;\">Prazo para recursos ao resultado preliminar<\/td>\n<td style=\"border-color: #4d0000; width: 31%; vertical-align: middle; text-align: left;\">At\u00e9 72 horas ap\u00f3s o resultado preliminar das duas etapas<\/td>\n<td style=\"border-color: #4d0000; width: 37%; vertical-align: middle; text-align: left;\">O pedido de recurso deve ser encaminhado para o e-mail ppgecm@ufpel.edu.br<\/td>\n<\/tr>\n<tr style=\"height: 48px;\">\n<td style=\"border-color: #4d0000; width: 31%; vertical-align: middle; height: 48px; text-align: left;\" width=\"31%\">Banca de Heteroidentifica\u00e7\u00e3o<\/td>\n<td style=\"border-color: #4d0000; width: 31%; vertical-align: middle; height: 48px; text-align: left;\" width=\"31%\">18\/11\/2026<\/td>\n<td style=\"border-color: #4d0000; width: 37%; vertical-align: middle; height: 48px; text-align: left;\" width=\"37%\">No site do PPGECM: https:\/\/wp.ufpel.edu.br\/ppgecm\/<\/td>\n<\/tr>\n<tr>\n<td style=\"border-color: #4d0000; width: 31%; vertical-align: middle; text-align: left;\">Resultado Final<\/td>\n<td style=\"border-color: #4d0000; width: 31%; vertical-align: middle; text-align: left;\">At\u00e9 24\/11\/2026<\/td>\n<td style=\"border-color: #4d0000; width: 37%; vertical-align: middle; text-align: left;\">No site do PPGECM: https:\/\/wp.ufpel.edu.br\/ppgecm\/<\/td>\n<\/tr>\n<tr>\n<td style=\"border-color: #4d0000; width: 31%; vertical-align: middle; text-align: left;\">Matr\u00edculas<\/td>\n<td style=\"border-color: #4d0000; width: 31%; vertical-align: middle; text-align: left;\">A partir de 25\/11\/2026<\/td>\n<td style=\"border-color: #4d0000; width: 37%; vertical-align: middle; text-align: left;\">Ser\u00e1 divulgado oportunamente no site do PPGECM: https:\/\/wp.ufpel.edu.br\/ppgecm\/<\/td>\n<\/tr>\n<\/tbody>\n<\/table>\n<p>&nbsp;<\/p>\n","protected":false},"excerpt":{"rendered":"<p>Publicado o Edital de Sele\u00e7\u00e3o para Alunos Regulares do PPGECM, com ingresso em 2026\/2. As inscri\u00e7\u00f5es ocorrer\u00e3o no per\u00edodo de 14 a 27 de Setembro de 2026. &nbsp; Documentos e atualiza\u00e7\u00f5es das Etapas da Sele\u00e7\u00e3o: Edital N\u00ba 151\/2026 &#8211; atualizado em 04\/09\/2026. &nbsp; Formul\u00e1rio de Inscri\u00e7\u00e3o &#8211; Candidatos(as) COM e-mail da Gmail: https:\/\/forms.gle\/8jTGhxvMoPF3DGeXA (O formul\u00e1rio [&hellip;]<\/p>\n","protected":false},"author":112,"featured_media":460,"comment_status":"closed","ping_status":"closed","sticky":true,"template":"","format":"standard","meta":{"footnotes":""},"categories":[24,32],"tags":[56,255,43,34,35,254],"class_list":["post-3367","post","type-post","status-publish","format-standard","has-post-thumbnail","hentry","category-editais","category-noticias","tag-aluno-regular","tag-aluno-regular-2026-2","tag-divulgacao","tag-editais","tag-selecao-ppgecm","tag-semestre-letivo-2026-2"],"yoast_head":"<!-- This site is optimized with the Yoast SEO plugin v28.1 - https:\/\/yoast.com\/product\/yoast-seo-wordpress\/ -->\n<title>Processo de Sele\u00e7\u00e3o - Aluno Regular 2026\/2 - Programa de P\u00f3s Gradua\u00e7\u00e3o em Ensino de Ci\u00eancias e Matem\u00e1tica - Mestrado Profissional<\/title>\n<meta name=\"robots\" content=\"index, follow, max-snippet:-1, max-image-preview:large, max-video-preview:-1\" \/>\n<link rel=\"canonical\" href=\"https:\/\/wp.ufpel.edu.br\/ppgecm\/2026\/09\/03\/processo-de-selecao-aluno-regular-2026-2\/\" \/>\n<meta property=\"og:locale\" content=\"pt_BR\" \/>\n<meta property=\"og:type\" content=\"article\" \/>\n<meta property=\"og:title\" content=\"Processo de Sele\u00e7\u00e3o - Aluno Regular 2026\/2 - Programa de P\u00f3s Gradua\u00e7\u00e3o em Ensino de Ci\u00eancias e Matem\u00e1tica - Mestrado Profissional\" \/>\n<meta property=\"og:description\" content=\"Publicado o Edital de Sele\u00e7\u00e3o para Alunos Regulares do PPGECM, com ingresso em 2026\/2. As inscri\u00e7\u00f5es ocorrer\u00e3o no per\u00edodo de 14 a 27 de Setembro de 2026. &nbsp; Documentos e atualiza\u00e7\u00f5es das Etapas da Sele\u00e7\u00e3o: Edital N\u00ba 151\/2026 &#8211; atualizado em 04\/09\/2026. &nbsp; Formul\u00e1rio de Inscri\u00e7\u00e3o &#8211; Candidatos(as) COM e-mail da Gmail: https:\/\/forms.gle\/8jTGhxvMoPF3DGeXA (O formul\u00e1rio [&hellip;]\" \/>\n<meta property=\"og:url\" content=\"https:\/\/wp.ufpel.edu.br\/ppgecm\/2026\/09\/03\/processo-de-selecao-aluno-regular-2026-2\/\" \/>\n<meta property=\"og:site_name\" content=\"Programa de P\u00f3s Gradua\u00e7\u00e3o em Ensino de Ci\u00eancias e Matem\u00e1tica - Mestrado Profissional\" \/>\n<meta property=\"article:published_time\" content=\"2026-09-03T11:58:00+00:00\" \/>\n<meta property=\"article:modified_time\" content=\"2026-09-04T13:50:15+00:00\" \/>\n<meta property=\"og:image\" content=\"https:\/\/wp.ufpel.edu.br\/ppgecm\/files\/2016\/05\/logo-ppgecm.png\" \/>\n\t<meta property=\"og:image:width\" content=\"201\" \/>\n\t<meta property=\"og:image:height\" content=\"201\" \/>\n\t<meta property=\"og:image:type\" content=\"image\/png\" \/>\n<meta name=\"author\" content=\"ppgecm\" \/>\n<meta name=\"twitter:card\" content=\"summary_large_image\" \/>\n<meta name=\"twitter:label1\" content=\"Escrito por\" \/>\n\t<meta name=\"twitter:data1\" content=\"ppgecm\" \/>\n\t<meta name=\"twitter:label2\" content=\"Est. tempo de leitura\" \/>\n\t<meta name=\"twitter:data2\" content=\"3 minutos\" \/>\n<script type=\"application\/ld+json\" class=\"yoast-schema-graph\">{\"@context\":\"https:\\\/\\\/schema.org\",\"@graph\":[{\"@type\":\"Article\",\"@id\":\"https:\\\/\\\/wp.ufpel.edu.br\\\/ppgecm\\\/2026\\\/09\\\/03\\\/processo-de-selecao-aluno-regular-2026-2\\\/#article\",\"isPartOf\":{\"@id\":\"https:\\\/\\\/wp.ufpel.edu.br\\\/ppgecm\\\/2026\\\/09\\\/03\\\/processo-de-selecao-aluno-regular-2026-2\\\/\"},\"author\":{\"name\":\"ppgecm\",\"@id\":\"https:\\\/\\\/wp.ufpel.edu.br\\\/ppgecm\\\/#\\\/schema\\\/person\\\/9a11d6164d59b2e43f9ec360189cdadd\"},\"headline\":\"Processo de Sele\u00e7\u00e3o &#8211; Aluno Regular 2026\\\/2\",\"datePublished\":\"2026-09-03T11:58:00+00:00\",\"dateModified\":\"2026-09-04T13:50:15+00:00\",\"mainEntityOfPage\":{\"@id\":\"https:\\\/\\\/wp.ufpel.edu.br\\\/ppgecm\\\/2026\\\/09\\\/03\\\/processo-de-selecao-aluno-regular-2026-2\\\/\"},\"wordCount\":455,\"image\":{\"@id\":\"https:\\\/\\\/wp.ufpel.edu.br\\\/ppgecm\\\/2026\\\/09\\\/03\\\/processo-de-selecao-aluno-regular-2026-2\\\/#primaryimage\"},\"thumbnailUrl\":\"https:\\\/\\\/wp.ufpel.edu.br\\\/ppgecm\\\/files\\\/2016\\\/05\\\/logo-ppgecm.png\",\"keywords\":[\"aluno regular\",\"aluno regular 2026\\\/2\",\"divulga\u00e7\u00e3o\",\"editais\",\"sele\u00e7\u00e3o PPGECM\",\"semestre letivo 2026\\\/2\"],\"articleSection\":[\"Editais de Sele\u00e7\u00e3o\",\"Not\u00edcias\"],\"inLanguage\":\"pt-BR\"},{\"@type\":\"WebPage\",\"@id\":\"https:\\\/\\\/wp.ufpel.edu.br\\\/ppgecm\\\/2026\\\/09\\\/03\\\/processo-de-selecao-aluno-regular-2026-2\\\/\",\"url\":\"https:\\\/\\\/wp.ufpel.edu.br\\\/ppgecm\\\/2026\\\/09\\\/03\\\/processo-de-selecao-aluno-regular-2026-2\\\/\",\"name\":\"Processo de Sele\u00e7\u00e3o - Aluno Regular 2026\\\/2 - Programa de P\u00f3s Gradua\u00e7\u00e3o em Ensino de Ci\u00eancias e Matem\u00e1tica - Mestrado Profissional\",\"isPartOf\":{\"@id\":\"https:\\\/\\\/wp.ufpel.edu.br\\\/ppgecm\\\/#website\"},\"primaryImageOfPage\":{\"@id\":\"https:\\\/\\\/wp.ufpel.edu.br\\\/ppgecm\\\/2026\\\/09\\\/03\\\/processo-de-selecao-aluno-regular-2026-2\\\/#primaryimage\"},\"image\":{\"@id\":\"https:\\\/\\\/wp.ufpel.edu.br\\\/ppgecm\\\/2026\\\/09\\\/03\\\/processo-de-selecao-aluno-regular-2026-2\\\/#primaryimage\"},\"thumbnailUrl\":\"https:\\\/\\\/wp.ufpel.edu.br\\\/ppgecm\\\/files\\\/2016\\\/05\\\/logo-ppgecm.png\",\"datePublished\":\"2026-09-03T11:58:00+00:00\",\"dateModified\":\"2026-09-04T13:50:15+00:00\",\"author\":{\"@id\":\"https:\\\/\\\/wp.ufpel.edu.br\\\/ppgecm\\\/#\\\/schema\\\/person\\\/9a11d6164d59b2e43f9ec360189cdadd\"},\"breadcrumb\":{\"@id\":\"https:\\\/\\\/wp.ufpel.edu.br\\\/ppgecm\\\/2026\\\/09\\\/03\\\/processo-de-selecao-aluno-regular-2026-2\\\/#breadcrumb\"},\"inLanguage\":\"pt-BR\",\"potentialAction\":[{\"@type\":\"ReadAction\",\"target\":[\"https:\\\/\\\/wp.ufpel.edu.br\\\/ppgecm\\\/2026\\\/09\\\/03\\\/processo-de-selecao-aluno-regular-2026-2\\\/\"]}]},{\"@type\":\"ImageObject\",\"inLanguage\":\"pt-BR\",\"@id\":\"https:\\\/\\\/wp.ufpel.edu.br\\\/ppgecm\\\/2026\\\/09\\\/03\\\/processo-de-selecao-aluno-regular-2026-2\\\/#primaryimage\",\"url\":\"https:\\\/\\\/wp.ufpel.edu.br\\\/ppgecm\\\/files\\\/2016\\\/05\\\/logo-ppgecm.png\",\"contentUrl\":\"https:\\\/\\\/wp.ufpel.edu.br\\\/ppgecm\\\/files\\\/2016\\\/05\\\/logo-ppgecm.png\",\"width\":201,\"height\":201},{\"@type\":\"BreadcrumbList\",\"@id\":\"https:\\\/\\\/wp.ufpel.edu.br\\\/ppgecm\\\/2026\\\/09\\\/03\\\/processo-de-selecao-aluno-regular-2026-2\\\/#breadcrumb\",\"itemListElement\":[{\"@type\":\"ListItem\",\"position\":1,\"name\":\"In\u00edcio\",\"item\":\"https:\\\/\\\/wp.ufpel.edu.br\\\/ppgecm\\\/\"},{\"@type\":\"ListItem\",\"position\":2,\"name\":\"Processo de Sele\u00e7\u00e3o &#8211; Aluno Regular 2026\\\/2\"}]},{\"@type\":\"WebSite\",\"@id\":\"https:\\\/\\\/wp.ufpel.edu.br\\\/ppgecm\\\/#website\",\"url\":\"https:\\\/\\\/wp.ufpel.edu.br\\\/ppgecm\\\/\",\"name\":\"Programa de P\u00f3s Gradua\u00e7\u00e3o em Ensino de Ci\u00eancias e Matem\u00e1tica - Mestrado Profissional\",\"description\":\"Universidade Federal de Pelotas\",\"potentialAction\":[{\"@type\":\"SearchAction\",\"target\":{\"@type\":\"EntryPoint\",\"urlTemplate\":\"https:\\\/\\\/wp.ufpel.edu.br\\\/ppgecm\\\/?s={search_term_string}\"},\"query-input\":{\"@type\":\"PropertyValueSpecification\",\"valueRequired\":true,\"valueName\":\"search_term_string\"}}],\"inLanguage\":\"pt-BR\"},{\"@type\":\"Person\",\"@id\":\"https:\\\/\\\/wp.ufpel.edu.br\\\/ppgecm\\\/#\\\/schema\\\/person\\\/9a11d6164d59b2e43f9ec360189cdadd\",\"name\":\"ppgecm\",\"image\":{\"@type\":\"ImageObject\",\"inLanguage\":\"pt-BR\",\"@id\":\"https:\\\/\\\/secure.gravatar.com\\\/avatar\\\/0d3380ffb9b0d7de0a43b4a75ab70546b8cad5f766bd71a87cf73180641823d5?s=96&d=mm&r=g\",\"url\":\"https:\\\/\\\/secure.gravatar.com\\\/avatar\\\/0d3380ffb9b0d7de0a43b4a75ab70546b8cad5f766bd71a87cf73180641823d5?s=96&d=mm&r=g\",\"contentUrl\":\"https:\\\/\\\/secure.gravatar.com\\\/avatar\\\/0d3380ffb9b0d7de0a43b4a75ab70546b8cad5f766bd71a87cf73180641823d5?s=96&d=mm&r=g\",\"caption\":\"ppgecm\"},\"url\":\"https:\\\/\\\/wp.ufpel.edu.br\\\/ppgecm\\\/author\\\/ppgecm\\\/\"}]}<\/script>\n<!-- \/ Yoast SEO plugin. -->","yoast_head_json":{"title":"Processo de Sele\u00e7\u00e3o - Aluno Regular 2026\/2 - Programa de P\u00f3s Gradua\u00e7\u00e3o em Ensino de Ci\u00eancias e Matem\u00e1tica - Mestrado Profissional","robots":{"index":"index","follow":"follow","max-snippet":"max-snippet:-1","max-image-preview":"max-image-preview:large","max-video-preview":"max-video-preview:-1"},"canonical":"https:\/\/wp.ufpel.edu.br\/ppgecm\/2026\/09\/03\/processo-de-selecao-aluno-regular-2026-2\/","og_locale":"pt_BR","og_type":"article","og_title":"Processo de Sele\u00e7\u00e3o - Aluno Regular 2026\/2 - Programa de P\u00f3s Gradua\u00e7\u00e3o em Ensino de Ci\u00eancias e Matem\u00e1tica - Mestrado Profissional","og_description":"Publicado o Edital de Sele\u00e7\u00e3o para Alunos Regulares do PPGECM, com ingresso em 2026\/2. As inscri\u00e7\u00f5es ocorrer\u00e3o no per\u00edodo de 14 a 27 de Setembro de 2026. &nbsp; Documentos e atualiza\u00e7\u00f5es das Etapas da Sele\u00e7\u00e3o: Edital N\u00ba 151\/2026 &#8211; atualizado em 04\/09\/2026. &nbsp; Formul\u00e1rio de Inscri\u00e7\u00e3o &#8211; Candidatos(as) COM e-mail da Gmail: https:\/\/forms.gle\/8jTGhxvMoPF3DGeXA (O formul\u00e1rio [&hellip;]","og_url":"https:\/\/wp.ufpel.edu.br\/ppgecm\/2026\/09\/03\/processo-de-selecao-aluno-regular-2026-2\/","og_site_name":"Programa de P\u00f3s Gradua\u00e7\u00e3o em Ensino de Ci\u00eancias e Matem\u00e1tica - Mestrado Profissional","article_published_time":"2026-09-03T11:58:00+00:00","article_modified_time":"2026-09-04T13:50:15+00:00","og_image":[{"width":201,"height":201,"url":"https:\/\/wp.ufpel.edu.br\/ppgecm\/files\/2016\/05\/logo-ppgecm.png","type":"image\/png"}],"author":"ppgecm","twitter_card":"summary_large_image","twitter_misc":{"Escrito por":"ppgecm","Est. tempo de leitura":"3 minutos"},"schema":{"@context":"https:\/\/schema.org","@graph":[{"@type":"Article","@id":"https:\/\/wp.ufpel.edu.br\/ppgecm\/2026\/09\/03\/processo-de-selecao-aluno-regular-2026-2\/#article","isPartOf":{"@id":"https:\/\/wp.ufpel.edu.br\/ppgecm\/2026\/09\/03\/processo-de-selecao-aluno-regular-2026-2\/"},"author":{"name":"ppgecm","@id":"https:\/\/wp.ufpel.edu.br\/ppgecm\/#\/schema\/person\/9a11d6164d59b2e43f9ec360189cdadd"},"headline":"Processo de Sele\u00e7\u00e3o &#8211; Aluno Regular 2026\/2","datePublished":"2026-09-03T11:58:00+00:00","dateModified":"2026-09-04T13:50:15+00:00","mainEntityOfPage":{"@id":"https:\/\/wp.ufpel.edu.br\/ppgecm\/2026\/09\/03\/processo-de-selecao-aluno-regular-2026-2\/"},"wordCount":455,"image":{"@id":"https:\/\/wp.ufpel.edu.br\/ppgecm\/2026\/09\/03\/processo-de-selecao-aluno-regular-2026-2\/#primaryimage"},"thumbnailUrl":"https:\/\/wp.ufpel.edu.br\/ppgecm\/files\/2016\/05\/logo-ppgecm.png","keywords":["aluno regular","aluno regular 2026\/2","divulga\u00e7\u00e3o","editais","sele\u00e7\u00e3o PPGECM","semestre letivo 2026\/2"],"articleSection":["Editais de Sele\u00e7\u00e3o","Not\u00edcias"],"inLanguage":"pt-BR"},{"@type":"WebPage","@id":"https:\/\/wp.ufpel.edu.br\/ppgecm\/2026\/09\/03\/processo-de-selecao-aluno-regular-2026-2\/","url":"https:\/\/wp.ufpel.edu.br\/ppgecm\/2026\/09\/03\/processo-de-selecao-aluno-regular-2026-2\/","name":"Processo de Sele\u00e7\u00e3o - Aluno Regular 2026\/2 - Programa de P\u00f3s Gradua\u00e7\u00e3o em Ensino de Ci\u00eancias e Matem\u00e1tica - Mestrado Profissional","isPartOf":{"@id":"https:\/\/wp.ufpel.edu.br\/ppgecm\/#website"},"primaryImageOfPage":{"@id":"https:\/\/wp.ufpel.edu.br\/ppgecm\/2026\/09\/03\/processo-de-selecao-aluno-regular-2026-2\/#primaryimage"},"image":{"@id":"https:\/\/wp.ufpel.edu.br\/ppgecm\/2026\/09\/03\/processo-de-selecao-aluno-regular-2026-2\/#primaryimage"},"thumbnailUrl":"https:\/\/wp.ufpel.edu.br\/ppgecm\/files\/2016\/05\/logo-ppgecm.png","datePublished":"2026-09-03T11:58:00+00:00","dateModified":"2026-09-04T13:50:15+00:00","author":{"@id":"https:\/\/wp.ufpel.edu.br\/ppgecm\/#\/schema\/person\/9a11d6164d59b2e43f9ec360189cdadd"},"breadcrumb":{"@id":"https:\/\/wp.ufpel.edu.br\/ppgecm\/2026\/09\/03\/processo-de-selecao-aluno-regular-2026-2\/#breadcrumb"},"inLanguage":"pt-BR","potentialAction":[{"@type":"ReadAction","target":["https:\/\/wp.ufpel.edu.br\/ppgecm\/2026\/09\/03\/processo-de-selecao-aluno-regular-2026-2\/"]}]},{"@type":"ImageObject","inLanguage":"pt-BR","@id":"https:\/\/wp.ufpel.edu.br\/ppgecm\/2026\/09\/03\/processo-de-selecao-aluno-regular-2026-2\/#primaryimage","url":"https:\/\/wp.ufpel.edu.br\/ppgecm\/files\/2016\/05\/logo-ppgecm.png","contentUrl":"https:\/\/wp.ufpel.edu.br\/ppgecm\/files\/2016\/05\/logo-ppgecm.png","width":201,"height":201},{"@type":"BreadcrumbList","@id":"https:\/\/wp.ufpel.edu.br\/ppgecm\/2026\/09\/03\/processo-de-selecao-aluno-regular-2026-2\/#breadcrumb","itemListElement":[{"@type":"ListItem","position":1,"name":"In\u00edcio","item":"https:\/\/wp.ufpel.edu.br\/ppgecm\/"},{"@type":"ListItem","position":2,"name":"Processo de Sele\u00e7\u00e3o &#8211; Aluno Regular 2026\/2"}]},{"@type":"WebSite","@id":"https:\/\/wp.ufpel.edu.br\/ppgecm\/#website","url":"https:\/\/wp.ufpel.edu.br\/ppgecm\/","name":"Programa de P\u00f3s Gradua\u00e7\u00e3o em Ensino de Ci\u00eancias e Matem\u00e1tica - Mestrado Profissional","description":"Universidade Federal de Pelotas","potentialAction":[{"@type":"SearchAction","target":{"@type":"EntryPoint","urlTemplate":"https:\/\/wp.ufpel.edu.br\/ppgecm\/?s={search_term_string}"},"query-input":{"@type":"PropertyValueSpecification","valueRequired":true,"valueName":"search_term_string"}}],"inLanguage":"pt-BR"},{"@type":"Person","@id":"https:\/\/wp.ufpel.edu.br\/ppgecm\/#\/schema\/person\/9a11d6164d59b2e43f9ec360189cdadd","name":"ppgecm","image":{"@type":"ImageObject","inLanguage":"pt-BR","@id":"https:\/\/secure.gravatar.com\/avatar\/0d3380ffb9b0d7de0a43b4a75ab70546b8cad5f766bd71a87cf73180641823d5?s=96&d=mm&r=g","url":"https:\/\/secure.gravatar.com\/avatar\/0d3380ffb9b0d7de0a43b4a75ab70546b8cad5f766bd71a87cf73180641823d5?s=96&d=mm&r=g","contentUrl":"https:\/\/secure.gravatar.com\/avatar\/0d3380ffb9b0d7de0a43b4a75ab70546b8cad5f766bd71a87cf73180641823d5?s=96&d=mm&r=g","caption":"ppgecm"},"url":"https:\/\/wp.ufpel.edu.br\/ppgecm\/author\/ppgecm\/"}]}},"jetpack_featured_media_url":"https:\/\/wp.ufpel.edu.br\/ppgecm\/files\/2016\/05\/logo-ppgecm.png","_links":{"self":[{"href":"https:\/\/wp.ufpel.edu.br\/ppgecm\/wp-json\/wp\/v2\/posts\/3367","targetHints":{"allow":["GET"]}}],"collection":[{"href":"https:\/\/wp.ufpel.edu.br\/ppgecm\/wp-json\/wp\/v2\/posts"}],"about":[{"href":"https:\/\/wp.ufpel.edu.br\/ppgecm\/wp-json\/wp\/v2\/types\/post"}],"author":[{"embeddable":true,"href":"https:\/\/wp.ufpel.edu.br\/ppgecm\/wp-json\/wp\/v2\/users\/112"}],"replies":[{"embeddable":true,"href":"https:\/\/wp.ufpel.edu.br\/ppgecm\/wp-json\/wp\/v2\/comments?post=3367"}],"version-history":[{"count":3,"href":"https:\/\/wp.ufpel.edu.br\/ppgecm\/wp-json\/wp\/v2\/posts\/3367\/revisions"}],"predecessor-version":[{"id":3386,"href":"https:\/\/wp.ufpel.edu.br\/ppgecm\/wp-json\/wp\/v2\/posts\/3367\/revisions\/3386"}],"wp:featuredmedia":[{"embeddable":true,"href":"https:\/\/wp.ufpel.edu.br\/ppgecm\/wp-json\/wp\/v2\/media\/460"}],"wp:attachment":[{"href":"https:\/\/wp.ufpel.edu.br\/ppgecm\/wp-json\/wp\/v2\/media?parent=3367"}],"wp:term":[{"taxonomy":"category","embeddable":true,"href":"https:\/\/wp.ufpel.edu.br\/ppgecm\/wp-json\/wp\/v2\/categories?post=3367"},{"taxonomy":"post_tag","embeddable":true,"href":"https:\/\/wp.ufpel.edu.br\/ppgecm\/wp-json\/wp\/v2\/tags?post=3367"}],"curies":[{"name":"wp","href":"https:\/\/api.w.org\/{rel}","templated":true}]}}