{"id":3288,"date":"2026-04-16T09:06:36","date_gmt":"2026-04-16T12:06:36","guid":{"rendered":"https:\/\/wp.ufpel.edu.br\/ppgecm\/?p=3288"},"modified":"2026-04-16T09:07:44","modified_gmt":"2026-04-16T12:07:44","slug":"ppgecm-realiza-recepcao-aos-ingressantes-e-aula-inaugural","status":"publish","type":"post","link":"https:\/\/wp.ufpel.edu.br\/ppgecm\/2026\/04\/16\/ppgecm-realiza-recepcao-aos-ingressantes-e-aula-inaugural\/","title":{"rendered":"PPGECM realiza Recep\u00e7\u00e3o aos ingressantes e Aula inaugural"},"content":{"rendered":"<p>O Programa de P\u00f3s-Gradua\u00e7\u00e3o em Ensino de Ci\u00eancias Matem\u00e1tica (PPGECM\/UFPel) realizou, na manh\u00e3 do dia 27 de mar\u00e7o de 2026, na sala de Defesas da Faculdade de Educa\u00e7\u00e3o da UFPel, as atividades de Recep\u00e7\u00e3o e Aula inaugural do Programa, marcando o in\u00edcio das atividades acad\u00eamicas de 2026\/1.<\/p>\n<p>O encontro, no primeiro momento, realizou a integra\u00e7\u00e3o, com a apresenta\u00e7\u00e3o de discentes e docentes do PPGECM\/UFPel, para ent\u00e3o ocorrer a apresenta\u00e7\u00e3o do Curso do PPGECM, inlcuindo as altera\u00e7\u00f5es que envolvem as mudan\u00e7as do Regimento e Projeto Pedag\u00f3gico do Curso, como a altera\u00e7\u00e3o do n\u00famero de cr\u00e9ditos, nomenclaturas de disciplinas, entre outras que foram apresentadas aos\/\u00e0s ingressantes e \u00e0 comunidade presente, conforme <a href=\"https:\/\/wp.ufpel.edu.br\/ppgecm\/files\/2026\/04\/Recepcao-e-aula-inaugural-PPGECM-2026.pdf\">Recep\u00e7\u00e3o e aula inaugural PPGECM 2026<\/a>.<\/p>\n<p>No segundo momento ocorreu a Aula inaugural, com a palestra intitulada \u201cImpactos das tecnologias digitais no desenvolvimento humano: contribui\u00e7\u00f5es da neuroci\u00eancia\u201d, ministrada pela professora Fernanda A. Hammes de Carvalho, conforme card de divulga\u00e7\u00e3o e alguns registros sobre a atividade.<\/p>\n<p>O PPGEM agradece a presen\u00e7a de todos(as) e refor\u00e7a seu compromisso com a forma\u00e7\u00e3o qualificada, a forma\u00e7\u00e3o continuada e o fortalecimento de a\u00e7\u00f5es junto ao mestrado profissional em Ensino de Ci\u00eancias e Matem\u00e1tica.<\/p>\n<p><a href=\"https:\/\/wp.ufpel.edu.br\/ppgecm\/files\/2026\/04\/Aula-Inaugural-PPGECM.png\"><img class=\"aligncenter size-medium wp-image-3291\" src=\"https:\/\/wp.ufpel.edu.br\/ppgecm\/files\/2026\/04\/Aula-Inaugural-PPGECM-400x335.png\" alt=\"\" width=\"400\" height=\"335\" srcset=\"https:\/\/wp.ufpel.edu.br\/ppgecm\/files\/2026\/04\/Aula-Inaugural-PPGECM-400x335.png 400w, https:\/\/wp.ufpel.edu.br\/ppgecm\/files\/2026\/04\/Aula-Inaugural-PPGECM-768x644.png 768w, https:\/\/wp.ufpel.edu.br\/ppgecm\/files\/2026\/04\/Aula-Inaugural-PPGECM.png 940w\" sizes=\"(max-width: 400px) 100vw, 400px\" \/><\/a><a href=\"https:\/\/wp.ufpel.edu.br\/ppgecm\/files\/2026\/04\/WhatsApp-Image-2026-04-16-at-08.58.49.jpeg\"><img class=\"aligncenter wp-image-3293\" src=\"https:\/\/wp.ufpel.edu.br\/ppgecm\/files\/2026\/04\/WhatsApp-Image-2026-04-16-at-08.58.49-400x351.jpeg\" alt=\"\" width=\"244\" height=\"214\" srcset=\"https:\/\/wp.ufpel.edu.br\/ppgecm\/files\/2026\/04\/WhatsApp-Image-2026-04-16-at-08.58.49-400x351.jpeg 400w, https:\/\/wp.ufpel.edu.br\/ppgecm\/files\/2026\/04\/WhatsApp-Image-2026-04-16-at-08.58.49-1024x899.jpeg 1024w, https:\/\/wp.ufpel.edu.br\/ppgecm\/files\/2026\/04\/WhatsApp-Image-2026-04-16-at-08.58.49-768x674.jpeg 768w, https:\/\/wp.ufpel.edu.br\/ppgecm\/files\/2026\/04\/WhatsApp-Image-2026-04-16-at-08.58.49.jpeg 1200w\" sizes=\"(max-width: 244px) 100vw, 244px\" \/><\/a><a href=\"https:\/\/wp.ufpel.edu.br\/ppgecm\/files\/2026\/04\/WhatsApp-Image-2026-03-27-at-12.29.50.jpeg\"><img class=\"aligncenter wp-image-3292\" src=\"https:\/\/wp.ufpel.edu.br\/ppgecm\/files\/2026\/04\/WhatsApp-Image-2026-03-27-at-12.29.50-400x194.jpeg\" alt=\"\" width=\"371\" height=\"180\" srcset=\"https:\/\/wp.ufpel.edu.br\/ppgecm\/files\/2026\/04\/WhatsApp-Image-2026-03-27-at-12.29.50-400x194.jpeg 400w, https:\/\/wp.ufpel.edu.br\/ppgecm\/files\/2026\/04\/WhatsApp-Image-2026-03-27-at-12.29.50-1024x496.jpeg 1024w, https:\/\/wp.ufpel.edu.br\/ppgecm\/files\/2026\/04\/WhatsApp-Image-2026-03-27-at-12.29.50-768x372.jpeg 768w, https:\/\/wp.ufpel.edu.br\/ppgecm\/files\/2026\/04\/WhatsApp-Image-2026-03-27-at-12.29.50.jpeg 1280w\" sizes=\"(max-width: 371px) 100vw, 371px\" \/><\/a><\/p>\n","protected":false},"excerpt":{"rendered":"<p>O Programa de P\u00f3s-Gradua\u00e7\u00e3o em Ensino de Ci\u00eancias Matem\u00e1tica (PPGECM\/UFPel) realizou, na manh\u00e3 do dia 27 de mar\u00e7o de 2026, na sala de Defesas da Faculdade de Educa\u00e7\u00e3o da UFPel, as atividades de Recep\u00e7\u00e3o e Aula inaugural do Programa, marcando o in\u00edcio das atividades acad\u00eamicas de 2026\/1. O encontro, no primeiro momento, realizou a integra\u00e7\u00e3o, [&hellip;]<\/p>\n","protected":false},"author":112,"featured_media":0,"comment_status":"closed","ping_status":"closed","sticky":false,"template":"","format":"standard","meta":{"footnotes":""},"categories":[62,152],"tags":[],"class_list":["post-3288","post","type-post","status-publish","format-standard","hentry","category-aula-inaugural","category-sem-categoria-pt"],"yoast_head":"<!-- This site is optimized with the Yoast SEO plugin v26.7 - https:\/\/yoast.com\/wordpress\/plugins\/seo\/ -->\n<title>PPGECM realiza Recep\u00e7\u00e3o aos ingressantes e Aula inaugural - Programa de P\u00f3s Gradua\u00e7\u00e3o em Ensino de Ci\u00eancias e Matem\u00e1tica - Mestrado Profissional<\/title>\n<meta name=\"robots\" content=\"index, follow, max-snippet:-1, max-image-preview:large, max-video-preview:-1\" \/>\n<link rel=\"canonical\" href=\"https:\/\/wp.ufpel.edu.br\/ppgecm\/2026\/04\/16\/ppgecm-realiza-recepcao-aos-ingressantes-e-aula-inaugural\/\" \/>\n<meta property=\"og:locale\" content=\"pt_BR\" \/>\n<meta property=\"og:type\" content=\"article\" \/>\n<meta property=\"og:title\" content=\"PPGECM realiza Recep\u00e7\u00e3o aos ingressantes e Aula inaugural - Programa de P\u00f3s Gradua\u00e7\u00e3o em Ensino de Ci\u00eancias e Matem\u00e1tica - Mestrado Profissional\" \/>\n<meta property=\"og:description\" content=\"O Programa de P\u00f3s-Gradua\u00e7\u00e3o em Ensino de Ci\u00eancias Matem\u00e1tica (PPGECM\/UFPel) realizou, na manh\u00e3 do dia 27 de mar\u00e7o de 2026, na sala de Defesas da Faculdade de Educa\u00e7\u00e3o da UFPel, as atividades de Recep\u00e7\u00e3o e Aula inaugural do Programa, marcando o in\u00edcio das atividades acad\u00eamicas de 2026\/1. O encontro, no primeiro momento, realizou a integra\u00e7\u00e3o, [&hellip;]\" \/>\n<meta property=\"og:url\" content=\"https:\/\/wp.ufpel.edu.br\/ppgecm\/2026\/04\/16\/ppgecm-realiza-recepcao-aos-ingressantes-e-aula-inaugural\/\" \/>\n<meta property=\"og:site_name\" content=\"Programa de P\u00f3s Gradua\u00e7\u00e3o em Ensino de Ci\u00eancias e Matem\u00e1tica - Mestrado Profissional\" \/>\n<meta property=\"article:published_time\" content=\"2026-04-16T12:06:36+00:00\" \/>\n<meta property=\"article:modified_time\" content=\"2026-04-16T12:07:44+00:00\" \/>\n<meta property=\"og:image\" content=\"https:\/\/wp.ufpel.edu.br\/ppgecm\/files\/2026\/04\/Aula-Inaugural-PPGECM.png\" \/>\n\t<meta property=\"og:image:width\" content=\"940\" \/>\n\t<meta property=\"og:image:height\" content=\"788\" \/>\n\t<meta property=\"og:image:type\" content=\"image\/png\" \/>\n<meta name=\"author\" content=\"ppgecm\" \/>\n<meta name=\"twitter:card\" content=\"summary_large_image\" \/>\n<meta name=\"twitter:label1\" content=\"Escrito por\" \/>\n\t<meta name=\"twitter:data1\" content=\"ppgecm\" \/>\n\t<meta name=\"twitter:label2\" content=\"Est. tempo de leitura\" \/>\n\t<meta name=\"twitter:data2\" content=\"2 minutos\" \/>\n<script type=\"application\/ld+json\" class=\"yoast-schema-graph\">{\"@context\":\"https:\/\/schema.org\",\"@graph\":[{\"@type\":\"Article\",\"@id\":\"https:\/\/wp.ufpel.edu.br\/ppgecm\/2026\/04\/16\/ppgecm-realiza-recepcao-aos-ingressantes-e-aula-inaugural\/#article\",\"isPartOf\":{\"@id\":\"https:\/\/wp.ufpel.edu.br\/ppgecm\/2026\/04\/16\/ppgecm-realiza-recepcao-aos-ingressantes-e-aula-inaugural\/\"},\"author\":{\"name\":\"ppgecm\",\"@id\":\"https:\/\/wp.ufpel.edu.br\/ppgecm\/#\/schema\/person\/28c85ac4f01dffc96e4d7a60abd91b19\"},\"headline\":\"PPGECM realiza Recep\u00e7\u00e3o aos ingressantes e Aula inaugural\",\"datePublished\":\"2026-04-16T12:06:36+00:00\",\"dateModified\":\"2026-04-16T12:07:44+00:00\",\"mainEntityOfPage\":{\"@id\":\"https:\/\/wp.ufpel.edu.br\/ppgecm\/2026\/04\/16\/ppgecm-realiza-recepcao-aos-ingressantes-e-aula-inaugural\/\"},\"wordCount\":225,\"image\":{\"@id\":\"https:\/\/wp.ufpel.edu.br\/ppgecm\/2026\/04\/16\/ppgecm-realiza-recepcao-aos-ingressantes-e-aula-inaugural\/#primaryimage\"},\"thumbnailUrl\":\"https:\/\/wp.ufpel.edu.br\/ppgecm\/files\/2026\/04\/Aula-Inaugural-PPGECM-400x335.png\",\"articleSection\":[\"Aula Inaugural\"],\"inLanguage\":\"pt-BR\"},{\"@type\":\"WebPage\",\"@id\":\"https:\/\/wp.ufpel.edu.br\/ppgecm\/2026\/04\/16\/ppgecm-realiza-recepcao-aos-ingressantes-e-aula-inaugural\/\",\"url\":\"https:\/\/wp.ufpel.edu.br\/ppgecm\/2026\/04\/16\/ppgecm-realiza-recepcao-aos-ingressantes-e-aula-inaugural\/\",\"name\":\"PPGECM realiza Recep\u00e7\u00e3o aos ingressantes e Aula inaugural - Programa de P\u00f3s Gradua\u00e7\u00e3o em Ensino de Ci\u00eancias e Matem\u00e1tica - Mestrado Profissional\",\"isPartOf\":{\"@id\":\"https:\/\/wp.ufpel.edu.br\/ppgecm\/#website\"},\"primaryImageOfPage\":{\"@id\":\"https:\/\/wp.ufpel.edu.br\/ppgecm\/2026\/04\/16\/ppgecm-realiza-recepcao-aos-ingressantes-e-aula-inaugural\/#primaryimage\"},\"image\":{\"@id\":\"https:\/\/wp.ufpel.edu.br\/ppgecm\/2026\/04\/16\/ppgecm-realiza-recepcao-aos-ingressantes-e-aula-inaugural\/#primaryimage\"},\"thumbnailUrl\":\"https:\/\/wp.ufpel.edu.br\/ppgecm\/files\/2026\/04\/Aula-Inaugural-PPGECM-400x335.png\",\"datePublished\":\"2026-04-16T12:06:36+00:00\",\"dateModified\":\"2026-04-16T12:07:44+00:00\",\"author\":{\"@id\":\"https:\/\/wp.ufpel.edu.br\/ppgecm\/#\/schema\/person\/28c85ac4f01dffc96e4d7a60abd91b19\"},\"breadcrumb\":{\"@id\":\"https:\/\/wp.ufpel.edu.br\/ppgecm\/2026\/04\/16\/ppgecm-realiza-recepcao-aos-ingressantes-e-aula-inaugural\/#breadcrumb\"},\"inLanguage\":\"pt-BR\",\"potentialAction\":[{\"@type\":\"ReadAction\",\"target\":[\"https:\/\/wp.ufpel.edu.br\/ppgecm\/2026\/04\/16\/ppgecm-realiza-recepcao-aos-ingressantes-e-aula-inaugural\/\"]}]},{\"@type\":\"ImageObject\",\"inLanguage\":\"pt-BR\",\"@id\":\"https:\/\/wp.ufpel.edu.br\/ppgecm\/2026\/04\/16\/ppgecm-realiza-recepcao-aos-ingressantes-e-aula-inaugural\/#primaryimage\",\"url\":\"https:\/\/wp.ufpel.edu.br\/ppgecm\/files\/2026\/04\/Aula-Inaugural-PPGECM.png\",\"contentUrl\":\"https:\/\/wp.ufpel.edu.br\/ppgecm\/files\/2026\/04\/Aula-Inaugural-PPGECM.png\",\"width\":940,\"height\":788},{\"@type\":\"BreadcrumbList\",\"@id\":\"https:\/\/wp.ufpel.edu.br\/ppgecm\/2026\/04\/16\/ppgecm-realiza-recepcao-aos-ingressantes-e-aula-inaugural\/#breadcrumb\",\"itemListElement\":[{\"@type\":\"ListItem\",\"position\":1,\"name\":\"In\u00edcio\",\"item\":\"https:\/\/wp.ufpel.edu.br\/ppgecm\/\"},{\"@type\":\"ListItem\",\"position\":2,\"name\":\"PPGECM realiza Recep\u00e7\u00e3o aos ingressantes e Aula inaugural\"}]},{\"@type\":\"WebSite\",\"@id\":\"https:\/\/wp.ufpel.edu.br\/ppgecm\/#website\",\"url\":\"https:\/\/wp.ufpel.edu.br\/ppgecm\/\",\"name\":\"Programa de P\u00f3s Gradua\u00e7\u00e3o em Ensino de Ci\u00eancias e Matem\u00e1tica - Mestrado Profissional\",\"description\":\"Universidade Federal de Pelotas\",\"potentialAction\":[{\"@type\":\"SearchAction\",\"target\":{\"@type\":\"EntryPoint\",\"urlTemplate\":\"https:\/\/wp.ufpel.edu.br\/ppgecm\/?s={search_term_string}\"},\"query-input\":{\"@type\":\"PropertyValueSpecification\",\"valueRequired\":true,\"valueName\":\"search_term_string\"}}],\"inLanguage\":\"pt-BR\"},{\"@type\":\"Person\",\"@id\":\"https:\/\/wp.ufpel.edu.br\/ppgecm\/#\/schema\/person\/28c85ac4f01dffc96e4d7a60abd91b19\",\"name\":\"ppgecm\",\"image\":{\"@type\":\"ImageObject\",\"inLanguage\":\"pt-BR\",\"@id\":\"https:\/\/wp.ufpel.edu.br\/ppgecm\/#\/schema\/person\/image\/\",\"url\":\"https:\/\/secure.gravatar.com\/avatar\/0d3380ffb9b0d7de0a43b4a75ab70546b8cad5f766bd71a87cf73180641823d5?s=96&d=mm&r=g\",\"contentUrl\":\"https:\/\/secure.gravatar.com\/avatar\/0d3380ffb9b0d7de0a43b4a75ab70546b8cad5f766bd71a87cf73180641823d5?s=96&d=mm&r=g\",\"caption\":\"ppgecm\"},\"url\":\"https:\/\/wp.ufpel.edu.br\/ppgecm\/author\/ppgecm\/\"}]}<\/script>\n<!-- \/ Yoast SEO plugin. -->","yoast_head_json":{"title":"PPGECM realiza Recep\u00e7\u00e3o aos ingressantes e Aula inaugural - Programa de P\u00f3s Gradua\u00e7\u00e3o em Ensino de Ci\u00eancias e Matem\u00e1tica - Mestrado Profissional","robots":{"index":"index","follow":"follow","max-snippet":"max-snippet:-1","max-image-preview":"max-image-preview:large","max-video-preview":"max-video-preview:-1"},"canonical":"https:\/\/wp.ufpel.edu.br\/ppgecm\/2026\/04\/16\/ppgecm-realiza-recepcao-aos-ingressantes-e-aula-inaugural\/","og_locale":"pt_BR","og_type":"article","og_title":"PPGECM realiza Recep\u00e7\u00e3o aos ingressantes e Aula inaugural - Programa de P\u00f3s Gradua\u00e7\u00e3o em Ensino de Ci\u00eancias e Matem\u00e1tica - Mestrado Profissional","og_description":"O Programa de P\u00f3s-Gradua\u00e7\u00e3o em Ensino de Ci\u00eancias Matem\u00e1tica (PPGECM\/UFPel) realizou, na manh\u00e3 do dia 27 de mar\u00e7o de 2026, na sala de Defesas da Faculdade de Educa\u00e7\u00e3o da UFPel, as atividades de Recep\u00e7\u00e3o e Aula inaugural do Programa, marcando o in\u00edcio das atividades acad\u00eamicas de 2026\/1. O encontro, no primeiro momento, realizou a integra\u00e7\u00e3o, [&hellip;]","og_url":"https:\/\/wp.ufpel.edu.br\/ppgecm\/2026\/04\/16\/ppgecm-realiza-recepcao-aos-ingressantes-e-aula-inaugural\/","og_site_name":"Programa de P\u00f3s Gradua\u00e7\u00e3o em Ensino de Ci\u00eancias e Matem\u00e1tica - Mestrado Profissional","article_published_time":"2026-04-16T12:06:36+00:00","article_modified_time":"2026-04-16T12:07:44+00:00","og_image":[{"width":940,"height":788,"url":"https:\/\/wp.ufpel.edu.br\/ppgecm\/files\/2026\/04\/Aula-Inaugural-PPGECM.png","type":"image\/png"}],"author":"ppgecm","twitter_card":"summary_large_image","twitter_misc":{"Escrito por":"ppgecm","Est. tempo de leitura":"2 minutos"},"schema":{"@context":"https:\/\/schema.org","@graph":[{"@type":"Article","@id":"https:\/\/wp.ufpel.edu.br\/ppgecm\/2026\/04\/16\/ppgecm-realiza-recepcao-aos-ingressantes-e-aula-inaugural\/#article","isPartOf":{"@id":"https:\/\/wp.ufpel.edu.br\/ppgecm\/2026\/04\/16\/ppgecm-realiza-recepcao-aos-ingressantes-e-aula-inaugural\/"},"author":{"name":"ppgecm","@id":"https:\/\/wp.ufpel.edu.br\/ppgecm\/#\/schema\/person\/28c85ac4f01dffc96e4d7a60abd91b19"},"headline":"PPGECM realiza Recep\u00e7\u00e3o aos ingressantes e Aula inaugural","datePublished":"2026-04-16T12:06:36+00:00","dateModified":"2026-04-16T12:07:44+00:00","mainEntityOfPage":{"@id":"https:\/\/wp.ufpel.edu.br\/ppgecm\/2026\/04\/16\/ppgecm-realiza-recepcao-aos-ingressantes-e-aula-inaugural\/"},"wordCount":225,"image":{"@id":"https:\/\/wp.ufpel.edu.br\/ppgecm\/2026\/04\/16\/ppgecm-realiza-recepcao-aos-ingressantes-e-aula-inaugural\/#primaryimage"},"thumbnailUrl":"https:\/\/wp.ufpel.edu.br\/ppgecm\/files\/2026\/04\/Aula-Inaugural-PPGECM-400x335.png","articleSection":["Aula Inaugural"],"inLanguage":"pt-BR"},{"@type":"WebPage","@id":"https:\/\/wp.ufpel.edu.br\/ppgecm\/2026\/04\/16\/ppgecm-realiza-recepcao-aos-ingressantes-e-aula-inaugural\/","url":"https:\/\/wp.ufpel.edu.br\/ppgecm\/2026\/04\/16\/ppgecm-realiza-recepcao-aos-ingressantes-e-aula-inaugural\/","name":"PPGECM realiza Recep\u00e7\u00e3o aos ingressantes e Aula inaugural - Programa de P\u00f3s Gradua\u00e7\u00e3o em Ensino de Ci\u00eancias e Matem\u00e1tica - Mestrado Profissional","isPartOf":{"@id":"https:\/\/wp.ufpel.edu.br\/ppgecm\/#website"},"primaryImageOfPage":{"@id":"https:\/\/wp.ufpel.edu.br\/ppgecm\/2026\/04\/16\/ppgecm-realiza-recepcao-aos-ingressantes-e-aula-inaugural\/#primaryimage"},"image":{"@id":"https:\/\/wp.ufpel.edu.br\/ppgecm\/2026\/04\/16\/ppgecm-realiza-recepcao-aos-ingressantes-e-aula-inaugural\/#primaryimage"},"thumbnailUrl":"https:\/\/wp.ufpel.edu.br\/ppgecm\/files\/2026\/04\/Aula-Inaugural-PPGECM-400x335.png","datePublished":"2026-04-16T12:06:36+00:00","dateModified":"2026-04-16T12:07:44+00:00","author":{"@id":"https:\/\/wp.ufpel.edu.br\/ppgecm\/#\/schema\/person\/28c85ac4f01dffc96e4d7a60abd91b19"},"breadcrumb":{"@id":"https:\/\/wp.ufpel.edu.br\/ppgecm\/2026\/04\/16\/ppgecm-realiza-recepcao-aos-ingressantes-e-aula-inaugural\/#breadcrumb"},"inLanguage":"pt-BR","potentialAction":[{"@type":"ReadAction","target":["https:\/\/wp.ufpel.edu.br\/ppgecm\/2026\/04\/16\/ppgecm-realiza-recepcao-aos-ingressantes-e-aula-inaugural\/"]}]},{"@type":"ImageObject","inLanguage":"pt-BR","@id":"https:\/\/wp.ufpel.edu.br\/ppgecm\/2026\/04\/16\/ppgecm-realiza-recepcao-aos-ingressantes-e-aula-inaugural\/#primaryimage","url":"https:\/\/wp.ufpel.edu.br\/ppgecm\/files\/2026\/04\/Aula-Inaugural-PPGECM.png","contentUrl":"https:\/\/wp.ufpel.edu.br\/ppgecm\/files\/2026\/04\/Aula-Inaugural-PPGECM.png","width":940,"height":788},{"@type":"BreadcrumbList","@id":"https:\/\/wp.ufpel.edu.br\/ppgecm\/2026\/04\/16\/ppgecm-realiza-recepcao-aos-ingressantes-e-aula-inaugural\/#breadcrumb","itemListElement":[{"@type":"ListItem","position":1,"name":"In\u00edcio","item":"https:\/\/wp.ufpel.edu.br\/ppgecm\/"},{"@type":"ListItem","position":2,"name":"PPGECM realiza Recep\u00e7\u00e3o aos ingressantes e Aula inaugural"}]},{"@type":"WebSite","@id":"https:\/\/wp.ufpel.edu.br\/ppgecm\/#website","url":"https:\/\/wp.ufpel.edu.br\/ppgecm\/","name":"Programa de P\u00f3s Gradua\u00e7\u00e3o em Ensino de Ci\u00eancias e Matem\u00e1tica - Mestrado Profissional","description":"Universidade Federal de Pelotas","potentialAction":[{"@type":"SearchAction","target":{"@type":"EntryPoint","urlTemplate":"https:\/\/wp.ufpel.edu.br\/ppgecm\/?s={search_term_string}"},"query-input":{"@type":"PropertyValueSpecification","valueRequired":true,"valueName":"search_term_string"}}],"inLanguage":"pt-BR"},{"@type":"Person","@id":"https:\/\/wp.ufpel.edu.br\/ppgecm\/#\/schema\/person\/28c85ac4f01dffc96e4d7a60abd91b19","name":"ppgecm","image":{"@type":"ImageObject","inLanguage":"pt-BR","@id":"https:\/\/wp.ufpel.edu.br\/ppgecm\/#\/schema\/person\/image\/","url":"https:\/\/secure.gravatar.com\/avatar\/0d3380ffb9b0d7de0a43b4a75ab70546b8cad5f766bd71a87cf73180641823d5?s=96&d=mm&r=g","contentUrl":"https:\/\/secure.gravatar.com\/avatar\/0d3380ffb9b0d7de0a43b4a75ab70546b8cad5f766bd71a87cf73180641823d5?s=96&d=mm&r=g","caption":"ppgecm"},"url":"https:\/\/wp.ufpel.edu.br\/ppgecm\/author\/ppgecm\/"}]}},"jetpack_featured_media_url":"","_links":{"self":[{"href":"https:\/\/wp.ufpel.edu.br\/ppgecm\/wp-json\/wp\/v2\/posts\/3288","targetHints":{"allow":["GET"]}}],"collection":[{"href":"https:\/\/wp.ufpel.edu.br\/ppgecm\/wp-json\/wp\/v2\/posts"}],"about":[{"href":"https:\/\/wp.ufpel.edu.br\/ppgecm\/wp-json\/wp\/v2\/types\/post"}],"author":[{"embeddable":true,"href":"https:\/\/wp.ufpel.edu.br\/ppgecm\/wp-json\/wp\/v2\/users\/112"}],"replies":[{"embeddable":true,"href":"https:\/\/wp.ufpel.edu.br\/ppgecm\/wp-json\/wp\/v2\/comments?post=3288"}],"version-history":[{"count":1,"href":"https:\/\/wp.ufpel.edu.br\/ppgecm\/wp-json\/wp\/v2\/posts\/3288\/revisions"}],"predecessor-version":[{"id":3294,"href":"https:\/\/wp.ufpel.edu.br\/ppgecm\/wp-json\/wp\/v2\/posts\/3288\/revisions\/3294"}],"wp:attachment":[{"href":"https:\/\/wp.ufpel.edu.br\/ppgecm\/wp-json\/wp\/v2\/media?parent=3288"}],"wp:term":[{"taxonomy":"category","embeddable":true,"href":"https:\/\/wp.ufpel.edu.br\/ppgecm\/wp-json\/wp\/v2\/categories?post=3288"},{"taxonomy":"post_tag","embeddable":true,"href":"https:\/\/wp.ufpel.edu.br\/ppgecm\/wp-json\/wp\/v2\/tags?post=3288"}],"curies":[{"name":"wp","href":"https:\/\/api.w.org\/{rel}","templated":true}]}}