{"id":2833,"date":"2023-11-24T09:59:12","date_gmt":"2023-11-24T12:59:12","guid":{"rendered":"https:\/\/wp.ufpel.edu.br\/ppgecm\/?p=2833"},"modified":"2024-03-04T14:48:13","modified_gmt":"2024-03-04T17:48:13","slug":"rematricula-2024-1","status":"publish","type":"post","link":"https:\/\/wp.ufpel.edu.br\/ppgecm\/2023\/11\/24\/rematricula-2024-1\/","title":{"rendered":"Rematr\u00edcula 2024\/1"},"content":{"rendered":"<p><strong>Rematr\u00edcula dos Alunos do Mestrado Profissional para 2024\/1.<\/strong><\/p>\n<p style=\"text-align: justify;\">A rematr\u00edcula ocorrer\u00e1 atrav\u00e9s de matr\u00edcula online no sistema COBALTO. Para isso, o aluno dever\u00e1 acessar a aba Aluno&gt;Cadastros&gt;Solicita\u00e7\u00e3o de matr\u00edcula (P\u00f3s). Durante o per\u00edodo de <strong>21 a 23\/02\/2024<\/strong>, o sistema COBALTO ficar\u00e1 aberto para realiza\u00e7\u00e3o da sua solicita\u00e7\u00e3o de matr\u00edcula. Ap\u00f3s, caso o aluno constate algum erro ou problema na matr\u00edcula realizada, poder\u00e1 entrar em contato com o Colegiado no per\u00edodo de <strong>26 a 28\/02\/2024<\/strong> para as corre\u00e7\u00f5es de matr\u00edcula.<\/p>\n<p>Per\u00edodo de Rematr\u00edcula:\u00a0<b> 21 a 23\/02\/2024<\/b><\/p>\n<p>Per\u00edodo de Corre\u00e7\u00e3o de Matr\u00edcula: <strong>26 a 28\/02\/2024<\/strong><\/p>\n<p>Inicio do semestre 2023\/1: <strong>04\/03\/2024<\/strong><\/p>\n<p>&nbsp;<\/p>\n<p><strong>Observa\u00e7\u00e3o:<\/strong><\/p>\n<p style=\"text-align: justify;\">1) Os\/As alunos\/as dever\u00e3o perguntar ao seu\/sua orientador\/a se dever\u00e3o ou n\u00e3o se matricular na disciplina de Pr\u00e1tica de Ensino Supervisionado neste semestre letivo. N\u00e3o \u00e9 aconselhado que alunos\/as ingressantes se matriculem nesta disciplina em seu primeiro semestre, visto que esta \u00e9 a disciplina de est\u00e1gio.<\/p>\n<p style=\"text-align: justify;\">2) As disciplinas negritadas, s\u00e3o disciplinas obrigat\u00f3rias para a conclus\u00e3o do Curso. O\/A aluno\/a da \u00e1rea da Matem\u00e1tica dever\u00e1 cursar durante todo o curso, obrigatoriamente, pelo menos 2 disciplinas a escolher entre as seguintes: Matem\u00e1tica nos Anos Iniciais, Matem\u00e1tica Experimental e Matem\u00e1tica e suas metodologias. O mesmo ocorre com o\/a aluno\/a das Ci\u00eancias, que dever\u00e1 optar por, pelo menos, 2 disciplinas entre: Ci\u00eancias e suas Metodologias, T\u00f3picos em Ci\u00eancias &#8211; Ensino Fundamental, T\u00f3picos em Biologia e T\u00f3picos em Qu\u00edmica. Em todos os casos, o\/a aluno\/a dever\u00e1 conversar com seu\/sua orientador\/a, a fim de observar quais das disciplinas s\u00e3o pertinentes para a sua pesquisa.<\/p>\n<p style=\"text-align: justify;\">3) <strong>A\u00a0matr\u00edcula nas disciplinas de Semin\u00e1rio de Pesquisa e Orienta\u00e7\u00e3o e em Pr\u00e1tica de Ensino Supervisionado deve ocorrer na turma do seu\/sua professor\/a orientador\/a<\/strong>. Abaixo, encontra-se relacionado a oferta dessas turmas com os\/as respectivos\/as professores\/as.<\/p>\n<p style=\"text-align: justify;\">4) Caso os\/as alunos\/as n\u00e3o consigam se rematricular em Semin\u00e1rio de Pesquisa e Orienta\u00e7\u00e3o, \u00e9 poss\u00edvel que seja um problema no modo como o sistema Cobalto funciona, que n\u00e3o permite rematr\u00edcula em disciplinas j\u00e1 cursadas. Neste caso, ap\u00f3s o per\u00edodo de matr\u00edculas, o aluno dever\u00e1 entrar em contato com a secretaria, que far\u00e1 a matr\u00edcula manual em Semin\u00e1rio de Pesquisa e Orienta\u00e7\u00e3o, para todos\/as os\/as alunos\/as que n\u00e3o conseguiram se matricular de modo online.<\/p>\n<p><strong>Turmas das Disciplinas Semin\u00e1rio de Pesquisa e Orienta\u00e7\u00e3o e Pr\u00e1tica de Ensino Supervisionado:<\/strong><\/p>\n<table class=\"aligncenter\" style=\"height: 324px; width: 49.7788%; border-collapse: collapse;\" border=\"1\">\n<tbody>\n<tr style=\"height: 24px;\">\n<td style=\"width: 29.7952%; height: 24px;\">TURMA<\/td>\n<td style=\"width: 38.0319%; height: 24px;\">PROFESSOR<\/td>\n<\/tr>\n<tr style=\"height: 24px;\">\n<td style=\"width: 29.7952%; height: 24px;\">01<\/td>\n<td style=\"width: 38.0319%; height: 24px;\">Andr\u00e9 Ferreira<\/td>\n<\/tr>\n<tr style=\"height: 24px;\">\n<td style=\"width: 29.7952%; height: 24px;\">02<\/td>\n<td style=\"width: 38.0319%; height: 24px;\">Ant\u00f4nio Maur\u00edcio Alves<\/td>\n<\/tr>\n<tr style=\"height: 24px;\">\n<td style=\"width: 29.7952%; height: 24px;\">03<\/td>\n<td style=\"width: 38.0319%; height: 24px;\">Bruno Pastoriza \/ Maira Ferreira \/ Ros\u00e1ria Sperotto<\/td>\n<\/tr>\n<tr style=\"height: 24px;\">\n<td style=\"width: 29.7952%; height: 24px;\">04<\/td>\n<td style=\"width: 38.0319%; height: 24px;\">Denise Silveira<\/td>\n<\/tr>\n<tr style=\"height: 24px;\">\n<td style=\"width: 29.7952%; height: 24px;\">05<\/td>\n<td style=\"width: 38.0319%; height: 24px;\">F\u00e1bio Sangiogo<\/td>\n<\/tr>\n<tr style=\"height: 24px;\">\n<td style=\"width: 29.7952%; height: 24px;\">06<\/td>\n<td style=\"width: 38.0319%; height: 24px;\">Francele Carlan<\/td>\n<\/tr>\n<tr style=\"height: 24px;\">\n<td style=\"width: 29.7952%; height: 24px;\">07<\/td>\n<td style=\"width: 38.0319%; height: 24px;\">Lui N\u00f6rnberg<\/td>\n<\/tr>\n<tr style=\"height: 24px;\">\n<td style=\"width: 29.7952%; height: 24px;\">08<\/td>\n<td style=\"width: 38.0319%; height: 24px;\">Maria Simone Debacco<\/td>\n<\/tr>\n<tr style=\"height: 24px;\">\n<td style=\"width: 29.7952%; height: 24px;\">09<\/td>\n<td style=\"width: 38.0319%; height: 24px;\">Rita C\u00f3ssio<\/td>\n<\/tr>\n<tr style=\"height: 24px;\">\n<td style=\"width: 29.7952%; height: 24px;\">10<\/td>\n<td style=\"width: 38.0319%; height: 24px;\">Robledo Gil<\/td>\n<\/tr>\n<\/tbody>\n<\/table>\n<p><strong>Disciplinas 2024\/1:<\/strong><\/p>\n<table class=\"aligncenter\" style=\"height: 100%; width: 100%; border-collapse: collapse;\" border=\"1\">\n<tbody>\n<tr style=\"height: 24px;\">\n<td style=\"width: 8.33936%; text-align: center; height: 24px;\"><strong>SALA<\/strong><\/td>\n<td style=\"width: 8.26689%; text-align: center; height: 24px;\"><strong>C\u00d3DIGO<\/strong><\/td>\n<td style=\"width: 26.2509%; text-align: center; height: 24px;\"><strong>DISCIPLINA<\/strong><\/td>\n<td style=\"width: 3.56011%; text-align: center; height: 24px;\"><strong>CR.<\/strong><\/td>\n<td style=\"width: 3.80998%; text-align: center; height: 24px;\"><strong>C\/H<\/strong><\/td>\n<td style=\"width: 17.4271%; text-align: center; height: 24px;\"><strong>PROF. RESPONS\u00c1VEL<\/strong><\/td>\n<td style=\"width: 8.63436%; text-align: center; height: 24px;\"><strong>HOR\u00c1RIO<\/strong><\/td>\n<\/tr>\n<tr style=\"height: 48px;\">\n<td style=\"width: 8.33936%; height: 48px; vertical-align: middle;\"><strong>A Combinar<\/strong><\/td>\n<td style=\"width: 8.26689%; height: 48px; vertical-align: middle;\"><strong>0358332<\/strong><\/td>\n<td style=\"width: 26.2509%; height: 48px; vertical-align: middle;\"><strong>Semin\u00e1rio de Pesquisa e Orienta\u00e7\u00e3o<\/strong><\/td>\n<td style=\"width: 3.56011%; height: 48px; vertical-align: middle;\"><strong>&#8212;<\/strong><\/td>\n<td style=\"width: 3.80998%; height: 48px; vertical-align: middle;\"><strong>51<\/strong><\/td>\n<td style=\"width: 17.4271%; height: 48px; vertical-align: middle;\"><strong>Orientador(a)<\/strong><\/td>\n<td style=\"width: 8.63436%; height: 48px; vertical-align: middle;\"><strong>A Combinar<\/strong><\/td>\n<\/tr>\n<tr style=\"height: 24px;\">\n<td style=\"width: 8.33936%; height: 24px; vertical-align: middle;\"><strong>A Combinar<\/strong><\/td>\n<td style=\"width: 8.26689%; height: 24px; vertical-align: middle;\"><strong>0358331<\/strong><\/td>\n<td style=\"width: 26.2509%; height: 24px; vertical-align: middle;\"><strong>Pr\u00e1tica de Ensino Supervisionado<\/strong><\/td>\n<td style=\"width: 3.56011%; height: 24px; vertical-align: middle;\"><strong>02<\/strong><\/td>\n<td style=\"width: 3.80998%; height: 24px; vertical-align: middle;\"><strong>34<\/strong><\/td>\n<td style=\"width: 17.4271%; height: 24px; vertical-align: middle;\"><strong>Orientador(a)<\/strong><\/td>\n<td style=\"width: 8.63436%; height: 24px; vertical-align: middle;\"><strong>A Combinar<\/strong><\/td>\n<\/tr>\n<tr>\n<td style=\"width: 8.33936%; vertical-align: middle;\">\n<p><strong>CEHUS<\/strong><\/p>\n<p><strong>Sala \u00e0 definir<\/strong><\/td>\n<td style=\"width: 8.26689%; vertical-align: middle;\"><strong>D001247<\/strong><\/td>\n<td style=\"width: 26.2509%; vertical-align: middle;\"><strong>Ci\u00eancias e suas Metodologias<\/strong><\/td>\n<td style=\"width: 3.56011%; vertical-align: middle;\"><strong>04<\/strong><\/td>\n<td style=\"width: 3.80998%; vertical-align: middle;\"><strong>68<\/strong><\/td>\n<td style=\"width: 17.4271%; vertical-align: middle;\"><strong>Bruno Pastoriza<\/strong><\/td>\n<td style=\"width: 8.63436%; vertical-align: middle;\">\n<p><strong>Sexta-feira<\/strong><\/p>\n<p><strong>08h \u00e0s 11h20<\/strong><\/td>\n<\/tr>\n<tr>\n<td style=\"width: 8.33936%; vertical-align: middle;\">\n<p><strong>CEHUS<\/strong><\/p>\n<p><strong>Sala \u00e0 definir<\/strong><\/td>\n<td style=\"width: 8.26689%; vertical-align: middle;\"><strong>0108335<\/strong><\/td>\n<td style=\"width: 26.2509%; vertical-align: middle;\">\n<p align=\"center\"><strong>Matem\u00e1tica Experimental<\/strong><\/p>\n<\/td>\n<td style=\"width: 3.56011%; vertical-align: middle;\"><strong>\u00a004<\/strong><\/td>\n<td style=\"width: 3.80998%; vertical-align: middle;\"><strong>68<\/strong><\/td>\n<td style=\"width: 17.4271%; vertical-align: middle;\"><strong>Andr\u00e9 Ferreira<\/strong><\/td>\n<td style=\"width: 8.63436%; vertical-align: middle;\">\n<p><strong>Sexta-feira<\/strong><\/p>\n<p><strong>08h \u00e0s 11h20<\/strong><\/td>\n<\/tr>\n<tr style=\"height: 24px;\">\n<td style=\"width: 8.33936%; height: 24px; vertical-align: middle;\">\n<p>CEHUS<\/p>\n<p>Sala \u00e0 definir<\/td>\n<td style=\"width: 8.26689%; height: 24px; vertical-align: middle;\">D000512<\/td>\n<td style=\"width: 26.2509%; height: 24px; vertical-align: middle;\">Semin\u00e1rio Avan\u00e7ado: M\u00eddias, Culturas e Processos de Aprendizagem (1 Cr \u00e0 dist\u00e2ncia)<\/td>\n<td style=\"width: 3.56011%; height: 24px; vertical-align: middle;\">03<\/td>\n<td style=\"width: 3.80998%; height: 24px; vertical-align: middle;\">51<\/td>\n<td style=\"width: 17.4271%; height: 24px; vertical-align: middle;\">Maria Simone Debacco<\/td>\n<td style=\"width: 8.63436%; height: 24px; vertical-align: middle;\">\n<p>Sexta-feira<\/p>\n<p>13h30 \u00e0s 15h10<\/td>\n<\/tr>\n<tr style=\"height: 24px;\">\n<td style=\"width: 8.33936%; height: 24px; vertical-align: middle;\">\n<p>CEHUS<\/p>\n<p>Sala \u00e0 definir<\/td>\n<td style=\"width: 8.26689%; height: 24px; vertical-align: middle;\">0108339<\/td>\n<td style=\"width: 26.2509%; height: 24px; vertical-align: middle;\">Epistemologia da Matem\u00e1tica<\/td>\n<td style=\"width: 3.56011%; height: 24px; vertical-align: middle;\">04<\/td>\n<td style=\"width: 3.80998%; height: 24px; vertical-align: middle;\">68<\/td>\n<td style=\"width: 17.4271%; height: 24px; vertical-align: middle;\">Denise Silveira<\/td>\n<td style=\"width: 8.63436%; height: 24px; vertical-align: middle;\">\n<p>Sexta-feira<\/p>\n<p>16h \u00e0s 18h30<\/td>\n<\/tr>\n<\/tbody>\n<\/table>\n<p>&nbsp;<\/p>\n","protected":false},"excerpt":{"rendered":"<p>Rematr\u00edcula dos Alunos do Mestrado Profissional para 2024\/1. A rematr\u00edcula ocorrer\u00e1 atrav\u00e9s de matr\u00edcula online no sistema COBALTO. Para isso, o aluno dever\u00e1 acessar a aba Aluno&gt;Cadastros&gt;Solicita\u00e7\u00e3o de matr\u00edcula (P\u00f3s). Durante o per\u00edodo de 21 a 23\/02\/2024, o sistema COBALTO ficar\u00e1 aberto para realiza\u00e7\u00e3o da sua solicita\u00e7\u00e3o de matr\u00edcula. Ap\u00f3s, caso o aluno constate algum [&hellip;]<\/p>\n","protected":false},"author":112,"featured_media":460,"comment_status":"closed","ping_status":"closed","sticky":false,"template":"","format":"standard","meta":{"footnotes":""},"categories":[58,32],"tags":[42,33,241],"class_list":["post-2833","post","type-post","status-publish","format-standard","has-post-thumbnail","hentry","category-matriculas","category-noticias","tag-matricula","tag-noticias","tag-semestre-letivo-2024-1"],"yoast_head":"<!-- This site is optimized with the Yoast SEO plugin v26.7 - https:\/\/yoast.com\/wordpress\/plugins\/seo\/ -->\n<title>Rematr\u00edcula 2024\/1 - Programa de P\u00f3s Gradua\u00e7\u00e3o em Ensino de Ci\u00eancias e Matem\u00e1tica - Mestrado Profissional<\/title>\n<meta name=\"robots\" content=\"index, follow, max-snippet:-1, max-image-preview:large, max-video-preview:-1\" \/>\n<link rel=\"canonical\" href=\"https:\/\/wp.ufpel.edu.br\/ppgecm\/2023\/11\/24\/rematricula-2024-1\/\" \/>\n<meta property=\"og:locale\" content=\"pt_BR\" \/>\n<meta property=\"og:type\" content=\"article\" \/>\n<meta property=\"og:title\" content=\"Rematr\u00edcula 2024\/1 - Programa de P\u00f3s Gradua\u00e7\u00e3o em Ensino de Ci\u00eancias e Matem\u00e1tica - Mestrado Profissional\" \/>\n<meta property=\"og:description\" content=\"Rematr\u00edcula dos Alunos do Mestrado Profissional para 2024\/1. A rematr\u00edcula ocorrer\u00e1 atrav\u00e9s de matr\u00edcula online no sistema COBALTO. Para isso, o aluno dever\u00e1 acessar a aba Aluno&gt;Cadastros&gt;Solicita\u00e7\u00e3o de matr\u00edcula (P\u00f3s). Durante o per\u00edodo de 21 a 23\/02\/2024, o sistema COBALTO ficar\u00e1 aberto para realiza\u00e7\u00e3o da sua solicita\u00e7\u00e3o de matr\u00edcula. Ap\u00f3s, caso o aluno constate algum [&hellip;]\" \/>\n<meta property=\"og:url\" content=\"https:\/\/wp.ufpel.edu.br\/ppgecm\/2023\/11\/24\/rematricula-2024-1\/\" \/>\n<meta property=\"og:site_name\" content=\"Programa de P\u00f3s Gradua\u00e7\u00e3o em Ensino de Ci\u00eancias e Matem\u00e1tica - Mestrado Profissional\" \/>\n<meta property=\"article:published_time\" content=\"2023-11-24T12:59:12+00:00\" \/>\n<meta property=\"article:modified_time\" content=\"2024-03-04T17:48:13+00:00\" \/>\n<meta property=\"og:image\" content=\"https:\/\/wp.ufpel.edu.br\/ppgecm\/files\/2016\/05\/logo-ppgecm.png\" \/>\n\t<meta property=\"og:image:width\" content=\"201\" \/>\n\t<meta property=\"og:image:height\" content=\"201\" \/>\n\t<meta property=\"og:image:type\" content=\"image\/png\" \/>\n<meta name=\"author\" content=\"ppgecm\" \/>\n<meta name=\"twitter:card\" content=\"summary_large_image\" \/>\n<meta name=\"twitter:label1\" content=\"Escrito por\" \/>\n\t<meta name=\"twitter:data1\" content=\"ppgecm\" \/>\n\t<meta name=\"twitter:label2\" content=\"Est. tempo de leitura\" \/>\n\t<meta name=\"twitter:data2\" content=\"4 minutos\" \/>\n<script type=\"application\/ld+json\" class=\"yoast-schema-graph\">{\"@context\":\"https:\/\/schema.org\",\"@graph\":[{\"@type\":\"Article\",\"@id\":\"https:\/\/wp.ufpel.edu.br\/ppgecm\/2023\/11\/24\/rematricula-2024-1\/#article\",\"isPartOf\":{\"@id\":\"https:\/\/wp.ufpel.edu.br\/ppgecm\/2023\/11\/24\/rematricula-2024-1\/\"},\"author\":{\"name\":\"ppgecm\",\"@id\":\"https:\/\/wp.ufpel.edu.br\/ppgecm\/#\/schema\/person\/28c85ac4f01dffc96e4d7a60abd91b19\"},\"headline\":\"Rematr\u00edcula 2024\/1\",\"datePublished\":\"2023-11-24T12:59:12+00:00\",\"dateModified\":\"2024-03-04T17:48:13+00:00\",\"mainEntityOfPage\":{\"@id\":\"https:\/\/wp.ufpel.edu.br\/ppgecm\/2023\/11\/24\/rematricula-2024-1\/\"},\"wordCount\":583,\"image\":{\"@id\":\"https:\/\/wp.ufpel.edu.br\/ppgecm\/2023\/11\/24\/rematricula-2024-1\/#primaryimage\"},\"thumbnailUrl\":\"https:\/\/wp.ufpel.edu.br\/ppgecm\/files\/2016\/05\/logo-ppgecm.png\",\"keywords\":[\"matr\u00edcula\",\"not\u00edcias\",\"semestre letivo 2024\/1\"],\"articleSection\":[\"Matr\u00edculas\",\"Not\u00edcias\"],\"inLanguage\":\"pt-BR\"},{\"@type\":\"WebPage\",\"@id\":\"https:\/\/wp.ufpel.edu.br\/ppgecm\/2023\/11\/24\/rematricula-2024-1\/\",\"url\":\"https:\/\/wp.ufpel.edu.br\/ppgecm\/2023\/11\/24\/rematricula-2024-1\/\",\"name\":\"Rematr\u00edcula 2024\/1 - Programa de P\u00f3s Gradua\u00e7\u00e3o em Ensino de Ci\u00eancias e Matem\u00e1tica - Mestrado Profissional\",\"isPartOf\":{\"@id\":\"https:\/\/wp.ufpel.edu.br\/ppgecm\/#website\"},\"primaryImageOfPage\":{\"@id\":\"https:\/\/wp.ufpel.edu.br\/ppgecm\/2023\/11\/24\/rematricula-2024-1\/#primaryimage\"},\"image\":{\"@id\":\"https:\/\/wp.ufpel.edu.br\/ppgecm\/2023\/11\/24\/rematricula-2024-1\/#primaryimage\"},\"thumbnailUrl\":\"https:\/\/wp.ufpel.edu.br\/ppgecm\/files\/2016\/05\/logo-ppgecm.png\",\"datePublished\":\"2023-11-24T12:59:12+00:00\",\"dateModified\":\"2024-03-04T17:48:13+00:00\",\"author\":{\"@id\":\"https:\/\/wp.ufpel.edu.br\/ppgecm\/#\/schema\/person\/28c85ac4f01dffc96e4d7a60abd91b19\"},\"breadcrumb\":{\"@id\":\"https:\/\/wp.ufpel.edu.br\/ppgecm\/2023\/11\/24\/rematricula-2024-1\/#breadcrumb\"},\"inLanguage\":\"pt-BR\",\"potentialAction\":[{\"@type\":\"ReadAction\",\"target\":[\"https:\/\/wp.ufpel.edu.br\/ppgecm\/2023\/11\/24\/rematricula-2024-1\/\"]}]},{\"@type\":\"ImageObject\",\"inLanguage\":\"pt-BR\",\"@id\":\"https:\/\/wp.ufpel.edu.br\/ppgecm\/2023\/11\/24\/rematricula-2024-1\/#primaryimage\",\"url\":\"https:\/\/wp.ufpel.edu.br\/ppgecm\/files\/2016\/05\/logo-ppgecm.png\",\"contentUrl\":\"https:\/\/wp.ufpel.edu.br\/ppgecm\/files\/2016\/05\/logo-ppgecm.png\",\"width\":201,\"height\":201},{\"@type\":\"BreadcrumbList\",\"@id\":\"https:\/\/wp.ufpel.edu.br\/ppgecm\/2023\/11\/24\/rematricula-2024-1\/#breadcrumb\",\"itemListElement\":[{\"@type\":\"ListItem\",\"position\":1,\"name\":\"In\u00edcio\",\"item\":\"https:\/\/wp.ufpel.edu.br\/ppgecm\/\"},{\"@type\":\"ListItem\",\"position\":2,\"name\":\"Rematr\u00edcula 2024\/1\"}]},{\"@type\":\"WebSite\",\"@id\":\"https:\/\/wp.ufpel.edu.br\/ppgecm\/#website\",\"url\":\"https:\/\/wp.ufpel.edu.br\/ppgecm\/\",\"name\":\"Programa de P\u00f3s Gradua\u00e7\u00e3o em Ensino de Ci\u00eancias e Matem\u00e1tica - Mestrado Profissional\",\"description\":\"Universidade Federal de Pelotas\",\"potentialAction\":[{\"@type\":\"SearchAction\",\"target\":{\"@type\":\"EntryPoint\",\"urlTemplate\":\"https:\/\/wp.ufpel.edu.br\/ppgecm\/?s={search_term_string}\"},\"query-input\":{\"@type\":\"PropertyValueSpecification\",\"valueRequired\":true,\"valueName\":\"search_term_string\"}}],\"inLanguage\":\"pt-BR\"},{\"@type\":\"Person\",\"@id\":\"https:\/\/wp.ufpel.edu.br\/ppgecm\/#\/schema\/person\/28c85ac4f01dffc96e4d7a60abd91b19\",\"name\":\"ppgecm\",\"image\":{\"@type\":\"ImageObject\",\"inLanguage\":\"pt-BR\",\"@id\":\"https:\/\/wp.ufpel.edu.br\/ppgecm\/#\/schema\/person\/image\/\",\"url\":\"https:\/\/secure.gravatar.com\/avatar\/0d3380ffb9b0d7de0a43b4a75ab70546b8cad5f766bd71a87cf73180641823d5?s=96&d=mm&r=g\",\"contentUrl\":\"https:\/\/secure.gravatar.com\/avatar\/0d3380ffb9b0d7de0a43b4a75ab70546b8cad5f766bd71a87cf73180641823d5?s=96&d=mm&r=g\",\"caption\":\"ppgecm\"},\"url\":\"https:\/\/wp.ufpel.edu.br\/ppgecm\/author\/ppgecm\/\"}]}<\/script>\n<!-- \/ Yoast SEO plugin. -->","yoast_head_json":{"title":"Rematr\u00edcula 2024\/1 - Programa de P\u00f3s Gradua\u00e7\u00e3o em Ensino de Ci\u00eancias e Matem\u00e1tica - Mestrado Profissional","robots":{"index":"index","follow":"follow","max-snippet":"max-snippet:-1","max-image-preview":"max-image-preview:large","max-video-preview":"max-video-preview:-1"},"canonical":"https:\/\/wp.ufpel.edu.br\/ppgecm\/2023\/11\/24\/rematricula-2024-1\/","og_locale":"pt_BR","og_type":"article","og_title":"Rematr\u00edcula 2024\/1 - Programa de P\u00f3s Gradua\u00e7\u00e3o em Ensino de Ci\u00eancias e Matem\u00e1tica - Mestrado Profissional","og_description":"Rematr\u00edcula dos Alunos do Mestrado Profissional para 2024\/1. A rematr\u00edcula ocorrer\u00e1 atrav\u00e9s de matr\u00edcula online no sistema COBALTO. Para isso, o aluno dever\u00e1 acessar a aba Aluno&gt;Cadastros&gt;Solicita\u00e7\u00e3o de matr\u00edcula (P\u00f3s). Durante o per\u00edodo de 21 a 23\/02\/2024, o sistema COBALTO ficar\u00e1 aberto para realiza\u00e7\u00e3o da sua solicita\u00e7\u00e3o de matr\u00edcula. Ap\u00f3s, caso o aluno constate algum [&hellip;]","og_url":"https:\/\/wp.ufpel.edu.br\/ppgecm\/2023\/11\/24\/rematricula-2024-1\/","og_site_name":"Programa de P\u00f3s Gradua\u00e7\u00e3o em Ensino de Ci\u00eancias e Matem\u00e1tica - Mestrado Profissional","article_published_time":"2023-11-24T12:59:12+00:00","article_modified_time":"2024-03-04T17:48:13+00:00","og_image":[{"width":201,"height":201,"url":"https:\/\/wp.ufpel.edu.br\/ppgecm\/files\/2016\/05\/logo-ppgecm.png","type":"image\/png"}],"author":"ppgecm","twitter_card":"summary_large_image","twitter_misc":{"Escrito por":"ppgecm","Est. tempo de leitura":"4 minutos"},"schema":{"@context":"https:\/\/schema.org","@graph":[{"@type":"Article","@id":"https:\/\/wp.ufpel.edu.br\/ppgecm\/2023\/11\/24\/rematricula-2024-1\/#article","isPartOf":{"@id":"https:\/\/wp.ufpel.edu.br\/ppgecm\/2023\/11\/24\/rematricula-2024-1\/"},"author":{"name":"ppgecm","@id":"https:\/\/wp.ufpel.edu.br\/ppgecm\/#\/schema\/person\/28c85ac4f01dffc96e4d7a60abd91b19"},"headline":"Rematr\u00edcula 2024\/1","datePublished":"2023-11-24T12:59:12+00:00","dateModified":"2024-03-04T17:48:13+00:00","mainEntityOfPage":{"@id":"https:\/\/wp.ufpel.edu.br\/ppgecm\/2023\/11\/24\/rematricula-2024-1\/"},"wordCount":583,"image":{"@id":"https:\/\/wp.ufpel.edu.br\/ppgecm\/2023\/11\/24\/rematricula-2024-1\/#primaryimage"},"thumbnailUrl":"https:\/\/wp.ufpel.edu.br\/ppgecm\/files\/2016\/05\/logo-ppgecm.png","keywords":["matr\u00edcula","not\u00edcias","semestre letivo 2024\/1"],"articleSection":["Matr\u00edculas","Not\u00edcias"],"inLanguage":"pt-BR"},{"@type":"WebPage","@id":"https:\/\/wp.ufpel.edu.br\/ppgecm\/2023\/11\/24\/rematricula-2024-1\/","url":"https:\/\/wp.ufpel.edu.br\/ppgecm\/2023\/11\/24\/rematricula-2024-1\/","name":"Rematr\u00edcula 2024\/1 - Programa de P\u00f3s Gradua\u00e7\u00e3o em Ensino de Ci\u00eancias e Matem\u00e1tica - Mestrado Profissional","isPartOf":{"@id":"https:\/\/wp.ufpel.edu.br\/ppgecm\/#website"},"primaryImageOfPage":{"@id":"https:\/\/wp.ufpel.edu.br\/ppgecm\/2023\/11\/24\/rematricula-2024-1\/#primaryimage"},"image":{"@id":"https:\/\/wp.ufpel.edu.br\/ppgecm\/2023\/11\/24\/rematricula-2024-1\/#primaryimage"},"thumbnailUrl":"https:\/\/wp.ufpel.edu.br\/ppgecm\/files\/2016\/05\/logo-ppgecm.png","datePublished":"2023-11-24T12:59:12+00:00","dateModified":"2024-03-04T17:48:13+00:00","author":{"@id":"https:\/\/wp.ufpel.edu.br\/ppgecm\/#\/schema\/person\/28c85ac4f01dffc96e4d7a60abd91b19"},"breadcrumb":{"@id":"https:\/\/wp.ufpel.edu.br\/ppgecm\/2023\/11\/24\/rematricula-2024-1\/#breadcrumb"},"inLanguage":"pt-BR","potentialAction":[{"@type":"ReadAction","target":["https:\/\/wp.ufpel.edu.br\/ppgecm\/2023\/11\/24\/rematricula-2024-1\/"]}]},{"@type":"ImageObject","inLanguage":"pt-BR","@id":"https:\/\/wp.ufpel.edu.br\/ppgecm\/2023\/11\/24\/rematricula-2024-1\/#primaryimage","url":"https:\/\/wp.ufpel.edu.br\/ppgecm\/files\/2016\/05\/logo-ppgecm.png","contentUrl":"https:\/\/wp.ufpel.edu.br\/ppgecm\/files\/2016\/05\/logo-ppgecm.png","width":201,"height":201},{"@type":"BreadcrumbList","@id":"https:\/\/wp.ufpel.edu.br\/ppgecm\/2023\/11\/24\/rematricula-2024-1\/#breadcrumb","itemListElement":[{"@type":"ListItem","position":1,"name":"In\u00edcio","item":"https:\/\/wp.ufpel.edu.br\/ppgecm\/"},{"@type":"ListItem","position":2,"name":"Rematr\u00edcula 2024\/1"}]},{"@type":"WebSite","@id":"https:\/\/wp.ufpel.edu.br\/ppgecm\/#website","url":"https:\/\/wp.ufpel.edu.br\/ppgecm\/","name":"Programa de P\u00f3s Gradua\u00e7\u00e3o em Ensino de Ci\u00eancias e Matem\u00e1tica - Mestrado Profissional","description":"Universidade Federal de Pelotas","potentialAction":[{"@type":"SearchAction","target":{"@type":"EntryPoint","urlTemplate":"https:\/\/wp.ufpel.edu.br\/ppgecm\/?s={search_term_string}"},"query-input":{"@type":"PropertyValueSpecification","valueRequired":true,"valueName":"search_term_string"}}],"inLanguage":"pt-BR"},{"@type":"Person","@id":"https:\/\/wp.ufpel.edu.br\/ppgecm\/#\/schema\/person\/28c85ac4f01dffc96e4d7a60abd91b19","name":"ppgecm","image":{"@type":"ImageObject","inLanguage":"pt-BR","@id":"https:\/\/wp.ufpel.edu.br\/ppgecm\/#\/schema\/person\/image\/","url":"https:\/\/secure.gravatar.com\/avatar\/0d3380ffb9b0d7de0a43b4a75ab70546b8cad5f766bd71a87cf73180641823d5?s=96&d=mm&r=g","contentUrl":"https:\/\/secure.gravatar.com\/avatar\/0d3380ffb9b0d7de0a43b4a75ab70546b8cad5f766bd71a87cf73180641823d5?s=96&d=mm&r=g","caption":"ppgecm"},"url":"https:\/\/wp.ufpel.edu.br\/ppgecm\/author\/ppgecm\/"}]}},"jetpack_featured_media_url":"https:\/\/wp.ufpel.edu.br\/ppgecm\/files\/2016\/05\/logo-ppgecm.png","_links":{"self":[{"href":"https:\/\/wp.ufpel.edu.br\/ppgecm\/wp-json\/wp\/v2\/posts\/2833","targetHints":{"allow":["GET"]}}],"collection":[{"href":"https:\/\/wp.ufpel.edu.br\/ppgecm\/wp-json\/wp\/v2\/posts"}],"about":[{"href":"https:\/\/wp.ufpel.edu.br\/ppgecm\/wp-json\/wp\/v2\/types\/post"}],"author":[{"embeddable":true,"href":"https:\/\/wp.ufpel.edu.br\/ppgecm\/wp-json\/wp\/v2\/users\/112"}],"replies":[{"embeddable":true,"href":"https:\/\/wp.ufpel.edu.br\/ppgecm\/wp-json\/wp\/v2\/comments?post=2833"}],"version-history":[{"count":4,"href":"https:\/\/wp.ufpel.edu.br\/ppgecm\/wp-json\/wp\/v2\/posts\/2833\/revisions"}],"predecessor-version":[{"id":2863,"href":"https:\/\/wp.ufpel.edu.br\/ppgecm\/wp-json\/wp\/v2\/posts\/2833\/revisions\/2863"}],"wp:featuredmedia":[{"embeddable":true,"href":"https:\/\/wp.ufpel.edu.br\/ppgecm\/wp-json\/wp\/v2\/media\/460"}],"wp:attachment":[{"href":"https:\/\/wp.ufpel.edu.br\/ppgecm\/wp-json\/wp\/v2\/media?parent=2833"}],"wp:term":[{"taxonomy":"category","embeddable":true,"href":"https:\/\/wp.ufpel.edu.br\/ppgecm\/wp-json\/wp\/v2\/categories?post=2833"},{"taxonomy":"post_tag","embeddable":true,"href":"https:\/\/wp.ufpel.edu.br\/ppgecm\/wp-json\/wp\/v2\/tags?post=2833"}],"curies":[{"name":"wp","href":"https:\/\/api.w.org\/{rel}","templated":true}]}}