{"id":2695,"date":"2023-03-01T11:00:32","date_gmt":"2023-03-01T14:00:32","guid":{"rendered":"https:\/\/wp.ufpel.edu.br\/ppgecm\/?p=2695"},"modified":"2023-03-01T11:00:32","modified_gmt":"2023-03-01T14:00:32","slug":"calendario-ppgecm-2023","status":"publish","type":"post","link":"https:\/\/wp.ufpel.edu.br\/ppgecm\/2023\/03\/01\/calendario-ppgecm-2023\/","title":{"rendered":"Calend\u00e1rio do PPGECM para 2023"},"content":{"rendered":"<p><strong><span class=\"fontstyle0\">JANEIRO<\/span><\/strong><\/p>\n<p><span class=\"fontstyle0\" style=\"background-color: #99cc00;\"> 27 (Sexta) \u2013 IN\u00cdCIO: Per\u00edodo de Digita\u00e7\u00e3o das Ofertas 2023\/1 <\/span><\/p>\n<p><span class=\"fontstyle0\" style=\"background-color: #99cc00;\">31 (Ter\u00e7a) \u2013 FIM: Per\u00edodo de Digita\u00e7\u00e3o das Ofertas 2023\/1 <\/span><\/p>\n<p>&nbsp;<\/p>\n<p><span class=\"fontstyle0\"><strong>FEVEREIRO<\/strong> <\/span><\/p>\n<p><span class=\"fontstyle0\" style=\"background-color: #ffcc99;\">06 (Segunda) &#8211; IN\u00cdCIO da solicita\u00e7\u00e3o de matr\u00edcula on-line 2023\/1. <\/span><\/p>\n<p><span class=\"fontstyle0\" style=\"background-color: #ff0000;\">07 (Ter\u00e7a) \u2013 Reuni\u00e3o de Colegiado do PPGECM <\/span><\/p>\n<p><span class=\"fontstyle0\" style=\"background-color: #ffff99;\">Publica\u00e7\u00e3o do edital de sele\u00e7\u00e3o para ALUNOS REGULARES \u2013 ingresso 2023\/2. <\/span><\/p>\n<p><span class=\"fontstyle0\" style=\"background-color: #ffcc99;\">12 (Domingo) &#8211; FIM da solicita\u00e7\u00e3o de matr\u00edcula on-line 2023\/1. <\/span><\/p>\n<p><span class=\"fontstyle0\" style=\"background-color: #ffcc99;\">17 (Sexta) &#8211; IN\u00cdCIO do per\u00edodo de corre\u00e7\u00f5es de matr\u00edcula 2023\/1. <\/span><\/p>\n<p><span class=\"fontstyle0\" style=\"background-color: #000080; color: #ffffff;\">20 (Segunda) \u2013 Carnaval. <\/span><\/p>\n<p><span class=\"fontstyle0\" style=\"background-color: #000080; color: #ffffff;\">21 (Ter\u00e7a) \u2013 Carnaval. <\/span><\/p>\n<p><span class=\"fontstyle0\" style=\"background-color: #ffcc99;\">22 (Quarta) &#8211; FIM do per\u00edodo de corre\u00e7\u00e3o de matr\u00edcula 2023\/1.<\/span><\/p>\n<p><span class=\"fontstyle0\" style=\"background-color: #999999;\">23 (Quinta) &#8211; IN\u00cdCIO do per\u00edodo de solicita\u00e7\u00e3o de trancamento geral de matr\u00edcula para discentes que n\u00e3o solicitaram matr\u00edcula para 2023\/1.<\/span><\/p>\n<p><span class=\"fontstyle0\" style=\"background-color: #999999;\">26 (Domingo) &#8211; FIM do per\u00edodo de solicita\u00e7\u00e3o de trancamento geral de matr\u00edcula para discentes que n\u00e3o solicitaram matr\u00edcula para 2023\/1. <\/span><\/p>\n<p>&nbsp;<\/p>\n<p><strong><span class=\"fontstyle0\">MAR\u00c7O <\/span><\/strong><\/p>\n<p><span class=\"fontstyle0\" style=\"background-color: #ffcc00;\">03 (Sexta) \u2013 IN\u00cdCIO: Primeiro dia do semestre letivo 2023\/1. <\/span><\/p>\n<p><span class=\"fontstyle0\" style=\"background-color: #ff0000;\">07 (Ter\u00e7a) \u2013 Reuni\u00e3o de Colegiado do PPGECM <\/span><\/p>\n<p><span class=\"fontstyle0\" style=\"background-color: #999999;\">27 (Segunda) &#8211; IN\u00cdCIO do per\u00edodo de solicita\u00e7\u00e3o de trancamento de disciplinas \u2013 Formul\u00e1rio no site <\/span><\/p>\n<p><span class=\"fontstyle0\"><span style=\"background-color: #ccffff;\">31 (Sexta) &#8211; Data limite para envio dos planos de ensino 2023\/1<\/span> <\/span><\/p>\n<p>&nbsp;<\/p>\n<p><strong><span class=\"fontstyle0\">ABRIL <\/span><\/strong><\/p>\n<p><span class=\"fontstyle0\" style=\"background-color: #ff0000;\">11 (Ter\u00e7a) \u2013 Reuni\u00e3o de Colegiado do PPGECM <\/span><\/p>\n<p><span class=\"fontstyle0\"><span style=\"background-color: #999999;\">05 (Quarta) &#8211; FIM do per\u00edodo de solicita\u00e7\u00e3o de trancamento de disciplinas<\/span> <\/span><\/p>\n<p><span class=\"fontstyle0\" style=\"background-color: #333399; color: #ffffff;\">07 (Sexta) \u2013 Paix\u00e3o de Cristo <\/span><\/p>\n<p><span class=\"fontstyle0\" style=\"background-color: #333399; color: #ffffff;\">21 (Sexta) \u2013 Tiradentes <\/span><\/p>\n<p>&nbsp;<\/p>\n<p><strong><span class=\"fontstyle0\">MAIO <\/span><\/strong><\/p>\n<p><span class=\"fontstyle0\" style=\"color: #ffffff;\"><span style=\"background-color: #333399;\">01 (Segunda) \u2013 Dia do Trabalho<\/span> <\/span><\/p>\n<p><span class=\"fontstyle0\"><span style=\"background-color: #ff0000;\">09 (Ter\u00e7a) &#8211; Reuni\u00e3o de Colegiado do PPGECM<\/span> <\/span><\/p>\n<p><span class=\"fontstyle0\"><span style=\"background-color: #99cc00;\">10 (Quarta) \u2013 Data limite para os colegiados informarem as ofertas 2023\/2 aos departamentos<\/span> <\/span><\/p>\n<p><span class=\"fontstyle0\"><span style=\"background-color: #ff6600;\">22 (Segunda) \u2013 INICIO: Recesso docente \u2013 calend\u00e1rio Gradua\u00e7\u00e3o 2022\/2<\/span> <\/span><\/p>\n<p><span class=\"fontstyle0\"><span style=\"background-color: #99cc00;\">26 (Sexta) \u2013 IN\u00cdCIO: Per\u00edodo de Digita\u00e7\u00e3o das Ofertas 2023\/2<\/span> <\/span><\/p>\n<p><span class=\"fontstyle0\"><span style=\"background-color: #99cc00;\">31 (Quarta) \u2013 FIM: Per\u00edodo de Digita\u00e7\u00e3o das Ofertas 2023\/2<\/span> <\/span><\/p>\n<p>&nbsp;<\/p>\n<p><strong><span class=\"fontstyle0\">JUNHO <\/span><\/strong><\/p>\n<p><span class=\"fontstyle0\"><span style=\"background-color: #ffff99;\">Publica\u00e7\u00e3o do edital de sele\u00e7\u00e3o de alunos especiais para 2023\/2 para ocorrer em julho de 2023<\/span> <\/span><\/p>\n<p><span class=\"fontstyle0\" style=\"background-color: #999999;\">02 (Sexta) &#8211; Prazo final para estudantes regularmente matriculados enviarem solicita\u00e7\u00e3o de trancamento geral de matr\u00edcula \u00e0 Secretaria do PPGECM \u2013 2023\/1<\/span><\/p>\n<p><span class=\"fontstyle0\" style=\"color: #ffffff;\"><span style=\"background-color: #333399;\">08 (Quinta) \u2013 Corpus Christi<\/span> <\/span><\/p>\n<p><span class=\"fontstyle0\"><span style=\"background-color: #ff6600;\">10 (S\u00e1bado) \u2013 FIM: Recesso docente \u2013 calend\u00e1rio Gradua\u00e7\u00e3o 2022\/2<\/span> <\/span><\/p>\n<p><span class=\"fontstyle0\"><span style=\"background-color: #ff0000;\">13 (Ter\u00e7a) &#8211; Reuni\u00e3o de Colegiado do PPGECM<\/span> <\/span><\/p>\n<p>&nbsp;<\/p>\n<p><strong><span class=\"fontstyle0\">JULHO <\/span><\/strong><\/p>\n<p><span class=\"fontstyle0\"><span style=\"background-color: #ff0000;\">04 (Ter\u00e7a) &#8211; Reuni\u00e3o de Colegiado do PPGECM<\/span> <\/span><\/p>\n<p><span class=\"fontstyle0\"><span style=\"background-color: #ffcc00;\">08 (Sexta) \u2013 FIM: \u00daltimo dia do semestre letivo<\/span> <\/span><\/p>\n<p><span class=\"fontstyle0\"><span style=\"background-color: #ffcc99;\">17 (Segunda) &#8211; IN\u00cdCIO da solicita\u00e7\u00e3o de matr\u00edcula on-line 2023\/2<\/span> <\/span><\/p>\n<p><span class=\"fontstyle0\" style=\"background-color: #ffcc99;\">19 (Quarta) &#8211; FIM da solicita\u00e7\u00e3o de matr\u00edcula on-line 2023\/2 <\/span><\/p>\n<p><span class=\"fontstyle0\" style=\"background-color: #ffcc99;\">21 (Sexta) &#8211; IN\u00cdCIO do per\u00edodo de corre\u00e7\u00f5es de matr\u00edcula 2023\/2. <\/span><\/p>\n<p><span class=\"fontstyle0\" style=\"background-color: #ffcc99;\">25 (Ter\u00e7a) &#8211; FIM do per\u00edodo de corre\u00e7\u00f5es de matr\u00edcula 2023\/2. <\/span><\/p>\n<p><span class=\"fontstyle0\" style=\"background-color: #999999;\">27 (Quinta) &#8211; IN\u00cdCIO do per\u00edodo de solicita\u00e7\u00e3o de trancamento geral de matr\u00edcula para discentes que n\u00e3o solicitaram matr\u00edcula para 2023\/2. <\/span><\/p>\n<p><span class=\"fontstyle0\" style=\"background-color: #999999;\">31 (Segunda) &#8211; FIM do per\u00edodo de solicita\u00e7\u00e3o de trancamento geral de matr\u00edcula para discentes que n\u00e3o solicitaram matr\u00edcula para 2023\/2. <\/span><\/p>\n<p><span class=\"fontstyle0\"><span style=\"background-color: #ccffff;\">31 (Segunda) &#8211; Data limite para digita\u00e7\u00e3o de notas 2023\/1<\/span> <\/span><\/p>\n<p>&nbsp;<\/p>\n<p><strong><span class=\"fontstyle0\">AGOSTO <\/span><\/strong><\/p>\n<p><span class=\"fontstyle0\"><span style=\"background-color: #ffcc00;\">04 (Sexta) &#8211; IN\u00cdCIO: Primeiro dia do semestre letivo 2023\/2.<\/span> <\/span><\/p>\n<p><span class=\"fontstyle0\"><span style=\"background-color: #ff0000;\">08 (Ter\u00e7a) &#8211; Reuni\u00e3o de Colegiado do PPGECM<\/span> <\/span><\/p>\n<p><span class=\"fontstyle0\"><span style=\"background-color: #999999;\">28 (Segunda) &#8211; IN\u00cdCIO do per\u00edodo de solicita\u00e7\u00e3o de trancamento de disciplinas \u2013 Formul\u00e1rio no site<\/span> <\/span><\/p>\n<p><span class=\"fontstyle0\"><span style=\"background-color: #ccffff;\">31 (Quinta) &#8211; Data limite para envio dos planos de ensino 2023\/2<\/span> <\/span><\/p>\n<p>&nbsp;<\/p>\n<p><strong><span class=\"fontstyle0\">SETEMBRO <\/span><\/strong><\/p>\n<p><span class=\"fontstyle0\"><span style=\"background-color: #ff0000;\">05 (Ter\u00e7a) &#8211; Reuni\u00e3o de Colegiado do PPGECM<\/span> <\/span><\/p>\n<p><span class=\"fontstyle0\" style=\"color: #ffffff;\"><span style=\"background-color: #333399;\">07 (Quinta) \u2013 Dia da Independ\u00eancia do Brasil<\/span> <\/span><\/p>\n<p><span class=\"fontstyle0\" style=\"background-color: #999999;\">08 (Sexta) &#8211; FIM do per\u00edodo de solicita\u00e7\u00e3o de trancamento de disciplinas<\/span><\/p>\n<p>&nbsp;<\/p>\n<p><strong><span class=\"fontstyle0\">OUTUBRO <\/span><\/strong><\/p>\n<p><span class=\"fontstyle0\"><span style=\"background-color: #ff6600;\">02 (Segunda) \u2013 INICIO: Recesso docente \u2013 calend\u00e1rio Gradua\u00e7\u00e3o 2023\/1<\/span> <\/span><\/p>\n<p><span class=\"fontstyle0\" style=\"color: #ffffff;\"><span style=\"background-color: #333399;\">12 (Quinta) \u2013 Nossa Senhora Aparecida<\/span> <\/span><\/p>\n<p><span class=\"fontstyle0\" style=\"background-color: #ff6600;\">21 (S\u00e1bado) \u2013 FIM: Recesso docente \u2013 calend\u00e1rio Gradua\u00e7\u00e3o 2023\/2 <\/span><\/p>\n<p><span class=\"fontstyle0\" style=\"color: #ffffff;\"><span style=\"background-color: #333399;\">28 (S\u00e1bado) \u2013 Dia do Servidor P\u00fablico<\/span> <\/span><\/p>\n<p>&nbsp;<\/p>\n<p><strong><span class=\"fontstyle0\">NOVEMBRO <\/span><\/strong><\/p>\n<p><span class=\"fontstyle0\" style=\"color: #ffffff;\"><span style=\"background-color: #333399;\">02 (Quinta) \u2013 Finados<\/span> <\/span><\/p>\n<p><span class=\"fontstyle0\"><span style=\"background-color: #ff0000;\">07 (Ter\u00e7a) &#8211; Reuni\u00e3o de Colegiado do PPGECM<\/span> <\/span><\/p>\n<p><span class=\"fontstyle0\" style=\"color: #ffffff;\"><span style=\"background-color: #333399;\">15 (Quarta) \u2013 Proclama\u00e7\u00e3o da Rep\u00fablica<\/span> <\/span><\/p>\n<p><span class=\"fontstyle0\"><span style=\"background-color: #99cc00;\">17 (Sexta) \u2013 Data limite para os colegiados informarem as ofertas 2023\/2 aos departamentos.<\/span> <\/span><\/p>\n<p>&nbsp;<\/p>\n<p><strong><span class=\"fontstyle0\">DEZEMBRO <\/span><\/strong><\/p>\n<p><span class=\"fontstyle0\"><span style=\"background-color: #ff0000;\">05 (Ter\u00e7a) &#8211; Reuni\u00e3o de Colegiado do PPGECM<\/span> <\/span><\/p>\n<p><span class=\"fontstyle0\"><span style=\"background-color: #ffff99;\">Publica\u00e7\u00e3o do edital de sele\u00e7\u00e3o para ALUNOS ESPECIAIS para 2024\/1.<\/span> <\/span><\/p>\n<p><span class=\"fontstyle0\"><span style=\"background-color: #99cc00;\">06 (Quarta) \u2013 IN\u00cdCIO: Per\u00edodo de Digita\u00e7\u00e3o das Ofertas 2023\/2<\/span> <\/span><\/p>\n<p><span class=\"fontstyle0\"><span style=\"background-color: #99cc00;\">12 (Ter\u00e7a) \u2013 FIM: Per\u00edodo de Digita\u00e7\u00e3o das Ofertas 2023\/2<\/span> <\/span><\/p>\n<p><span class=\"fontstyle0\"><span style=\"background-color: #ffcc00;\">15 (Sexta) \u2013 FIM: \u00daltimo dia do semestre letivo<\/span> <\/span><\/p>\n<p><span class=\"fontstyle0\" style=\"background-color: #333399; color: #ffffff;\">25 (Segunda) &#8211; Natal<\/span><\/p>\n<p>&nbsp;<\/p>\n","protected":false},"excerpt":{"rendered":"<p>JANEIRO 27 (Sexta) \u2013 IN\u00cdCIO: Per\u00edodo de Digita\u00e7\u00e3o das Ofertas 2023\/1 31 (Ter\u00e7a) \u2013 FIM: Per\u00edodo de Digita\u00e7\u00e3o das Ofertas 2023\/1 &nbsp; FEVEREIRO 06 (Segunda) &#8211; IN\u00cdCIO da solicita\u00e7\u00e3o de matr\u00edcula on-line 2023\/1. 07 (Ter\u00e7a) \u2013 Reuni\u00e3o de Colegiado do PPGECM Publica\u00e7\u00e3o do edital de sele\u00e7\u00e3o para ALUNOS REGULARES \u2013 ingresso 2023\/2. 12 (Domingo) &#8211; [&hellip;]<\/p>\n","protected":false},"author":112,"featured_media":460,"comment_status":"closed","ping_status":"closed","sticky":false,"template":"","format":"standard","meta":{"footnotes":""},"categories":[229,32],"tags":[233,231,43,33,227],"class_list":["post-2695","post","type-post","status-publish","format-standard","has-post-thumbnail","hentry","category-calendario-ppgecm","category-noticias","tag-calendario","tag-calendario-ppgecm","tag-divulgacao","tag-noticias","tag-semestre-letivo-2023-1"],"yoast_head":"<!-- This site is optimized with the Yoast SEO plugin v26.7 - https:\/\/yoast.com\/wordpress\/plugins\/seo\/ -->\n<title>Calend\u00e1rio do PPGECM para 2023 - Programa de P\u00f3s Gradua\u00e7\u00e3o em Ensino de Ci\u00eancias e Matem\u00e1tica - Mestrado Profissional<\/title>\n<meta name=\"robots\" content=\"index, follow, max-snippet:-1, max-image-preview:large, max-video-preview:-1\" \/>\n<link rel=\"canonical\" href=\"https:\/\/wp.ufpel.edu.br\/ppgecm\/2023\/03\/01\/calendario-ppgecm-2023\/\" \/>\n<meta property=\"og:locale\" content=\"pt_BR\" \/>\n<meta property=\"og:type\" content=\"article\" \/>\n<meta property=\"og:title\" content=\"Calend\u00e1rio do PPGECM para 2023 - Programa de P\u00f3s Gradua\u00e7\u00e3o em Ensino de Ci\u00eancias e Matem\u00e1tica - Mestrado Profissional\" \/>\n<meta property=\"og:description\" content=\"JANEIRO 27 (Sexta) \u2013 IN\u00cdCIO: Per\u00edodo de Digita\u00e7\u00e3o das Ofertas 2023\/1 31 (Ter\u00e7a) \u2013 FIM: Per\u00edodo de Digita\u00e7\u00e3o das Ofertas 2023\/1 &nbsp; FEVEREIRO 06 (Segunda) &#8211; IN\u00cdCIO da solicita\u00e7\u00e3o de matr\u00edcula on-line 2023\/1. 07 (Ter\u00e7a) \u2013 Reuni\u00e3o de Colegiado do PPGECM Publica\u00e7\u00e3o do edital de sele\u00e7\u00e3o para ALUNOS REGULARES \u2013 ingresso 2023\/2. 12 (Domingo) &#8211; [&hellip;]\" \/>\n<meta property=\"og:url\" content=\"https:\/\/wp.ufpel.edu.br\/ppgecm\/2023\/03\/01\/calendario-ppgecm-2023\/\" \/>\n<meta property=\"og:site_name\" content=\"Programa de P\u00f3s Gradua\u00e7\u00e3o em Ensino de Ci\u00eancias e Matem\u00e1tica - Mestrado Profissional\" \/>\n<meta property=\"article:published_time\" content=\"2023-03-01T14:00:32+00:00\" \/>\n<meta property=\"og:image\" content=\"https:\/\/wp.ufpel.edu.br\/ppgecm\/files\/2016\/05\/logo-ppgecm.png\" \/>\n\t<meta property=\"og:image:width\" content=\"201\" \/>\n\t<meta property=\"og:image:height\" content=\"201\" \/>\n\t<meta property=\"og:image:type\" content=\"image\/png\" \/>\n<meta name=\"author\" content=\"ppgecm\" \/>\n<meta name=\"twitter:card\" content=\"summary_large_image\" \/>\n<meta name=\"twitter:label1\" content=\"Escrito por\" \/>\n\t<meta name=\"twitter:data1\" content=\"ppgecm\" \/>\n\t<meta name=\"twitter:label2\" content=\"Est. tempo de leitura\" \/>\n\t<meta name=\"twitter:data2\" content=\"4 minutos\" \/>\n<script type=\"application\/ld+json\" class=\"yoast-schema-graph\">{\"@context\":\"https:\/\/schema.org\",\"@graph\":[{\"@type\":\"Article\",\"@id\":\"https:\/\/wp.ufpel.edu.br\/ppgecm\/2023\/03\/01\/calendario-ppgecm-2023\/#article\",\"isPartOf\":{\"@id\":\"https:\/\/wp.ufpel.edu.br\/ppgecm\/2023\/03\/01\/calendario-ppgecm-2023\/\"},\"author\":{\"name\":\"ppgecm\",\"@id\":\"https:\/\/wp.ufpel.edu.br\/ppgecm\/#\/schema\/person\/28c85ac4f01dffc96e4d7a60abd91b19\"},\"headline\":\"Calend\u00e1rio do PPGECM para 2023\",\"datePublished\":\"2023-03-01T14:00:32+00:00\",\"mainEntityOfPage\":{\"@id\":\"https:\/\/wp.ufpel.edu.br\/ppgecm\/2023\/03\/01\/calendario-ppgecm-2023\/\"},\"wordCount\":651,\"image\":{\"@id\":\"https:\/\/wp.ufpel.edu.br\/ppgecm\/2023\/03\/01\/calendario-ppgecm-2023\/#primaryimage\"},\"thumbnailUrl\":\"https:\/\/wp.ufpel.edu.br\/ppgecm\/files\/2016\/05\/logo-ppgecm.png\",\"keywords\":[\"calend\u00e1rio\",\"calend\u00e1rio PPGECM\",\"divulga\u00e7\u00e3o\",\"not\u00edcias\",\"semestre letivo 2023\/1\"],\"articleSection\":[\"Calend\u00e1rio PPGECM\",\"Not\u00edcias\"],\"inLanguage\":\"pt-BR\"},{\"@type\":\"WebPage\",\"@id\":\"https:\/\/wp.ufpel.edu.br\/ppgecm\/2023\/03\/01\/calendario-ppgecm-2023\/\",\"url\":\"https:\/\/wp.ufpel.edu.br\/ppgecm\/2023\/03\/01\/calendario-ppgecm-2023\/\",\"name\":\"Calend\u00e1rio do PPGECM para 2023 - Programa de P\u00f3s Gradua\u00e7\u00e3o em Ensino de Ci\u00eancias e Matem\u00e1tica - Mestrado Profissional\",\"isPartOf\":{\"@id\":\"https:\/\/wp.ufpel.edu.br\/ppgecm\/#website\"},\"primaryImageOfPage\":{\"@id\":\"https:\/\/wp.ufpel.edu.br\/ppgecm\/2023\/03\/01\/calendario-ppgecm-2023\/#primaryimage\"},\"image\":{\"@id\":\"https:\/\/wp.ufpel.edu.br\/ppgecm\/2023\/03\/01\/calendario-ppgecm-2023\/#primaryimage\"},\"thumbnailUrl\":\"https:\/\/wp.ufpel.edu.br\/ppgecm\/files\/2016\/05\/logo-ppgecm.png\",\"datePublished\":\"2023-03-01T14:00:32+00:00\",\"author\":{\"@id\":\"https:\/\/wp.ufpel.edu.br\/ppgecm\/#\/schema\/person\/28c85ac4f01dffc96e4d7a60abd91b19\"},\"breadcrumb\":{\"@id\":\"https:\/\/wp.ufpel.edu.br\/ppgecm\/2023\/03\/01\/calendario-ppgecm-2023\/#breadcrumb\"},\"inLanguage\":\"pt-BR\",\"potentialAction\":[{\"@type\":\"ReadAction\",\"target\":[\"https:\/\/wp.ufpel.edu.br\/ppgecm\/2023\/03\/01\/calendario-ppgecm-2023\/\"]}]},{\"@type\":\"ImageObject\",\"inLanguage\":\"pt-BR\",\"@id\":\"https:\/\/wp.ufpel.edu.br\/ppgecm\/2023\/03\/01\/calendario-ppgecm-2023\/#primaryimage\",\"url\":\"https:\/\/wp.ufpel.edu.br\/ppgecm\/files\/2016\/05\/logo-ppgecm.png\",\"contentUrl\":\"https:\/\/wp.ufpel.edu.br\/ppgecm\/files\/2016\/05\/logo-ppgecm.png\",\"width\":201,\"height\":201},{\"@type\":\"BreadcrumbList\",\"@id\":\"https:\/\/wp.ufpel.edu.br\/ppgecm\/2023\/03\/01\/calendario-ppgecm-2023\/#breadcrumb\",\"itemListElement\":[{\"@type\":\"ListItem\",\"position\":1,\"name\":\"In\u00edcio\",\"item\":\"https:\/\/wp.ufpel.edu.br\/ppgecm\/\"},{\"@type\":\"ListItem\",\"position\":2,\"name\":\"Calend\u00e1rio do PPGECM para 2023\"}]},{\"@type\":\"WebSite\",\"@id\":\"https:\/\/wp.ufpel.edu.br\/ppgecm\/#website\",\"url\":\"https:\/\/wp.ufpel.edu.br\/ppgecm\/\",\"name\":\"Programa de P\u00f3s Gradua\u00e7\u00e3o em Ensino de Ci\u00eancias e Matem\u00e1tica - Mestrado Profissional\",\"description\":\"Universidade Federal de Pelotas\",\"potentialAction\":[{\"@type\":\"SearchAction\",\"target\":{\"@type\":\"EntryPoint\",\"urlTemplate\":\"https:\/\/wp.ufpel.edu.br\/ppgecm\/?s={search_term_string}\"},\"query-input\":{\"@type\":\"PropertyValueSpecification\",\"valueRequired\":true,\"valueName\":\"search_term_string\"}}],\"inLanguage\":\"pt-BR\"},{\"@type\":\"Person\",\"@id\":\"https:\/\/wp.ufpel.edu.br\/ppgecm\/#\/schema\/person\/28c85ac4f01dffc96e4d7a60abd91b19\",\"name\":\"ppgecm\",\"image\":{\"@type\":\"ImageObject\",\"inLanguage\":\"pt-BR\",\"@id\":\"https:\/\/wp.ufpel.edu.br\/ppgecm\/#\/schema\/person\/image\/\",\"url\":\"https:\/\/secure.gravatar.com\/avatar\/0d3380ffb9b0d7de0a43b4a75ab70546b8cad5f766bd71a87cf73180641823d5?s=96&d=mm&r=g\",\"contentUrl\":\"https:\/\/secure.gravatar.com\/avatar\/0d3380ffb9b0d7de0a43b4a75ab70546b8cad5f766bd71a87cf73180641823d5?s=96&d=mm&r=g\",\"caption\":\"ppgecm\"},\"url\":\"https:\/\/wp.ufpel.edu.br\/ppgecm\/author\/ppgecm\/\"}]}<\/script>\n<!-- \/ Yoast SEO plugin. -->","yoast_head_json":{"title":"Calend\u00e1rio do PPGECM para 2023 - Programa de P\u00f3s Gradua\u00e7\u00e3o em Ensino de Ci\u00eancias e Matem\u00e1tica - Mestrado Profissional","robots":{"index":"index","follow":"follow","max-snippet":"max-snippet:-1","max-image-preview":"max-image-preview:large","max-video-preview":"max-video-preview:-1"},"canonical":"https:\/\/wp.ufpel.edu.br\/ppgecm\/2023\/03\/01\/calendario-ppgecm-2023\/","og_locale":"pt_BR","og_type":"article","og_title":"Calend\u00e1rio do PPGECM para 2023 - Programa de P\u00f3s Gradua\u00e7\u00e3o em Ensino de Ci\u00eancias e Matem\u00e1tica - Mestrado Profissional","og_description":"JANEIRO 27 (Sexta) \u2013 IN\u00cdCIO: Per\u00edodo de Digita\u00e7\u00e3o das Ofertas 2023\/1 31 (Ter\u00e7a) \u2013 FIM: Per\u00edodo de Digita\u00e7\u00e3o das Ofertas 2023\/1 &nbsp; FEVEREIRO 06 (Segunda) &#8211; IN\u00cdCIO da solicita\u00e7\u00e3o de matr\u00edcula on-line 2023\/1. 07 (Ter\u00e7a) \u2013 Reuni\u00e3o de Colegiado do PPGECM Publica\u00e7\u00e3o do edital de sele\u00e7\u00e3o para ALUNOS REGULARES \u2013 ingresso 2023\/2. 12 (Domingo) &#8211; [&hellip;]","og_url":"https:\/\/wp.ufpel.edu.br\/ppgecm\/2023\/03\/01\/calendario-ppgecm-2023\/","og_site_name":"Programa de P\u00f3s Gradua\u00e7\u00e3o em Ensino de Ci\u00eancias e Matem\u00e1tica - Mestrado Profissional","article_published_time":"2023-03-01T14:00:32+00:00","og_image":[{"width":201,"height":201,"url":"https:\/\/wp.ufpel.edu.br\/ppgecm\/files\/2016\/05\/logo-ppgecm.png","type":"image\/png"}],"author":"ppgecm","twitter_card":"summary_large_image","twitter_misc":{"Escrito por":"ppgecm","Est. tempo de leitura":"4 minutos"},"schema":{"@context":"https:\/\/schema.org","@graph":[{"@type":"Article","@id":"https:\/\/wp.ufpel.edu.br\/ppgecm\/2023\/03\/01\/calendario-ppgecm-2023\/#article","isPartOf":{"@id":"https:\/\/wp.ufpel.edu.br\/ppgecm\/2023\/03\/01\/calendario-ppgecm-2023\/"},"author":{"name":"ppgecm","@id":"https:\/\/wp.ufpel.edu.br\/ppgecm\/#\/schema\/person\/28c85ac4f01dffc96e4d7a60abd91b19"},"headline":"Calend\u00e1rio do PPGECM para 2023","datePublished":"2023-03-01T14:00:32+00:00","mainEntityOfPage":{"@id":"https:\/\/wp.ufpel.edu.br\/ppgecm\/2023\/03\/01\/calendario-ppgecm-2023\/"},"wordCount":651,"image":{"@id":"https:\/\/wp.ufpel.edu.br\/ppgecm\/2023\/03\/01\/calendario-ppgecm-2023\/#primaryimage"},"thumbnailUrl":"https:\/\/wp.ufpel.edu.br\/ppgecm\/files\/2016\/05\/logo-ppgecm.png","keywords":["calend\u00e1rio","calend\u00e1rio PPGECM","divulga\u00e7\u00e3o","not\u00edcias","semestre letivo 2023\/1"],"articleSection":["Calend\u00e1rio PPGECM","Not\u00edcias"],"inLanguage":"pt-BR"},{"@type":"WebPage","@id":"https:\/\/wp.ufpel.edu.br\/ppgecm\/2023\/03\/01\/calendario-ppgecm-2023\/","url":"https:\/\/wp.ufpel.edu.br\/ppgecm\/2023\/03\/01\/calendario-ppgecm-2023\/","name":"Calend\u00e1rio do PPGECM para 2023 - Programa de P\u00f3s Gradua\u00e7\u00e3o em Ensino de Ci\u00eancias e Matem\u00e1tica - Mestrado Profissional","isPartOf":{"@id":"https:\/\/wp.ufpel.edu.br\/ppgecm\/#website"},"primaryImageOfPage":{"@id":"https:\/\/wp.ufpel.edu.br\/ppgecm\/2023\/03\/01\/calendario-ppgecm-2023\/#primaryimage"},"image":{"@id":"https:\/\/wp.ufpel.edu.br\/ppgecm\/2023\/03\/01\/calendario-ppgecm-2023\/#primaryimage"},"thumbnailUrl":"https:\/\/wp.ufpel.edu.br\/ppgecm\/files\/2016\/05\/logo-ppgecm.png","datePublished":"2023-03-01T14:00:32+00:00","author":{"@id":"https:\/\/wp.ufpel.edu.br\/ppgecm\/#\/schema\/person\/28c85ac4f01dffc96e4d7a60abd91b19"},"breadcrumb":{"@id":"https:\/\/wp.ufpel.edu.br\/ppgecm\/2023\/03\/01\/calendario-ppgecm-2023\/#breadcrumb"},"inLanguage":"pt-BR","potentialAction":[{"@type":"ReadAction","target":["https:\/\/wp.ufpel.edu.br\/ppgecm\/2023\/03\/01\/calendario-ppgecm-2023\/"]}]},{"@type":"ImageObject","inLanguage":"pt-BR","@id":"https:\/\/wp.ufpel.edu.br\/ppgecm\/2023\/03\/01\/calendario-ppgecm-2023\/#primaryimage","url":"https:\/\/wp.ufpel.edu.br\/ppgecm\/files\/2016\/05\/logo-ppgecm.png","contentUrl":"https:\/\/wp.ufpel.edu.br\/ppgecm\/files\/2016\/05\/logo-ppgecm.png","width":201,"height":201},{"@type":"BreadcrumbList","@id":"https:\/\/wp.ufpel.edu.br\/ppgecm\/2023\/03\/01\/calendario-ppgecm-2023\/#breadcrumb","itemListElement":[{"@type":"ListItem","position":1,"name":"In\u00edcio","item":"https:\/\/wp.ufpel.edu.br\/ppgecm\/"},{"@type":"ListItem","position":2,"name":"Calend\u00e1rio do PPGECM para 2023"}]},{"@type":"WebSite","@id":"https:\/\/wp.ufpel.edu.br\/ppgecm\/#website","url":"https:\/\/wp.ufpel.edu.br\/ppgecm\/","name":"Programa de P\u00f3s Gradua\u00e7\u00e3o em Ensino de Ci\u00eancias e Matem\u00e1tica - Mestrado Profissional","description":"Universidade Federal de Pelotas","potentialAction":[{"@type":"SearchAction","target":{"@type":"EntryPoint","urlTemplate":"https:\/\/wp.ufpel.edu.br\/ppgecm\/?s={search_term_string}"},"query-input":{"@type":"PropertyValueSpecification","valueRequired":true,"valueName":"search_term_string"}}],"inLanguage":"pt-BR"},{"@type":"Person","@id":"https:\/\/wp.ufpel.edu.br\/ppgecm\/#\/schema\/person\/28c85ac4f01dffc96e4d7a60abd91b19","name":"ppgecm","image":{"@type":"ImageObject","inLanguage":"pt-BR","@id":"https:\/\/wp.ufpel.edu.br\/ppgecm\/#\/schema\/person\/image\/","url":"https:\/\/secure.gravatar.com\/avatar\/0d3380ffb9b0d7de0a43b4a75ab70546b8cad5f766bd71a87cf73180641823d5?s=96&d=mm&r=g","contentUrl":"https:\/\/secure.gravatar.com\/avatar\/0d3380ffb9b0d7de0a43b4a75ab70546b8cad5f766bd71a87cf73180641823d5?s=96&d=mm&r=g","caption":"ppgecm"},"url":"https:\/\/wp.ufpel.edu.br\/ppgecm\/author\/ppgecm\/"}]}},"jetpack_featured_media_url":"https:\/\/wp.ufpel.edu.br\/ppgecm\/files\/2016\/05\/logo-ppgecm.png","_links":{"self":[{"href":"https:\/\/wp.ufpel.edu.br\/ppgecm\/wp-json\/wp\/v2\/posts\/2695","targetHints":{"allow":["GET"]}}],"collection":[{"href":"https:\/\/wp.ufpel.edu.br\/ppgecm\/wp-json\/wp\/v2\/posts"}],"about":[{"href":"https:\/\/wp.ufpel.edu.br\/ppgecm\/wp-json\/wp\/v2\/types\/post"}],"author":[{"embeddable":true,"href":"https:\/\/wp.ufpel.edu.br\/ppgecm\/wp-json\/wp\/v2\/users\/112"}],"replies":[{"embeddable":true,"href":"https:\/\/wp.ufpel.edu.br\/ppgecm\/wp-json\/wp\/v2\/comments?post=2695"}],"version-history":[{"count":1,"href":"https:\/\/wp.ufpel.edu.br\/ppgecm\/wp-json\/wp\/v2\/posts\/2695\/revisions"}],"predecessor-version":[{"id":2697,"href":"https:\/\/wp.ufpel.edu.br\/ppgecm\/wp-json\/wp\/v2\/posts\/2695\/revisions\/2697"}],"wp:featuredmedia":[{"embeddable":true,"href":"https:\/\/wp.ufpel.edu.br\/ppgecm\/wp-json\/wp\/v2\/media\/460"}],"wp:attachment":[{"href":"https:\/\/wp.ufpel.edu.br\/ppgecm\/wp-json\/wp\/v2\/media?parent=2695"}],"wp:term":[{"taxonomy":"category","embeddable":true,"href":"https:\/\/wp.ufpel.edu.br\/ppgecm\/wp-json\/wp\/v2\/categories?post=2695"},{"taxonomy":"post_tag","embeddable":true,"href":"https:\/\/wp.ufpel.edu.br\/ppgecm\/wp-json\/wp\/v2\/tags?post=2695"}],"curies":[{"name":"wp","href":"https:\/\/api.w.org\/{rel}","templated":true}]}}