{"id":2193,"date":"2022-02-10T10:52:20","date_gmt":"2022-02-10T13:52:20","guid":{"rendered":"https:\/\/wp.ufpel.edu.br\/ppgecm\/?p=2193"},"modified":"2022-03-17T08:42:51","modified_gmt":"2022-03-17T11:42:51","slug":"rematricula-2022-1","status":"publish","type":"post","link":"https:\/\/wp.ufpel.edu.br\/ppgecm\/2022\/02\/10\/rematricula-2022-1\/","title":{"rendered":"Rematr\u00edcula 2022\/1"},"content":{"rendered":"<p><strong>Rematr\u00edcula dos Alunos do Mestrado Profissional para 2022\/1.<\/strong><\/p>\n<p style=\"text-align: justify\">A rematr\u00edcula ocorrer\u00e1 atrav\u00e9s de matr\u00edcula online no sistema COBALTO. Para isso, o aluno dever\u00e1 acessar a aba Aluno&gt;Cadastros&gt;Solicita\u00e7\u00e3o de matr\u00edcula (P\u00f3s). Durante o per\u00edodo de <strong>16 a 18\/02<\/strong>, o sistema COBALTO ficar\u00e1 aberto para realiza\u00e7\u00e3o da sua solicita\u00e7\u00e3o de matr\u00edcula. Ap\u00f3s, caso o aluno constate algum erro ou problema na matr\u00edcula realizada, poder\u00e1 entrar em contato com o Colegiado nos dias <strong>21 e 22\/02<\/strong> para as corre\u00e7\u00f5es de matr\u00edcula.<\/p>\n<p>Per\u00edodo de Rematr\u00edcula: <strong>16 a 18\/02\/2022<\/strong><\/p>\n<p>Per\u00edodo de Corre\u00e7\u00e3o de Matr\u00edcula: <strong>21 e 22\/02\/2022<\/strong><\/p>\n<p>Inicio do semestre letivo 2022\/1: <strong>07\/03\/2022<\/strong><\/p>\n<p>&nbsp;<\/p>\n<p><strong>Observa\u00e7\u00e3o:<\/strong><\/p>\n<p style=\"text-align: justify\">1) Os\/As alunos\/as dever\u00e3o perguntar ao seu\/sua orientador\/a se dever\u00e3o ou n\u00e3o se matricular na disciplina de Pr\u00e1tica de Ensino Supervisionado neste semestre letivo. N\u00e3o \u00e9 aconselhado que alunos\/as ingressantes se matriculem nesta disciplina em seu primeiro semestre, visto que esta \u00e9 a disciplina de est\u00e1gio.<\/p>\n<p style=\"text-align: justify\">2) Para os\/as alunos\/as que est\u00e3o fazendo a rematr\u00edcula online (COBALTO), a <strong>matr\u00edcula<\/strong> nas disciplinas de <strong>Semin\u00e1rio de Pesquisa e Orienta\u00e7\u00e3o<\/strong> e em <strong>Pr\u00e1tica de Ensino Supervisionado<\/strong> deve ocorrer na <strong>turma do seu\/sua professor\/a orientador\/a<\/strong>. Abaixo da planilha das disciplinas, encontra-se relacionado a oferta dessas turmas com os\/as respectivos\/as professores\/as.<\/p>\n<p style=\"text-align: justify\">3) Caso os\/as alunos\/as n\u00e3o consigam se rematricular em Semin\u00e1rio de Pesquisa e Orienta\u00e7\u00e3o, \u00e9 poss\u00edvel que seja um problema no modo como o sistema Cobalto funciona, que n\u00e3o permite rematr\u00edcula em disciplinas j\u00e1 cursadas. Ap\u00f3s o per\u00edodo de matr\u00edculas, a secretaria far\u00e1 a matr\u00edcula manual em Semin\u00e1rio de Pesquisa e Orienta\u00e7\u00e3o, para todos\/as os\/as alunos\/as que n\u00e3o conseguiram se matricular de modo online. Ent\u00e3o, caso n\u00e3o consiga se matricular nesta disciplina em espec\u00edfico, n\u00e3o h\u00e1 necessidade de informar a secretaria, apenas aguardar o t\u00e9rmino do per\u00edodo de corre\u00e7\u00f5es e confirmar se a matr\u00edcula na disciplina foi inserida no seu sistema Cobalto.<\/p>\n<p style=\"text-align: justify\">4) A disciplina <strong>Leitura Dirigida de Boaventura de Sousa Santos<\/strong> ser\u00e1 ofertada pelos professores Lui N\u00f6rnberg e Denise Silveira, sendo uma disciplina exclusiva para orientandos\/as destes professores. Caso outro estudante do PPGECM queira participar desta leitura, dever\u00e1 ter autoriza\u00e7\u00e3o do\/a seu\/sua orientador\/a e dos professores respons\u00e1veis pela disciplina. Al\u00e9m disso, essa disciplina ainda est\u00e1 em processo de cria\u00e7\u00e3o e, portanto, ainda n\u00e3o est\u00e1 cadastrada no sistema Cobalto. Portanto, os\/as alunos\/as que quiserem cursar esta disciplina dever\u00e3o enviar e-mail para o PPGECM solicitando a matr\u00edcula. Quando a disciplina estiver cadastrada no sistema, a secretaria realizar\u00e1 a matr\u00edcula manualmente a partir das solicita\u00e7\u00f5es por e-mail.<\/p>\n<p><strong>Disciplinas 2022\/1:<\/strong><\/p>\n<table style=\"border-collapse: collapse;width: 100%\" border=\"1\">\n<tbody>\n<tr style=\"height: 48px\">\n<td style=\"width: 16.6667%;height: 48px;text-align: center\"><span style=\"font-size: 10pt\"><strong>C\u00d3DIGO<\/strong><\/span><\/td>\n<td style=\"width: 16.6667%;height: 48px;text-align: center\"><span style=\"font-size: 10pt\"><strong>DISCIPLINA<\/strong><\/span><\/td>\n<td style=\"width: 16.6667%;height: 48px;text-align: center\"><span style=\"font-size: 10pt\"><strong>CR.<\/strong><\/span><\/td>\n<td style=\"width: 16.6667%;height: 48px;text-align: center\"><span style=\"font-size: 10pt\"><strong>CH.<\/strong><\/span><\/td>\n<td style=\"width: 16.7879%;height: 48px;text-align: center\"><span style=\"font-size: 10pt\"><strong>PROF. RESPONS\u00c1VEL<\/strong><\/span><\/td>\n<td style=\"width: 16.5455%;height: 48px;text-align: center\" colspan=\"2\"><span style=\"font-size: 10pt\"><strong>HOR\u00c1RIO<\/strong><\/span><\/td>\n<\/tr>\n<tr style=\"height: 72px\">\n<td style=\"width: 16.6667%;height: 72px;text-align: center\"><span style=\"font-size: 10pt\"><strong>0358332<\/strong><\/span><\/td>\n<td style=\"width: 16.6667%;height: 72px;text-align: center\"><span style=\"font-size: 10pt\"><strong>Semin\u00e1rio de Pesquisa e Orienta\u00e7\u00e3o<\/strong><\/span><\/td>\n<td style=\"width: 16.6667%;height: 72px;text-align: center\"><span style=\"font-size: 10pt\"><strong>&#8212;<\/strong><\/span><\/td>\n<td style=\"width: 16.6667%;height: 72px;text-align: center\"><span style=\"font-size: 10pt\"><strong>51<\/strong><\/span><\/td>\n<td style=\"width: 16.7879%;height: 72px;text-align: center\"><span style=\"font-size: 10pt\"><strong>Orientador(a)<\/strong><\/span><\/td>\n<td style=\"width: 16.5455%;height: 72px;text-align: center\" colspan=\"2\"><span style=\"font-size: 10pt\"><strong>A combinar<\/strong><\/span><\/td>\n<\/tr>\n<tr style=\"height: 72px\">\n<td style=\"width: 16.6667%;height: 72px;text-align: center\"><span style=\"font-size: 10pt\"><strong>0358331<\/strong><\/span><\/td>\n<td style=\"width: 16.6667%;height: 72px;text-align: center\"><span style=\"font-size: 10pt\"><strong>Pr\u00e1tica de Ensino Supervisionado<\/strong><\/span><\/td>\n<td style=\"width: 16.6667%;height: 72px;text-align: center\"><span style=\"font-size: 10pt\"><strong>02<\/strong><\/span><\/td>\n<td style=\"width: 16.6667%;height: 72px;text-align: center\"><span style=\"font-size: 10pt\"><strong>34<\/strong><\/span><\/td>\n<td style=\"width: 16.7879%;height: 72px;text-align: center\"><span style=\"font-size: 10pt\"><strong>Orientador(a)<\/strong><\/span><\/td>\n<td style=\"width: 16.5455%;height: 72px;text-align: center\" colspan=\"2\"><span style=\"font-size: 10pt\"><strong>A combinar<\/strong><\/span><\/td>\n<\/tr>\n<tr style=\"height: 48px\">\n<td style=\"width: 16.6667%;height: 48px;text-align: center\"><span style=\"font-size: 10pt\">0368269<\/span><\/td>\n<td style=\"width: 16.6667%;height: 48px;text-align: center\"><span style=\"font-size: 10pt\">Ensino e Aprendizagem<\/span><\/td>\n<td style=\"width: 16.6667%;height: 48px;text-align: center\"><span style=\"font-size: 10pt\">03<\/span><\/td>\n<td style=\"width: 16.6667%;height: 48px;text-align: center\"><span style=\"font-size: 10pt\">51<\/span><\/td>\n<td style=\"width: 16.7879%;height: 48px;text-align: center\"><span style=\"font-size: 10pt\">Dr. Lui N\u00f6rnberg<\/span><\/td>\n<td style=\"width: 16.5455%;height: 48px;text-align: center\" colspan=\"2\">\n<p><span style=\"font-size: 10pt\">Sexta-feira<\/span><\/p>\n<p><span style=\"font-size: 10pt\">08h \u00e0s 09h40<\/span><\/p>\n<p><span style=\"font-size: 10pt\">Inicio em 11\/03\/2022<\/span><\/td>\n<\/tr>\n<tr style=\"height: 24px\">\n<td style=\"width: 16.6667%;height: 24px;text-align: center\"><span style=\"font-size: 10pt\">D000512<\/span><\/td>\n<td style=\"width: 16.6667%;height: 24px;text-align: center\"><span style=\"font-size: 10pt\">S.A. M\u00eddias, Culturas e Processos de Aprendizagem<\/span><\/td>\n<td style=\"width: 16.6667%;height: 24px;text-align: center\"><span style=\"font-size: 10pt\">03<\/span><\/td>\n<td style=\"width: 16.6667%;height: 24px;text-align: center\"><span style=\"font-size: 10pt\">51<\/span><\/td>\n<td style=\"width: 16.7879%;height: 24px;text-align: center\"><span style=\"font-size: 10pt\">Dr\u00aa. Maria Simone Debacco<\/span><\/td>\n<td style=\"width: 16.5455%;height: 24px;text-align: center\" colspan=\"2\">\n<p><span style=\"font-size: 10pt\">Sexta-feira<\/span><\/p>\n<p><span style=\"font-size: 10pt\">10h \u00e0s 11h40<\/span><\/p>\n<p><span style=\"font-size: 10pt\">Inicio em 11\/03\/2022<\/span><\/td>\n<\/tr>\n<tr style=\"height: 24px\">\n<td style=\"width: 16.6667%;height: 24px;text-align: center\">s.\/c\u00f3d.<\/td>\n<td style=\"width: 16.6667%;height: 24px;text-align: center\"><span style=\"font-size: 10pt\">LD de Boaventura de Sousa Santos<\/span><\/td>\n<td style=\"width: 16.6667%;height: 24px;text-align: center\"><span style=\"font-size: 10pt\">01<\/span><\/td>\n<td style=\"width: 16.6667%;height: 24px;text-align: center\"><span style=\"font-size: 10pt\">17<\/span><\/td>\n<td style=\"width: 16.7879%;height: 24px;text-align: center\"><span style=\"font-size: 10pt\">Dr. Lui N\u00f6rnberg e Dr\u00aa. Denise Silveira<\/span><\/td>\n<td style=\"width: 16.5455%;height: 24px;text-align: center\" colspan=\"2\">\n<p><span style=\"font-size: 10pt\">Quarta-feira<\/span><\/p>\n<p><span style=\"font-size: 10pt\">18h \u00e0s 19h40<\/span><\/p>\n<p><span style=\"font-size: 10pt\">Quinzenal<\/span><\/p>\n<p><span style=\"font-size: 10pt\">In\u00edcio em 16\/03\/2022<\/span><\/td>\n<\/tr>\n<tr style=\"height: 24px\">\n<td style=\"width: 100%;text-align: center;height: 24px\" colspan=\"7\"><span style=\"font-size: 10pt\"><strong>Oferta de outros PPGs &#8211; PPGQ<\/strong><\/span><\/td>\n<\/tr>\n<tr style=\"height: 48px\">\n<td style=\"width: 16.6667%;text-align: center;height: 48px\"><span style=\"font-size: 10pt\"><strong>C\u00d3DIGO<\/strong><\/span><\/td>\n<td style=\"width: 16.6667%;text-align: center;height: 48px\"><span style=\"font-size: 10pt\"><strong>DISCIPLINA<\/strong><\/span><\/td>\n<td style=\"width: 16.6667%;text-align: center;height: 48px\"><span style=\"font-size: 10pt\"><strong>CR.<\/strong><\/span><\/td>\n<td style=\"width: 16.6667%;text-align: center;height: 48px\"><span style=\"font-size: 10pt\"><strong>C\/H<\/strong><\/span><\/td>\n<td style=\"width: 16.7879%;text-align: center;height: 48px\"><span style=\"font-size: 10pt\"><strong>PROF. RESPONS\u00c1VEL<\/strong><\/span><\/td>\n<td style=\"width: 8.21214%;text-align: center;height: 48px\"><span style=\"font-size: 10pt\"><strong>HOR\u00c1RIO:<\/strong><\/span><\/td>\n<td style=\"width: 8.33335%;text-align: center;height: 48px\"><span style=\"font-size: 10pt\"><strong>VAGAS:<\/strong><\/span><\/td>\n<\/tr>\n<tr style=\"height: 144px\">\n<td style=\"width: 16.6667%;text-align: center;height: 144px\"><span style=\"font-size: 10pt\">12000457<\/span><\/td>\n<td style=\"width: 16.6667%;text-align: center;height: 144px\"><span style=\"font-size: 10pt\">Tratamento de Informa\u00e7\u00f5es Qualitativas por An\u00e1lise Textual Discursiva<\/span><\/td>\n<td style=\"width: 16.6667%;text-align: center;height: 144px\"><span style=\"font-size: 10pt\">03<\/span><\/td>\n<td style=\"width: 16.6667%;text-align: center;height: 144px\"><span style=\"font-size: 10pt\">51<\/span><\/td>\n<td style=\"width: 16.7879%;text-align: center;height: 144px\"><span style=\"font-size: 10pt\">Dr. Marcus Ribeiro e Dr. F\u00e1bio Sangiogo<\/span><\/td>\n<td style=\"width: 8.21214%;text-align: center;height: 144px\">\n<p><span style=\"font-size: 10pt\">Segunda-feira<\/span><\/p>\n<p><span style=\"font-size: 10pt\">16h50 &#8211; 19h20<\/span><\/p>\n<p><span style=\"font-size: 10pt\">Inicio em 07\/03\/2022<\/span><\/td>\n<td style=\"width: 8.33335%;text-align: center;height: 144px\"><span style=\"font-size: 10pt\">03<\/span><\/td>\n<\/tr>\n<tr style=\"height: 72px\">\n<td style=\"width: 100%;text-align: center;height: 72px\" colspan=\"7\"><span style=\"font-size: 10pt\">EMENTA: Estuda os pressupostos metodol\u00f3gicos relacionados \u00e0 an\u00e1lise de informa\u00e7\u00f5es qualitativas constru\u00eddas em pesquisas sociais e no campo da educa\u00e7\u00e3o. Estabelece conhecimentos te\u00f3ricos para an\u00e1lise em movimentos individuais e coletivos de pesquisa. Tem como pressuposto o exerc\u00edcio da escrita para a compreens\u00e3o das possibilidades da an\u00e1lise textual como metodologia de an\u00e1lise e interpreta\u00e7\u00e3o.<\/span><\/td>\n<\/tr>\n<\/tbody>\n<\/table>\n<p><strong>Turmas das Disciplinas Semin\u00e1rio de Pesquisa e Orienta\u00e7\u00e3o e Pr\u00e1tica de Ensino Supervisionado:<\/strong><\/p>\n<table class=\"aligncenter\" style=\"border-collapse: collapse;height: 354px\" border=\"1\" width=\"510\">\n<tbody>\n<tr style=\"height: 24px\">\n<td style=\"width: 250.391px;height: 24px\">TURMA<\/td>\n<td style=\"width: 250.609px;height: 24px\">PROFESSOR<\/td>\n<\/tr>\n<tr style=\"height: 24px\">\n<td style=\"width: 250.391px;height: 24px\">01<\/td>\n<td style=\"width: 250.609px;height: 24px\">Alzira Yamasaki<\/td>\n<\/tr>\n<tr style=\"height: 24px\">\n<td style=\"width: 250.391px;height: 24px\">02<\/td>\n<td style=\"width: 250.609px;height: 24px\">Andr\u00e9 Ferreira<\/td>\n<\/tr>\n<tr style=\"height: 24px\">\n<td style=\"width: 250.391px;height: 24px\">03<\/td>\n<td style=\"width: 250.609px;height: 24px\">Ant\u00f4nio Maur\u00edcio Alves<\/td>\n<\/tr>\n<tr style=\"height: 24px\">\n<td style=\"width: 250.391px;height: 24px\">05<\/td>\n<td style=\"width: 250.609px;height: 24px\">Denise Silveira<\/td>\n<\/tr>\n<tr style=\"height: 24px\">\n<td style=\"width: 250.391px;height: 24px\">06<\/td>\n<td style=\"width: 250.609px;height: 24px\">F\u00e1bio Sangiogo<\/td>\n<\/tr>\n<tr style=\"height: 24px\">\n<td style=\"width: 250.391px;height: 24px\">07<\/td>\n<td style=\"width: 250.609px;height: 24px\">Francele Carlan<\/td>\n<\/tr>\n<tr style=\"height: 24px\">\n<td style=\"width: 250.391px;height: 24px\">08<\/td>\n<td style=\"width: 250.609px;height: 24px\">Lui N\u00f6rnberg<\/td>\n<\/tr>\n<tr style=\"height: 24px\">\n<td style=\"width: 250.391px;height: 24px\">10<\/td>\n<td style=\"width: 250.609px;height: 24px\">Marcelo Machado<\/td>\n<\/tr>\n<tr style=\"height: 24px\">\n<td style=\"width: 250.391px;height: 24px\">12<\/td>\n<td style=\"width: 250.609px;height: 24px\">Maria Simone Debacco<\/td>\n<\/tr>\n<tr style=\"height: 24px\">\n<td style=\"width: 250.391px;height: 24px\">16<\/td>\n<td style=\"width: 250.609px;height: 24px\">Rita C\u00f3ssio<\/td>\n<\/tr>\n<tr style=\"height: 24px\">\n<td style=\"width: 250.391px;height: 24px\">17<\/td>\n<td style=\"width: 250.609px;height: 24px\">Robledo Gil<\/td>\n<\/tr>\n<tr style=\"height: 24px\">\n<td style=\"width: 250.391px;height: 24px\">18<\/td>\n<td style=\"width: 250.609px;height: 24px\">Ros\u00e1ria Sperotto<\/td>\n<\/tr>\n<\/tbody>\n<\/table>\n<p>&nbsp;<\/p>\n<p>&nbsp;<\/p>\n","protected":false},"excerpt":{"rendered":"<p>Rematr\u00edcula dos Alunos do Mestrado Profissional para 2022\/1. A rematr\u00edcula ocorrer\u00e1 atrav\u00e9s de matr\u00edcula online no sistema COBALTO. Para isso, o aluno dever\u00e1 acessar a aba Aluno&gt;Cadastros&gt;Solicita\u00e7\u00e3o de matr\u00edcula (P\u00f3s). Durante o per\u00edodo de 16 a 18\/02, o sistema COBALTO ficar\u00e1 aberto para realiza\u00e7\u00e3o da sua solicita\u00e7\u00e3o de matr\u00edcula. Ap\u00f3s, caso o aluno constate algum [&hellip;]<\/p>\n","protected":false},"author":112,"featured_media":460,"comment_status":"closed","ping_status":"closed","sticky":false,"template":"","format":"standard","meta":{"footnotes":""},"categories":[58,32],"tags":[43,42,33,85],"class_list":["post-2193","post","type-post","status-publish","format-standard","has-post-thumbnail","hentry","category-matriculas","category-noticias","tag-divulgacao","tag-matricula","tag-noticias","tag-semestre-letivo-2022-1"],"yoast_head":"<!-- This site is optimized with the Yoast SEO plugin v26.7 - https:\/\/yoast.com\/wordpress\/plugins\/seo\/ -->\n<title>Rematr\u00edcula 2022\/1 - Programa de P\u00f3s Gradua\u00e7\u00e3o em Ensino de Ci\u00eancias e Matem\u00e1tica - Mestrado Profissional<\/title>\n<meta name=\"robots\" content=\"index, follow, max-snippet:-1, max-image-preview:large, max-video-preview:-1\" \/>\n<link rel=\"canonical\" href=\"https:\/\/wp.ufpel.edu.br\/ppgecm\/2022\/02\/10\/rematricula-2022-1\/\" \/>\n<meta property=\"og:locale\" content=\"pt_BR\" \/>\n<meta property=\"og:type\" content=\"article\" \/>\n<meta property=\"og:title\" content=\"Rematr\u00edcula 2022\/1 - Programa de P\u00f3s Gradua\u00e7\u00e3o em Ensino de Ci\u00eancias e Matem\u00e1tica - Mestrado Profissional\" \/>\n<meta property=\"og:description\" content=\"Rematr\u00edcula dos Alunos do Mestrado Profissional para 2022\/1. A rematr\u00edcula ocorrer\u00e1 atrav\u00e9s de matr\u00edcula online no sistema COBALTO. Para isso, o aluno dever\u00e1 acessar a aba Aluno&gt;Cadastros&gt;Solicita\u00e7\u00e3o de matr\u00edcula (P\u00f3s). Durante o per\u00edodo de 16 a 18\/02, o sistema COBALTO ficar\u00e1 aberto para realiza\u00e7\u00e3o da sua solicita\u00e7\u00e3o de matr\u00edcula. Ap\u00f3s, caso o aluno constate algum [&hellip;]\" \/>\n<meta property=\"og:url\" content=\"https:\/\/wp.ufpel.edu.br\/ppgecm\/2022\/02\/10\/rematricula-2022-1\/\" \/>\n<meta property=\"og:site_name\" content=\"Programa de P\u00f3s Gradua\u00e7\u00e3o em Ensino de Ci\u00eancias e Matem\u00e1tica - Mestrado Profissional\" \/>\n<meta property=\"article:published_time\" content=\"2022-02-10T13:52:20+00:00\" \/>\n<meta property=\"article:modified_time\" content=\"2022-03-17T11:42:51+00:00\" \/>\n<meta property=\"og:image\" content=\"https:\/\/wp.ufpel.edu.br\/ppgecm\/files\/2016\/05\/logo-ppgecm.png\" \/>\n\t<meta property=\"og:image:width\" content=\"201\" \/>\n\t<meta property=\"og:image:height\" content=\"201\" \/>\n\t<meta property=\"og:image:type\" content=\"image\/png\" \/>\n<meta name=\"author\" content=\"ppgecm\" \/>\n<meta name=\"twitter:card\" content=\"summary_large_image\" \/>\n<meta name=\"twitter:label1\" content=\"Escrito por\" \/>\n\t<meta name=\"twitter:data1\" content=\"ppgecm\" \/>\n\t<meta name=\"twitter:label2\" content=\"Est. tempo de leitura\" \/>\n\t<meta name=\"twitter:data2\" content=\"4 minutos\" \/>\n<script type=\"application\/ld+json\" class=\"yoast-schema-graph\">{\"@context\":\"https:\/\/schema.org\",\"@graph\":[{\"@type\":\"Article\",\"@id\":\"https:\/\/wp.ufpel.edu.br\/ppgecm\/2022\/02\/10\/rematricula-2022-1\/#article\",\"isPartOf\":{\"@id\":\"https:\/\/wp.ufpel.edu.br\/ppgecm\/2022\/02\/10\/rematricula-2022-1\/\"},\"author\":{\"name\":\"ppgecm\",\"@id\":\"https:\/\/wp.ufpel.edu.br\/ppgecm\/#\/schema\/person\/28c85ac4f01dffc96e4d7a60abd91b19\"},\"headline\":\"Rematr\u00edcula 2022\/1\",\"datePublished\":\"2022-02-10T13:52:20+00:00\",\"dateModified\":\"2022-03-17T11:42:51+00:00\",\"mainEntityOfPage\":{\"@id\":\"https:\/\/wp.ufpel.edu.br\/ppgecm\/2022\/02\/10\/rematricula-2022-1\/\"},\"wordCount\":725,\"image\":{\"@id\":\"https:\/\/wp.ufpel.edu.br\/ppgecm\/2022\/02\/10\/rematricula-2022-1\/#primaryimage\"},\"thumbnailUrl\":\"https:\/\/wp.ufpel.edu.br\/ppgecm\/files\/2016\/05\/logo-ppgecm.png\",\"keywords\":[\"divulga\u00e7\u00e3o\",\"matr\u00edcula\",\"not\u00edcias\",\"semestre letivo 2022\/1\"],\"articleSection\":[\"Matr\u00edculas\",\"Not\u00edcias\"],\"inLanguage\":\"pt-BR\"},{\"@type\":\"WebPage\",\"@id\":\"https:\/\/wp.ufpel.edu.br\/ppgecm\/2022\/02\/10\/rematricula-2022-1\/\",\"url\":\"https:\/\/wp.ufpel.edu.br\/ppgecm\/2022\/02\/10\/rematricula-2022-1\/\",\"name\":\"Rematr\u00edcula 2022\/1 - Programa de P\u00f3s Gradua\u00e7\u00e3o em Ensino de Ci\u00eancias e Matem\u00e1tica - Mestrado Profissional\",\"isPartOf\":{\"@id\":\"https:\/\/wp.ufpel.edu.br\/ppgecm\/#website\"},\"primaryImageOfPage\":{\"@id\":\"https:\/\/wp.ufpel.edu.br\/ppgecm\/2022\/02\/10\/rematricula-2022-1\/#primaryimage\"},\"image\":{\"@id\":\"https:\/\/wp.ufpel.edu.br\/ppgecm\/2022\/02\/10\/rematricula-2022-1\/#primaryimage\"},\"thumbnailUrl\":\"https:\/\/wp.ufpel.edu.br\/ppgecm\/files\/2016\/05\/logo-ppgecm.png\",\"datePublished\":\"2022-02-10T13:52:20+00:00\",\"dateModified\":\"2022-03-17T11:42:51+00:00\",\"author\":{\"@id\":\"https:\/\/wp.ufpel.edu.br\/ppgecm\/#\/schema\/person\/28c85ac4f01dffc96e4d7a60abd91b19\"},\"breadcrumb\":{\"@id\":\"https:\/\/wp.ufpel.edu.br\/ppgecm\/2022\/02\/10\/rematricula-2022-1\/#breadcrumb\"},\"inLanguage\":\"pt-BR\",\"potentialAction\":[{\"@type\":\"ReadAction\",\"target\":[\"https:\/\/wp.ufpel.edu.br\/ppgecm\/2022\/02\/10\/rematricula-2022-1\/\"]}]},{\"@type\":\"ImageObject\",\"inLanguage\":\"pt-BR\",\"@id\":\"https:\/\/wp.ufpel.edu.br\/ppgecm\/2022\/02\/10\/rematricula-2022-1\/#primaryimage\",\"url\":\"https:\/\/wp.ufpel.edu.br\/ppgecm\/files\/2016\/05\/logo-ppgecm.png\",\"contentUrl\":\"https:\/\/wp.ufpel.edu.br\/ppgecm\/files\/2016\/05\/logo-ppgecm.png\",\"width\":201,\"height\":201},{\"@type\":\"BreadcrumbList\",\"@id\":\"https:\/\/wp.ufpel.edu.br\/ppgecm\/2022\/02\/10\/rematricula-2022-1\/#breadcrumb\",\"itemListElement\":[{\"@type\":\"ListItem\",\"position\":1,\"name\":\"In\u00edcio\",\"item\":\"https:\/\/wp.ufpel.edu.br\/ppgecm\/\"},{\"@type\":\"ListItem\",\"position\":2,\"name\":\"Rematr\u00edcula 2022\/1\"}]},{\"@type\":\"WebSite\",\"@id\":\"https:\/\/wp.ufpel.edu.br\/ppgecm\/#website\",\"url\":\"https:\/\/wp.ufpel.edu.br\/ppgecm\/\",\"name\":\"Programa de P\u00f3s Gradua\u00e7\u00e3o em Ensino de Ci\u00eancias e Matem\u00e1tica - Mestrado Profissional\",\"description\":\"Universidade Federal de Pelotas\",\"potentialAction\":[{\"@type\":\"SearchAction\",\"target\":{\"@type\":\"EntryPoint\",\"urlTemplate\":\"https:\/\/wp.ufpel.edu.br\/ppgecm\/?s={search_term_string}\"},\"query-input\":{\"@type\":\"PropertyValueSpecification\",\"valueRequired\":true,\"valueName\":\"search_term_string\"}}],\"inLanguage\":\"pt-BR\"},{\"@type\":\"Person\",\"@id\":\"https:\/\/wp.ufpel.edu.br\/ppgecm\/#\/schema\/person\/28c85ac4f01dffc96e4d7a60abd91b19\",\"name\":\"ppgecm\",\"image\":{\"@type\":\"ImageObject\",\"inLanguage\":\"pt-BR\",\"@id\":\"https:\/\/wp.ufpel.edu.br\/ppgecm\/#\/schema\/person\/image\/\",\"url\":\"https:\/\/secure.gravatar.com\/avatar\/0d3380ffb9b0d7de0a43b4a75ab70546b8cad5f766bd71a87cf73180641823d5?s=96&d=mm&r=g\",\"contentUrl\":\"https:\/\/secure.gravatar.com\/avatar\/0d3380ffb9b0d7de0a43b4a75ab70546b8cad5f766bd71a87cf73180641823d5?s=96&d=mm&r=g\",\"caption\":\"ppgecm\"},\"url\":\"https:\/\/wp.ufpel.edu.br\/ppgecm\/author\/ppgecm\/\"}]}<\/script>\n<!-- \/ Yoast SEO plugin. -->","yoast_head_json":{"title":"Rematr\u00edcula 2022\/1 - Programa de P\u00f3s Gradua\u00e7\u00e3o em Ensino de Ci\u00eancias e Matem\u00e1tica - Mestrado Profissional","robots":{"index":"index","follow":"follow","max-snippet":"max-snippet:-1","max-image-preview":"max-image-preview:large","max-video-preview":"max-video-preview:-1"},"canonical":"https:\/\/wp.ufpel.edu.br\/ppgecm\/2022\/02\/10\/rematricula-2022-1\/","og_locale":"pt_BR","og_type":"article","og_title":"Rematr\u00edcula 2022\/1 - Programa de P\u00f3s Gradua\u00e7\u00e3o em Ensino de Ci\u00eancias e Matem\u00e1tica - Mestrado Profissional","og_description":"Rematr\u00edcula dos Alunos do Mestrado Profissional para 2022\/1. A rematr\u00edcula ocorrer\u00e1 atrav\u00e9s de matr\u00edcula online no sistema COBALTO. Para isso, o aluno dever\u00e1 acessar a aba Aluno&gt;Cadastros&gt;Solicita\u00e7\u00e3o de matr\u00edcula (P\u00f3s). Durante o per\u00edodo de 16 a 18\/02, o sistema COBALTO ficar\u00e1 aberto para realiza\u00e7\u00e3o da sua solicita\u00e7\u00e3o de matr\u00edcula. Ap\u00f3s, caso o aluno constate algum [&hellip;]","og_url":"https:\/\/wp.ufpel.edu.br\/ppgecm\/2022\/02\/10\/rematricula-2022-1\/","og_site_name":"Programa de P\u00f3s Gradua\u00e7\u00e3o em Ensino de Ci\u00eancias e Matem\u00e1tica - Mestrado Profissional","article_published_time":"2022-02-10T13:52:20+00:00","article_modified_time":"2022-03-17T11:42:51+00:00","og_image":[{"width":201,"height":201,"url":"https:\/\/wp.ufpel.edu.br\/ppgecm\/files\/2016\/05\/logo-ppgecm.png","type":"image\/png"}],"author":"ppgecm","twitter_card":"summary_large_image","twitter_misc":{"Escrito por":"ppgecm","Est. tempo de leitura":"4 minutos"},"schema":{"@context":"https:\/\/schema.org","@graph":[{"@type":"Article","@id":"https:\/\/wp.ufpel.edu.br\/ppgecm\/2022\/02\/10\/rematricula-2022-1\/#article","isPartOf":{"@id":"https:\/\/wp.ufpel.edu.br\/ppgecm\/2022\/02\/10\/rematricula-2022-1\/"},"author":{"name":"ppgecm","@id":"https:\/\/wp.ufpel.edu.br\/ppgecm\/#\/schema\/person\/28c85ac4f01dffc96e4d7a60abd91b19"},"headline":"Rematr\u00edcula 2022\/1","datePublished":"2022-02-10T13:52:20+00:00","dateModified":"2022-03-17T11:42:51+00:00","mainEntityOfPage":{"@id":"https:\/\/wp.ufpel.edu.br\/ppgecm\/2022\/02\/10\/rematricula-2022-1\/"},"wordCount":725,"image":{"@id":"https:\/\/wp.ufpel.edu.br\/ppgecm\/2022\/02\/10\/rematricula-2022-1\/#primaryimage"},"thumbnailUrl":"https:\/\/wp.ufpel.edu.br\/ppgecm\/files\/2016\/05\/logo-ppgecm.png","keywords":["divulga\u00e7\u00e3o","matr\u00edcula","not\u00edcias","semestre letivo 2022\/1"],"articleSection":["Matr\u00edculas","Not\u00edcias"],"inLanguage":"pt-BR"},{"@type":"WebPage","@id":"https:\/\/wp.ufpel.edu.br\/ppgecm\/2022\/02\/10\/rematricula-2022-1\/","url":"https:\/\/wp.ufpel.edu.br\/ppgecm\/2022\/02\/10\/rematricula-2022-1\/","name":"Rematr\u00edcula 2022\/1 - Programa de P\u00f3s Gradua\u00e7\u00e3o em Ensino de Ci\u00eancias e Matem\u00e1tica - Mestrado Profissional","isPartOf":{"@id":"https:\/\/wp.ufpel.edu.br\/ppgecm\/#website"},"primaryImageOfPage":{"@id":"https:\/\/wp.ufpel.edu.br\/ppgecm\/2022\/02\/10\/rematricula-2022-1\/#primaryimage"},"image":{"@id":"https:\/\/wp.ufpel.edu.br\/ppgecm\/2022\/02\/10\/rematricula-2022-1\/#primaryimage"},"thumbnailUrl":"https:\/\/wp.ufpel.edu.br\/ppgecm\/files\/2016\/05\/logo-ppgecm.png","datePublished":"2022-02-10T13:52:20+00:00","dateModified":"2022-03-17T11:42:51+00:00","author":{"@id":"https:\/\/wp.ufpel.edu.br\/ppgecm\/#\/schema\/person\/28c85ac4f01dffc96e4d7a60abd91b19"},"breadcrumb":{"@id":"https:\/\/wp.ufpel.edu.br\/ppgecm\/2022\/02\/10\/rematricula-2022-1\/#breadcrumb"},"inLanguage":"pt-BR","potentialAction":[{"@type":"ReadAction","target":["https:\/\/wp.ufpel.edu.br\/ppgecm\/2022\/02\/10\/rematricula-2022-1\/"]}]},{"@type":"ImageObject","inLanguage":"pt-BR","@id":"https:\/\/wp.ufpel.edu.br\/ppgecm\/2022\/02\/10\/rematricula-2022-1\/#primaryimage","url":"https:\/\/wp.ufpel.edu.br\/ppgecm\/files\/2016\/05\/logo-ppgecm.png","contentUrl":"https:\/\/wp.ufpel.edu.br\/ppgecm\/files\/2016\/05\/logo-ppgecm.png","width":201,"height":201},{"@type":"BreadcrumbList","@id":"https:\/\/wp.ufpel.edu.br\/ppgecm\/2022\/02\/10\/rematricula-2022-1\/#breadcrumb","itemListElement":[{"@type":"ListItem","position":1,"name":"In\u00edcio","item":"https:\/\/wp.ufpel.edu.br\/ppgecm\/"},{"@type":"ListItem","position":2,"name":"Rematr\u00edcula 2022\/1"}]},{"@type":"WebSite","@id":"https:\/\/wp.ufpel.edu.br\/ppgecm\/#website","url":"https:\/\/wp.ufpel.edu.br\/ppgecm\/","name":"Programa de P\u00f3s Gradua\u00e7\u00e3o em Ensino de Ci\u00eancias e Matem\u00e1tica - Mestrado Profissional","description":"Universidade Federal de Pelotas","potentialAction":[{"@type":"SearchAction","target":{"@type":"EntryPoint","urlTemplate":"https:\/\/wp.ufpel.edu.br\/ppgecm\/?s={search_term_string}"},"query-input":{"@type":"PropertyValueSpecification","valueRequired":true,"valueName":"search_term_string"}}],"inLanguage":"pt-BR"},{"@type":"Person","@id":"https:\/\/wp.ufpel.edu.br\/ppgecm\/#\/schema\/person\/28c85ac4f01dffc96e4d7a60abd91b19","name":"ppgecm","image":{"@type":"ImageObject","inLanguage":"pt-BR","@id":"https:\/\/wp.ufpel.edu.br\/ppgecm\/#\/schema\/person\/image\/","url":"https:\/\/secure.gravatar.com\/avatar\/0d3380ffb9b0d7de0a43b4a75ab70546b8cad5f766bd71a87cf73180641823d5?s=96&d=mm&r=g","contentUrl":"https:\/\/secure.gravatar.com\/avatar\/0d3380ffb9b0d7de0a43b4a75ab70546b8cad5f766bd71a87cf73180641823d5?s=96&d=mm&r=g","caption":"ppgecm"},"url":"https:\/\/wp.ufpel.edu.br\/ppgecm\/author\/ppgecm\/"}]}},"jetpack_featured_media_url":"https:\/\/wp.ufpel.edu.br\/ppgecm\/files\/2016\/05\/logo-ppgecm.png","_links":{"self":[{"href":"https:\/\/wp.ufpel.edu.br\/ppgecm\/wp-json\/wp\/v2\/posts\/2193","targetHints":{"allow":["GET"]}}],"collection":[{"href":"https:\/\/wp.ufpel.edu.br\/ppgecm\/wp-json\/wp\/v2\/posts"}],"about":[{"href":"https:\/\/wp.ufpel.edu.br\/ppgecm\/wp-json\/wp\/v2\/types\/post"}],"author":[{"embeddable":true,"href":"https:\/\/wp.ufpel.edu.br\/ppgecm\/wp-json\/wp\/v2\/users\/112"}],"replies":[{"embeddable":true,"href":"https:\/\/wp.ufpel.edu.br\/ppgecm\/wp-json\/wp\/v2\/comments?post=2193"}],"version-history":[{"count":8,"href":"https:\/\/wp.ufpel.edu.br\/ppgecm\/wp-json\/wp\/v2\/posts\/2193\/revisions"}],"predecessor-version":[{"id":2203,"href":"https:\/\/wp.ufpel.edu.br\/ppgecm\/wp-json\/wp\/v2\/posts\/2193\/revisions\/2203"}],"wp:featuredmedia":[{"embeddable":true,"href":"https:\/\/wp.ufpel.edu.br\/ppgecm\/wp-json\/wp\/v2\/media\/460"}],"wp:attachment":[{"href":"https:\/\/wp.ufpel.edu.br\/ppgecm\/wp-json\/wp\/v2\/media?parent=2193"}],"wp:term":[{"taxonomy":"category","embeddable":true,"href":"https:\/\/wp.ufpel.edu.br\/ppgecm\/wp-json\/wp\/v2\/categories?post=2193"},{"taxonomy":"post_tag","embeddable":true,"href":"https:\/\/wp.ufpel.edu.br\/ppgecm\/wp-json\/wp\/v2\/tags?post=2193"}],"curies":[{"name":"wp","href":"https:\/\/api.w.org\/{rel}","templated":true}]}}