{"id":1890,"date":"2020-09-11T13:57:14","date_gmt":"2020-09-11T16:57:14","guid":{"rendered":"https:\/\/wp.ufpel.edu.br\/ppgecm\/?p=1890"},"modified":"2020-09-11T13:57:14","modified_gmt":"2020-09-11T16:57:14","slug":"divulgacao-de-eventos-externos","status":"publish","type":"post","link":"https:\/\/wp.ufpel.edu.br\/ppgecm\/2020\/09\/11\/divulgacao-de-eventos-externos\/","title":{"rendered":"Divulga\u00e7\u00e3o de Eventos Externos"},"content":{"rendered":"<p>Prezados(as) discentes do PPGECM,<\/p>\n<p>Trazemos abaixo a divulga\u00e7\u00e3o dos sites de alguns eventos ligados a nossa \u00e1rea de atua\u00e7\u00e3o e que est\u00e3o para acontecer entre esse final de ano e inicio do ano que vem.<\/p>\n<p>Fiquem atentos!<\/p>\n<p><a href=\"http:\/\/abrapecnet.org.br\/enpec\/xiii-enpec\/index\" target=\"_blank\" rel=\"noopener noreferrer\">XIII Enpec<\/a><\/p>\n<p><a href=\"https:\/\/wp.ufpel.edu.br\/siiepe\/\" target=\"_blank\" rel=\"noopener noreferrer\">6\u00aa SIIEPE &#8211; XXII Encontro de P\u00f3s-Gradua\u00e7\u00e3o<\/a><\/p>\n<p><a href=\"https:\/\/portaleventos.uffs.edu.br\/index.php\/SSAPEC\/about?fbclid=IwAR0k-Gtqd-XMpx_e1oebd0xyHxIMVFkvhwUDiHcQ9Ciue9u32g10UjQFA5U\" target=\"_blank\" rel=\"noopener noreferrer\">I Simp\u00f3sio Sul-Americano de Pesquisa em Ensino de Ci\u00eancias<\/a><\/p>\n<p><a href=\"https:\/\/www.upf.br\/encontrohistoriaefilosofianoensinodafisica\" target=\"_blank\" rel=\"noopener noreferrer\">I Encontro sobre Hist\u00f3ria e Filosofia do Ensino de F\u00edsica do Sul do Brasil<\/a><\/p>\n","protected":false},"excerpt":{"rendered":"<p>Prezados(as) discentes do PPGECM, Trazemos abaixo a divulga\u00e7\u00e3o dos sites de alguns eventos ligados a nossa \u00e1rea de atua\u00e7\u00e3o e que est\u00e3o para acontecer entre esse final de ano e inicio do ano que vem. Fiquem atentos! XIII Enpec 6\u00aa SIIEPE &#8211; XXII Encontro de P\u00f3s-Gradua\u00e7\u00e3o I Simp\u00f3sio Sul-Americano de Pesquisa em Ensino de Ci\u00eancias [&hellip;]<\/p>\n","protected":false},"author":112,"featured_media":460,"comment_status":"closed","ping_status":"closed","sticky":false,"template":"","format":"standard","meta":{"footnotes":""},"categories":[64,40,32],"tags":[43,49,44,33],"class_list":["post-1890","post","type-post","status-publish","format-standard","has-post-thumbnail","hentry","category-eventos","category-eventos-externos","category-noticias","tag-divulgacao","tag-eventos","tag-eventos-externos","tag-noticias"],"yoast_head":"<!-- This site is optimized with the Yoast SEO plugin v26.7 - https:\/\/yoast.com\/wordpress\/plugins\/seo\/ -->\n<title>Divulga\u00e7\u00e3o de Eventos Externos - Programa de P\u00f3s Gradua\u00e7\u00e3o em Ensino de Ci\u00eancias e Matem\u00e1tica - Mestrado Profissional<\/title>\n<meta name=\"robots\" content=\"index, follow, max-snippet:-1, max-image-preview:large, max-video-preview:-1\" \/>\n<link rel=\"canonical\" href=\"https:\/\/wp.ufpel.edu.br\/ppgecm\/2020\/09\/11\/divulgacao-de-eventos-externos\/\" \/>\n<meta property=\"og:locale\" content=\"pt_BR\" \/>\n<meta property=\"og:type\" content=\"article\" \/>\n<meta property=\"og:title\" content=\"Divulga\u00e7\u00e3o de Eventos Externos - Programa de P\u00f3s Gradua\u00e7\u00e3o em Ensino de Ci\u00eancias e Matem\u00e1tica - Mestrado Profissional\" \/>\n<meta property=\"og:description\" content=\"Prezados(as) discentes do PPGECM, Trazemos abaixo a divulga\u00e7\u00e3o dos sites de alguns eventos ligados a nossa \u00e1rea de atua\u00e7\u00e3o e que est\u00e3o para acontecer entre esse final de ano e inicio do ano que vem. Fiquem atentos! XIII Enpec 6\u00aa SIIEPE &#8211; XXII Encontro de P\u00f3s-Gradua\u00e7\u00e3o I Simp\u00f3sio Sul-Americano de Pesquisa em Ensino de Ci\u00eancias [&hellip;]\" \/>\n<meta property=\"og:url\" content=\"https:\/\/wp.ufpel.edu.br\/ppgecm\/2020\/09\/11\/divulgacao-de-eventos-externos\/\" \/>\n<meta property=\"og:site_name\" content=\"Programa de P\u00f3s Gradua\u00e7\u00e3o em Ensino de Ci\u00eancias e Matem\u00e1tica - Mestrado Profissional\" \/>\n<meta property=\"article:published_time\" content=\"2020-09-11T16:57:14+00:00\" \/>\n<meta property=\"og:image\" content=\"https:\/\/wp.ufpel.edu.br\/ppgecm\/files\/2016\/05\/logo-ppgecm.png\" \/>\n\t<meta property=\"og:image:width\" content=\"201\" \/>\n\t<meta property=\"og:image:height\" content=\"201\" \/>\n\t<meta property=\"og:image:type\" content=\"image\/png\" \/>\n<meta name=\"author\" content=\"ppgecm\" \/>\n<meta name=\"twitter:card\" content=\"summary_large_image\" \/>\n<meta name=\"twitter:label1\" content=\"Escrito por\" \/>\n\t<meta name=\"twitter:data1\" content=\"ppgecm\" \/>\n<script type=\"application\/ld+json\" class=\"yoast-schema-graph\">{\"@context\":\"https:\/\/schema.org\",\"@graph\":[{\"@type\":\"Article\",\"@id\":\"https:\/\/wp.ufpel.edu.br\/ppgecm\/2020\/09\/11\/divulgacao-de-eventos-externos\/#article\",\"isPartOf\":{\"@id\":\"https:\/\/wp.ufpel.edu.br\/ppgecm\/2020\/09\/11\/divulgacao-de-eventos-externos\/\"},\"author\":{\"name\":\"ppgecm\",\"@id\":\"https:\/\/wp.ufpel.edu.br\/ppgecm\/#\/schema\/person\/28c85ac4f01dffc96e4d7a60abd91b19\"},\"headline\":\"Divulga\u00e7\u00e3o de Eventos Externos\",\"datePublished\":\"2020-09-11T16:57:14+00:00\",\"mainEntityOfPage\":{\"@id\":\"https:\/\/wp.ufpel.edu.br\/ppgecm\/2020\/09\/11\/divulgacao-de-eventos-externos\/\"},\"wordCount\":83,\"image\":{\"@id\":\"https:\/\/wp.ufpel.edu.br\/ppgecm\/2020\/09\/11\/divulgacao-de-eventos-externos\/#primaryimage\"},\"thumbnailUrl\":\"https:\/\/wp.ufpel.edu.br\/ppgecm\/files\/2016\/05\/logo-ppgecm.png\",\"keywords\":[\"divulga\u00e7\u00e3o\",\"eventos\",\"eventos externos\",\"not\u00edcias\"],\"articleSection\":[\"Eventos\",\"Eventos Externos\",\"Not\u00edcias\"],\"inLanguage\":\"pt-BR\"},{\"@type\":\"WebPage\",\"@id\":\"https:\/\/wp.ufpel.edu.br\/ppgecm\/2020\/09\/11\/divulgacao-de-eventos-externos\/\",\"url\":\"https:\/\/wp.ufpel.edu.br\/ppgecm\/2020\/09\/11\/divulgacao-de-eventos-externos\/\",\"name\":\"Divulga\u00e7\u00e3o de Eventos Externos - Programa de P\u00f3s Gradua\u00e7\u00e3o em Ensino de Ci\u00eancias e Matem\u00e1tica - Mestrado Profissional\",\"isPartOf\":{\"@id\":\"https:\/\/wp.ufpel.edu.br\/ppgecm\/#website\"},\"primaryImageOfPage\":{\"@id\":\"https:\/\/wp.ufpel.edu.br\/ppgecm\/2020\/09\/11\/divulgacao-de-eventos-externos\/#primaryimage\"},\"image\":{\"@id\":\"https:\/\/wp.ufpel.edu.br\/ppgecm\/2020\/09\/11\/divulgacao-de-eventos-externos\/#primaryimage\"},\"thumbnailUrl\":\"https:\/\/wp.ufpel.edu.br\/ppgecm\/files\/2016\/05\/logo-ppgecm.png\",\"datePublished\":\"2020-09-11T16:57:14+00:00\",\"author\":{\"@id\":\"https:\/\/wp.ufpel.edu.br\/ppgecm\/#\/schema\/person\/28c85ac4f01dffc96e4d7a60abd91b19\"},\"breadcrumb\":{\"@id\":\"https:\/\/wp.ufpel.edu.br\/ppgecm\/2020\/09\/11\/divulgacao-de-eventos-externos\/#breadcrumb\"},\"inLanguage\":\"pt-BR\",\"potentialAction\":[{\"@type\":\"ReadAction\",\"target\":[\"https:\/\/wp.ufpel.edu.br\/ppgecm\/2020\/09\/11\/divulgacao-de-eventos-externos\/\"]}]},{\"@type\":\"ImageObject\",\"inLanguage\":\"pt-BR\",\"@id\":\"https:\/\/wp.ufpel.edu.br\/ppgecm\/2020\/09\/11\/divulgacao-de-eventos-externos\/#primaryimage\",\"url\":\"https:\/\/wp.ufpel.edu.br\/ppgecm\/files\/2016\/05\/logo-ppgecm.png\",\"contentUrl\":\"https:\/\/wp.ufpel.edu.br\/ppgecm\/files\/2016\/05\/logo-ppgecm.png\",\"width\":201,\"height\":201},{\"@type\":\"BreadcrumbList\",\"@id\":\"https:\/\/wp.ufpel.edu.br\/ppgecm\/2020\/09\/11\/divulgacao-de-eventos-externos\/#breadcrumb\",\"itemListElement\":[{\"@type\":\"ListItem\",\"position\":1,\"name\":\"In\u00edcio\",\"item\":\"https:\/\/wp.ufpel.edu.br\/ppgecm\/\"},{\"@type\":\"ListItem\",\"position\":2,\"name\":\"Divulga\u00e7\u00e3o de Eventos Externos\"}]},{\"@type\":\"WebSite\",\"@id\":\"https:\/\/wp.ufpel.edu.br\/ppgecm\/#website\",\"url\":\"https:\/\/wp.ufpel.edu.br\/ppgecm\/\",\"name\":\"Programa de P\u00f3s Gradua\u00e7\u00e3o em Ensino de Ci\u00eancias e Matem\u00e1tica - Mestrado Profissional\",\"description\":\"Universidade Federal de Pelotas\",\"potentialAction\":[{\"@type\":\"SearchAction\",\"target\":{\"@type\":\"EntryPoint\",\"urlTemplate\":\"https:\/\/wp.ufpel.edu.br\/ppgecm\/?s={search_term_string}\"},\"query-input\":{\"@type\":\"PropertyValueSpecification\",\"valueRequired\":true,\"valueName\":\"search_term_string\"}}],\"inLanguage\":\"pt-BR\"},{\"@type\":\"Person\",\"@id\":\"https:\/\/wp.ufpel.edu.br\/ppgecm\/#\/schema\/person\/28c85ac4f01dffc96e4d7a60abd91b19\",\"name\":\"ppgecm\",\"image\":{\"@type\":\"ImageObject\",\"inLanguage\":\"pt-BR\",\"@id\":\"https:\/\/wp.ufpel.edu.br\/ppgecm\/#\/schema\/person\/image\/\",\"url\":\"https:\/\/secure.gravatar.com\/avatar\/0d3380ffb9b0d7de0a43b4a75ab70546b8cad5f766bd71a87cf73180641823d5?s=96&d=mm&r=g\",\"contentUrl\":\"https:\/\/secure.gravatar.com\/avatar\/0d3380ffb9b0d7de0a43b4a75ab70546b8cad5f766bd71a87cf73180641823d5?s=96&d=mm&r=g\",\"caption\":\"ppgecm\"},\"url\":\"https:\/\/wp.ufpel.edu.br\/ppgecm\/author\/ppgecm\/\"}]}<\/script>\n<!-- \/ Yoast SEO plugin. -->","yoast_head_json":{"title":"Divulga\u00e7\u00e3o de Eventos Externos - Programa de P\u00f3s Gradua\u00e7\u00e3o em Ensino de Ci\u00eancias e Matem\u00e1tica - Mestrado Profissional","robots":{"index":"index","follow":"follow","max-snippet":"max-snippet:-1","max-image-preview":"max-image-preview:large","max-video-preview":"max-video-preview:-1"},"canonical":"https:\/\/wp.ufpel.edu.br\/ppgecm\/2020\/09\/11\/divulgacao-de-eventos-externos\/","og_locale":"pt_BR","og_type":"article","og_title":"Divulga\u00e7\u00e3o de Eventos Externos - Programa de P\u00f3s Gradua\u00e7\u00e3o em Ensino de Ci\u00eancias e Matem\u00e1tica - Mestrado Profissional","og_description":"Prezados(as) discentes do PPGECM, Trazemos abaixo a divulga\u00e7\u00e3o dos sites de alguns eventos ligados a nossa \u00e1rea de atua\u00e7\u00e3o e que est\u00e3o para acontecer entre esse final de ano e inicio do ano que vem. Fiquem atentos! XIII Enpec 6\u00aa SIIEPE &#8211; XXII Encontro de P\u00f3s-Gradua\u00e7\u00e3o I Simp\u00f3sio Sul-Americano de Pesquisa em Ensino de Ci\u00eancias [&hellip;]","og_url":"https:\/\/wp.ufpel.edu.br\/ppgecm\/2020\/09\/11\/divulgacao-de-eventos-externos\/","og_site_name":"Programa de P\u00f3s Gradua\u00e7\u00e3o em Ensino de Ci\u00eancias e Matem\u00e1tica - Mestrado Profissional","article_published_time":"2020-09-11T16:57:14+00:00","og_image":[{"width":201,"height":201,"url":"https:\/\/wp.ufpel.edu.br\/ppgecm\/files\/2016\/05\/logo-ppgecm.png","type":"image\/png"}],"author":"ppgecm","twitter_card":"summary_large_image","twitter_misc":{"Escrito por":"ppgecm"},"schema":{"@context":"https:\/\/schema.org","@graph":[{"@type":"Article","@id":"https:\/\/wp.ufpel.edu.br\/ppgecm\/2020\/09\/11\/divulgacao-de-eventos-externos\/#article","isPartOf":{"@id":"https:\/\/wp.ufpel.edu.br\/ppgecm\/2020\/09\/11\/divulgacao-de-eventos-externos\/"},"author":{"name":"ppgecm","@id":"https:\/\/wp.ufpel.edu.br\/ppgecm\/#\/schema\/person\/28c85ac4f01dffc96e4d7a60abd91b19"},"headline":"Divulga\u00e7\u00e3o de Eventos Externos","datePublished":"2020-09-11T16:57:14+00:00","mainEntityOfPage":{"@id":"https:\/\/wp.ufpel.edu.br\/ppgecm\/2020\/09\/11\/divulgacao-de-eventos-externos\/"},"wordCount":83,"image":{"@id":"https:\/\/wp.ufpel.edu.br\/ppgecm\/2020\/09\/11\/divulgacao-de-eventos-externos\/#primaryimage"},"thumbnailUrl":"https:\/\/wp.ufpel.edu.br\/ppgecm\/files\/2016\/05\/logo-ppgecm.png","keywords":["divulga\u00e7\u00e3o","eventos","eventos externos","not\u00edcias"],"articleSection":["Eventos","Eventos Externos","Not\u00edcias"],"inLanguage":"pt-BR"},{"@type":"WebPage","@id":"https:\/\/wp.ufpel.edu.br\/ppgecm\/2020\/09\/11\/divulgacao-de-eventos-externos\/","url":"https:\/\/wp.ufpel.edu.br\/ppgecm\/2020\/09\/11\/divulgacao-de-eventos-externos\/","name":"Divulga\u00e7\u00e3o de Eventos Externos - Programa de P\u00f3s Gradua\u00e7\u00e3o em Ensino de Ci\u00eancias e Matem\u00e1tica - Mestrado Profissional","isPartOf":{"@id":"https:\/\/wp.ufpel.edu.br\/ppgecm\/#website"},"primaryImageOfPage":{"@id":"https:\/\/wp.ufpel.edu.br\/ppgecm\/2020\/09\/11\/divulgacao-de-eventos-externos\/#primaryimage"},"image":{"@id":"https:\/\/wp.ufpel.edu.br\/ppgecm\/2020\/09\/11\/divulgacao-de-eventos-externos\/#primaryimage"},"thumbnailUrl":"https:\/\/wp.ufpel.edu.br\/ppgecm\/files\/2016\/05\/logo-ppgecm.png","datePublished":"2020-09-11T16:57:14+00:00","author":{"@id":"https:\/\/wp.ufpel.edu.br\/ppgecm\/#\/schema\/person\/28c85ac4f01dffc96e4d7a60abd91b19"},"breadcrumb":{"@id":"https:\/\/wp.ufpel.edu.br\/ppgecm\/2020\/09\/11\/divulgacao-de-eventos-externos\/#breadcrumb"},"inLanguage":"pt-BR","potentialAction":[{"@type":"ReadAction","target":["https:\/\/wp.ufpel.edu.br\/ppgecm\/2020\/09\/11\/divulgacao-de-eventos-externos\/"]}]},{"@type":"ImageObject","inLanguage":"pt-BR","@id":"https:\/\/wp.ufpel.edu.br\/ppgecm\/2020\/09\/11\/divulgacao-de-eventos-externos\/#primaryimage","url":"https:\/\/wp.ufpel.edu.br\/ppgecm\/files\/2016\/05\/logo-ppgecm.png","contentUrl":"https:\/\/wp.ufpel.edu.br\/ppgecm\/files\/2016\/05\/logo-ppgecm.png","width":201,"height":201},{"@type":"BreadcrumbList","@id":"https:\/\/wp.ufpel.edu.br\/ppgecm\/2020\/09\/11\/divulgacao-de-eventos-externos\/#breadcrumb","itemListElement":[{"@type":"ListItem","position":1,"name":"In\u00edcio","item":"https:\/\/wp.ufpel.edu.br\/ppgecm\/"},{"@type":"ListItem","position":2,"name":"Divulga\u00e7\u00e3o de Eventos Externos"}]},{"@type":"WebSite","@id":"https:\/\/wp.ufpel.edu.br\/ppgecm\/#website","url":"https:\/\/wp.ufpel.edu.br\/ppgecm\/","name":"Programa de P\u00f3s Gradua\u00e7\u00e3o em Ensino de Ci\u00eancias e Matem\u00e1tica - Mestrado Profissional","description":"Universidade Federal de Pelotas","potentialAction":[{"@type":"SearchAction","target":{"@type":"EntryPoint","urlTemplate":"https:\/\/wp.ufpel.edu.br\/ppgecm\/?s={search_term_string}"},"query-input":{"@type":"PropertyValueSpecification","valueRequired":true,"valueName":"search_term_string"}}],"inLanguage":"pt-BR"},{"@type":"Person","@id":"https:\/\/wp.ufpel.edu.br\/ppgecm\/#\/schema\/person\/28c85ac4f01dffc96e4d7a60abd91b19","name":"ppgecm","image":{"@type":"ImageObject","inLanguage":"pt-BR","@id":"https:\/\/wp.ufpel.edu.br\/ppgecm\/#\/schema\/person\/image\/","url":"https:\/\/secure.gravatar.com\/avatar\/0d3380ffb9b0d7de0a43b4a75ab70546b8cad5f766bd71a87cf73180641823d5?s=96&d=mm&r=g","contentUrl":"https:\/\/secure.gravatar.com\/avatar\/0d3380ffb9b0d7de0a43b4a75ab70546b8cad5f766bd71a87cf73180641823d5?s=96&d=mm&r=g","caption":"ppgecm"},"url":"https:\/\/wp.ufpel.edu.br\/ppgecm\/author\/ppgecm\/"}]}},"jetpack_featured_media_url":"https:\/\/wp.ufpel.edu.br\/ppgecm\/files\/2016\/05\/logo-ppgecm.png","_links":{"self":[{"href":"https:\/\/wp.ufpel.edu.br\/ppgecm\/wp-json\/wp\/v2\/posts\/1890","targetHints":{"allow":["GET"]}}],"collection":[{"href":"https:\/\/wp.ufpel.edu.br\/ppgecm\/wp-json\/wp\/v2\/posts"}],"about":[{"href":"https:\/\/wp.ufpel.edu.br\/ppgecm\/wp-json\/wp\/v2\/types\/post"}],"author":[{"embeddable":true,"href":"https:\/\/wp.ufpel.edu.br\/ppgecm\/wp-json\/wp\/v2\/users\/112"}],"replies":[{"embeddable":true,"href":"https:\/\/wp.ufpel.edu.br\/ppgecm\/wp-json\/wp\/v2\/comments?post=1890"}],"version-history":[{"count":1,"href":"https:\/\/wp.ufpel.edu.br\/ppgecm\/wp-json\/wp\/v2\/posts\/1890\/revisions"}],"predecessor-version":[{"id":1892,"href":"https:\/\/wp.ufpel.edu.br\/ppgecm\/wp-json\/wp\/v2\/posts\/1890\/revisions\/1892"}],"wp:featuredmedia":[{"embeddable":true,"href":"https:\/\/wp.ufpel.edu.br\/ppgecm\/wp-json\/wp\/v2\/media\/460"}],"wp:attachment":[{"href":"https:\/\/wp.ufpel.edu.br\/ppgecm\/wp-json\/wp\/v2\/media?parent=1890"}],"wp:term":[{"taxonomy":"category","embeddable":true,"href":"https:\/\/wp.ufpel.edu.br\/ppgecm\/wp-json\/wp\/v2\/categories?post=1890"},{"taxonomy":"post_tag","embeddable":true,"href":"https:\/\/wp.ufpel.edu.br\/ppgecm\/wp-json\/wp\/v2\/tags?post=1890"}],"curies":[{"name":"wp","href":"https:\/\/api.w.org\/{rel}","templated":true}]}}