{"id":1206,"date":"2017-08-15T11:08:18","date_gmt":"2017-08-15T14:08:18","guid":{"rendered":"https:\/\/wp.ufpel.edu.br\/ppgecm\/?p=1206"},"modified":"2017-08-15T11:09:15","modified_gmt":"2017-08-15T14:09:15","slug":"eventos-externos-curso","status":"publish","type":"post","link":"https:\/\/wp.ufpel.edu.br\/ppgecm\/2017\/08\/15\/eventos-externos-curso\/","title":{"rendered":"Eventos Externos &#8211; Curso \u201cA Escola do S\u00e9culo 21: Novas Perspectivas para a Forma\u00e7\u00e3o de Professores\u201d"},"content":{"rendered":"<div><span style=\"color: #000000\"><b>P\u00fablico-alvo:<\/b><\/span><\/div>\n<div><span style=\"color: #000000\"><b>&#8211; Professores em atua\u00e7\u00e3o nas Escolas<\/b><\/span><\/div>\n<div><span style=\"color: #000000\"><b>&#8211; Professores em forma\u00e7\u00e3o (alunos de mestrado\/gradua\u00e7\u00e3o em Geral de qualquer Licenciatura)<\/b><\/span><\/div>\n<div><span style=\"color: #000000\"><b>&#8211; Inscri\u00e7\u00f5es,<a href=\"https:\/\/sites.google.com\/view\/curso-a-escola-do-seculo-21\/inscri%C3%A7%C3%A3o\" target=\"_blank\" rel=\"noopener\"> clique aqui<\/a>.<\/b><\/span><\/div>\n<div><span style=\"color: #000000\">\u00a0<\/span><\/div>\n<div>\n<p><span style=\"color: #000000\">O Curso \u201cA Escola do S\u00e9culo 21: Novas Perspectivas para a Forma\u00e7\u00e3o de Professores\u201d traz a astr\u00f4noma portuguesa Rosa Doran, que possui experi\u00eancia no uso de recursos para o ensino usando as novas tecnologias (Projeto Hands\u00adOn Universe), divulga\u00e7\u00e3o o ensino interdisciplinar de ci\u00eancias (Associa\u00e7\u00e3o NUCLIO) e coordena o Grupo Lus\u00f3fono de Astronomia para o Desenvolvimento, ligado \u00e0 Uni\u00e3o Astron\u00f4mica Internacional (PLOAD\/IAU).<\/span><\/p>\n<p>Ser\u00e3o desenvolvidas as seguintes atividades:<\/p>\n<p>Projeto PLATON: Mystery Boxes, as Grandes ideias da Ci\u00eancia e a inclus\u00e3o da arte na cria\u00e7\u00e3o de li\u00e7\u00f5es interdisciplinares;<br \/>\nInquiry com o programa Stellarium;<br \/>\nA Lua e os Beb\u00eas ou Astronomia e Astrologia;<br \/>\nInvestiga\u00e7\u00e3o cientifica na sala de aula\u00a0<span class=\"m_3248261644208628732gmail-m_-7521114879961945106gmail-m_1131762422381799852gmail-text_exposed_show\">com o Salsa J (Buracos Negros na minha escola);<br \/>\nA plataforma Go\u00adLab.<\/span><\/p>\n<p>Prazo para inscri\u00e7\u00e3o: 21\/08<br \/>\nConfirma\u00e7\u00e3o da inscri\u00e7\u00e3o: 23\/08<\/p>\n<p>Pre\u00e7o por m\u00f3dulo:<br \/>\nR$ 10,00 (pagamento ao comparecer)<\/p>\n<p>O preenchimento das vagas ser\u00e1 feito procurando atender ao maior n\u00famero de \u00e1reas de atua\u00e7\u00e3o e, depois, pela ordem de inscri\u00e7\u00e3o. O curso ser\u00e1 em formato de quatro m\u00f3dulos distribu\u00eddos em dois turnos di\u00e1rios e ao longo de dois dias. Tamb\u00e9m ser\u00e1 desenvolvida uma observa\u00e7\u00e3o astron\u00f4mica em parceria com o Observat\u00f3rio Educativo Itinerante da UFRGS (OEI\/UFRGS). Faremos um acompanhamento posterior ao curso a fim de verificar se as pr\u00e1ticas foram incorporadas pelo p\u00fablico-alvo.<\/p>\n<p>Professor em Forma\u00e7\u00e3o<br \/>\nCompet\u00eancias para o s\u00e9culo 21 (Manh\u00e3 de 29\/08)<br \/>\nA sala de aula do futuro (Tarde de 29\/08)<br \/>\nInquiry na sala de aula (Manh\u00e3 de 30\/08)<br \/>\nInterdisciplinaridade (Tarde de 30\/08)<\/p>\n<p>Professor em Exerc\u00edcio<br \/>\nCompet\u00eancias para o s\u00e9culo 21 (Manh\u00e3 de 31\/08)<br \/>\nA sala de aula do futuro (Tarde de 31\/08)<br \/>\nInquiry na sala de aula (Manh\u00e3 de 01\/09)<br \/>\nInterdisciplinaridade (Tarde de 01\/09)<\/p>\n<\/div>\n<div><\/div>\n<div>Haver\u00e1 ainda uma palestra no dia 30\/08\/2017 \u00e0s 19:30hs no pr\u00e9dio do Direito.<\/div>\n<div><\/div>\n<div><\/div>\n<div><a href=\"https:\/\/wp.ufpel.edu.br\/ppgecm\/files\/2017\/08\/divulga\u00e7\u00e3o.png\"><img class=\"aligncenter wp-image-1209 size-full\" src=\"https:\/\/wp.ufpel.edu.br\/ppgecm\/files\/2017\/08\/divulga\u00e7\u00e3o.png\" alt=\"\" width=\"551\" height=\"779\" srcset=\"https:\/\/wp.ufpel.edu.br\/ppgecm\/files\/2017\/08\/divulga\u00e7\u00e3o.png 551w, https:\/\/wp.ufpel.edu.br\/ppgecm\/files\/2017\/08\/divulga\u00e7\u00e3o-283x400.png 283w\" sizes=\"(max-width: 551px) 100vw, 551px\" \/><\/a><\/div>\n","protected":false},"excerpt":{"rendered":"<p>P\u00fablico-alvo: &#8211; Professores em atua\u00e7\u00e3o nas Escolas &#8211; Professores em forma\u00e7\u00e3o (alunos de mestrado\/gradua\u00e7\u00e3o em Geral de qualquer Licenciatura) &#8211; Inscri\u00e7\u00f5es, clique aqui. \u00a0 O Curso \u201cA Escola do S\u00e9culo 21: Novas Perspectivas para a Forma\u00e7\u00e3o de Professores\u201d traz a astr\u00f4noma portuguesa Rosa Doran, que possui experi\u00eancia no uso de recursos para o ensino usando [&hellip;]<\/p>\n","protected":false},"author":112,"featured_media":1209,"comment_status":"closed","ping_status":"closed","sticky":false,"template":"","format":"standard","meta":{"footnotes":""},"categories":[64,40,32],"tags":[49,44,33],"class_list":["post-1206","post","type-post","status-publish","format-standard","has-post-thumbnail","hentry","category-eventos","category-eventos-externos","category-noticias","tag-eventos","tag-eventos-externos","tag-noticias"],"yoast_head":"<!-- This site is optimized with the Yoast SEO plugin v26.7 - https:\/\/yoast.com\/wordpress\/plugins\/seo\/ -->\n<title>Eventos Externos - Curso \u201cA Escola do S\u00e9culo 21: Novas Perspectivas para a Forma\u00e7\u00e3o de Professores\u201d - Programa de P\u00f3s Gradua\u00e7\u00e3o em Ensino de Ci\u00eancias e Matem\u00e1tica - Mestrado Profissional<\/title>\n<meta name=\"robots\" content=\"index, follow, max-snippet:-1, max-image-preview:large, max-video-preview:-1\" \/>\n<link rel=\"canonical\" href=\"https:\/\/wp.ufpel.edu.br\/ppgecm\/2017\/08\/15\/eventos-externos-curso\/\" \/>\n<meta property=\"og:locale\" content=\"pt_BR\" \/>\n<meta property=\"og:type\" content=\"article\" \/>\n<meta property=\"og:title\" content=\"Eventos Externos - Curso \u201cA Escola do S\u00e9culo 21: Novas Perspectivas para a Forma\u00e7\u00e3o de Professores\u201d - Programa de P\u00f3s Gradua\u00e7\u00e3o em Ensino de Ci\u00eancias e Matem\u00e1tica - Mestrado Profissional\" \/>\n<meta property=\"og:description\" content=\"P\u00fablico-alvo: &#8211; Professores em atua\u00e7\u00e3o nas Escolas &#8211; Professores em forma\u00e7\u00e3o (alunos de mestrado\/gradua\u00e7\u00e3o em Geral de qualquer Licenciatura) &#8211; Inscri\u00e7\u00f5es, clique aqui. \u00a0 O Curso \u201cA Escola do S\u00e9culo 21: Novas Perspectivas para a Forma\u00e7\u00e3o de Professores\u201d traz a astr\u00f4noma portuguesa Rosa Doran, que possui experi\u00eancia no uso de recursos para o ensino usando [&hellip;]\" \/>\n<meta property=\"og:url\" content=\"https:\/\/wp.ufpel.edu.br\/ppgecm\/2017\/08\/15\/eventos-externos-curso\/\" \/>\n<meta property=\"og:site_name\" content=\"Programa de P\u00f3s Gradua\u00e7\u00e3o em Ensino de Ci\u00eancias e Matem\u00e1tica - Mestrado Profissional\" \/>\n<meta property=\"article:published_time\" content=\"2017-08-15T14:08:18+00:00\" \/>\n<meta property=\"article:modified_time\" content=\"2017-08-15T14:09:15+00:00\" \/>\n<meta property=\"og:image\" content=\"https:\/\/wp.ufpel.edu.br\/ppgecm\/files\/2017\/08\/divulga\u00e7\u00e3o.png\" \/>\n\t<meta property=\"og:image:width\" content=\"551\" \/>\n\t<meta property=\"og:image:height\" content=\"779\" \/>\n\t<meta property=\"og:image:type\" content=\"image\/png\" \/>\n<meta name=\"author\" content=\"ppgecm\" \/>\n<meta name=\"twitter:card\" content=\"summary_large_image\" \/>\n<meta name=\"twitter:label1\" content=\"Escrito por\" \/>\n\t<meta name=\"twitter:data1\" content=\"ppgecm\" \/>\n\t<meta name=\"twitter:label2\" content=\"Est. tempo de leitura\" \/>\n\t<meta name=\"twitter:data2\" content=\"2 minutos\" \/>\n<script type=\"application\/ld+json\" class=\"yoast-schema-graph\">{\"@context\":\"https:\/\/schema.org\",\"@graph\":[{\"@type\":\"Article\",\"@id\":\"https:\/\/wp.ufpel.edu.br\/ppgecm\/2017\/08\/15\/eventos-externos-curso\/#article\",\"isPartOf\":{\"@id\":\"https:\/\/wp.ufpel.edu.br\/ppgecm\/2017\/08\/15\/eventos-externos-curso\/\"},\"author\":{\"name\":\"ppgecm\",\"@id\":\"https:\/\/wp.ufpel.edu.br\/ppgecm\/#\/schema\/person\/28c85ac4f01dffc96e4d7a60abd91b19\"},\"headline\":\"Eventos Externos &#8211; Curso \u201cA Escola do S\u00e9culo 21: Novas Perspectivas para a Forma\u00e7\u00e3o de Professores\u201d\",\"datePublished\":\"2017-08-15T14:08:18+00:00\",\"dateModified\":\"2017-08-15T14:09:15+00:00\",\"mainEntityOfPage\":{\"@id\":\"https:\/\/wp.ufpel.edu.br\/ppgecm\/2017\/08\/15\/eventos-externos-curso\/\"},\"wordCount\":358,\"image\":{\"@id\":\"https:\/\/wp.ufpel.edu.br\/ppgecm\/2017\/08\/15\/eventos-externos-curso\/#primaryimage\"},\"thumbnailUrl\":\"https:\/\/wp.ufpel.edu.br\/ppgecm\/files\/2017\/08\/divulga\u00e7\u00e3o.png\",\"keywords\":[\"eventos\",\"eventos externos\",\"not\u00edcias\"],\"articleSection\":[\"Eventos\",\"Eventos Externos\",\"Not\u00edcias\"],\"inLanguage\":\"pt-BR\"},{\"@type\":\"WebPage\",\"@id\":\"https:\/\/wp.ufpel.edu.br\/ppgecm\/2017\/08\/15\/eventos-externos-curso\/\",\"url\":\"https:\/\/wp.ufpel.edu.br\/ppgecm\/2017\/08\/15\/eventos-externos-curso\/\",\"name\":\"Eventos Externos - Curso \u201cA Escola do S\u00e9culo 21: Novas Perspectivas para a Forma\u00e7\u00e3o de Professores\u201d - Programa de P\u00f3s Gradua\u00e7\u00e3o em Ensino de Ci\u00eancias e Matem\u00e1tica - Mestrado Profissional\",\"isPartOf\":{\"@id\":\"https:\/\/wp.ufpel.edu.br\/ppgecm\/#website\"},\"primaryImageOfPage\":{\"@id\":\"https:\/\/wp.ufpel.edu.br\/ppgecm\/2017\/08\/15\/eventos-externos-curso\/#primaryimage\"},\"image\":{\"@id\":\"https:\/\/wp.ufpel.edu.br\/ppgecm\/2017\/08\/15\/eventos-externos-curso\/#primaryimage\"},\"thumbnailUrl\":\"https:\/\/wp.ufpel.edu.br\/ppgecm\/files\/2017\/08\/divulga\u00e7\u00e3o.png\",\"datePublished\":\"2017-08-15T14:08:18+00:00\",\"dateModified\":\"2017-08-15T14:09:15+00:00\",\"author\":{\"@id\":\"https:\/\/wp.ufpel.edu.br\/ppgecm\/#\/schema\/person\/28c85ac4f01dffc96e4d7a60abd91b19\"},\"breadcrumb\":{\"@id\":\"https:\/\/wp.ufpel.edu.br\/ppgecm\/2017\/08\/15\/eventos-externos-curso\/#breadcrumb\"},\"inLanguage\":\"pt-BR\",\"potentialAction\":[{\"@type\":\"ReadAction\",\"target\":[\"https:\/\/wp.ufpel.edu.br\/ppgecm\/2017\/08\/15\/eventos-externos-curso\/\"]}]},{\"@type\":\"ImageObject\",\"inLanguage\":\"pt-BR\",\"@id\":\"https:\/\/wp.ufpel.edu.br\/ppgecm\/2017\/08\/15\/eventos-externos-curso\/#primaryimage\",\"url\":\"https:\/\/wp.ufpel.edu.br\/ppgecm\/files\/2017\/08\/divulga\u00e7\u00e3o.png\",\"contentUrl\":\"https:\/\/wp.ufpel.edu.br\/ppgecm\/files\/2017\/08\/divulga\u00e7\u00e3o.png\",\"width\":551,\"height\":779},{\"@type\":\"BreadcrumbList\",\"@id\":\"https:\/\/wp.ufpel.edu.br\/ppgecm\/2017\/08\/15\/eventos-externos-curso\/#breadcrumb\",\"itemListElement\":[{\"@type\":\"ListItem\",\"position\":1,\"name\":\"In\u00edcio\",\"item\":\"https:\/\/wp.ufpel.edu.br\/ppgecm\/\"},{\"@type\":\"ListItem\",\"position\":2,\"name\":\"Eventos Externos &#8211; Curso \u201cA Escola do S\u00e9culo 21: Novas Perspectivas para a Forma\u00e7\u00e3o de Professores\u201d\"}]},{\"@type\":\"WebSite\",\"@id\":\"https:\/\/wp.ufpel.edu.br\/ppgecm\/#website\",\"url\":\"https:\/\/wp.ufpel.edu.br\/ppgecm\/\",\"name\":\"Programa de P\u00f3s Gradua\u00e7\u00e3o em Ensino de Ci\u00eancias e Matem\u00e1tica - Mestrado Profissional\",\"description\":\"Universidade Federal de Pelotas\",\"potentialAction\":[{\"@type\":\"SearchAction\",\"target\":{\"@type\":\"EntryPoint\",\"urlTemplate\":\"https:\/\/wp.ufpel.edu.br\/ppgecm\/?s={search_term_string}\"},\"query-input\":{\"@type\":\"PropertyValueSpecification\",\"valueRequired\":true,\"valueName\":\"search_term_string\"}}],\"inLanguage\":\"pt-BR\"},{\"@type\":\"Person\",\"@id\":\"https:\/\/wp.ufpel.edu.br\/ppgecm\/#\/schema\/person\/28c85ac4f01dffc96e4d7a60abd91b19\",\"name\":\"ppgecm\",\"image\":{\"@type\":\"ImageObject\",\"inLanguage\":\"pt-BR\",\"@id\":\"https:\/\/wp.ufpel.edu.br\/ppgecm\/#\/schema\/person\/image\/\",\"url\":\"https:\/\/secure.gravatar.com\/avatar\/0d3380ffb9b0d7de0a43b4a75ab70546b8cad5f766bd71a87cf73180641823d5?s=96&d=mm&r=g\",\"contentUrl\":\"https:\/\/secure.gravatar.com\/avatar\/0d3380ffb9b0d7de0a43b4a75ab70546b8cad5f766bd71a87cf73180641823d5?s=96&d=mm&r=g\",\"caption\":\"ppgecm\"},\"url\":\"https:\/\/wp.ufpel.edu.br\/ppgecm\/author\/ppgecm\/\"}]}<\/script>\n<!-- \/ Yoast SEO plugin. -->","yoast_head_json":{"title":"Eventos Externos - Curso \u201cA Escola do S\u00e9culo 21: Novas Perspectivas para a Forma\u00e7\u00e3o de Professores\u201d - Programa de P\u00f3s Gradua\u00e7\u00e3o em Ensino de Ci\u00eancias e Matem\u00e1tica - Mestrado Profissional","robots":{"index":"index","follow":"follow","max-snippet":"max-snippet:-1","max-image-preview":"max-image-preview:large","max-video-preview":"max-video-preview:-1"},"canonical":"https:\/\/wp.ufpel.edu.br\/ppgecm\/2017\/08\/15\/eventos-externos-curso\/","og_locale":"pt_BR","og_type":"article","og_title":"Eventos Externos - Curso \u201cA Escola do S\u00e9culo 21: Novas Perspectivas para a Forma\u00e7\u00e3o de Professores\u201d - Programa de P\u00f3s Gradua\u00e7\u00e3o em Ensino de Ci\u00eancias e Matem\u00e1tica - Mestrado Profissional","og_description":"P\u00fablico-alvo: &#8211; Professores em atua\u00e7\u00e3o nas Escolas &#8211; Professores em forma\u00e7\u00e3o (alunos de mestrado\/gradua\u00e7\u00e3o em Geral de qualquer Licenciatura) &#8211; Inscri\u00e7\u00f5es, clique aqui. \u00a0 O Curso \u201cA Escola do S\u00e9culo 21: Novas Perspectivas para a Forma\u00e7\u00e3o de Professores\u201d traz a astr\u00f4noma portuguesa Rosa Doran, que possui experi\u00eancia no uso de recursos para o ensino usando [&hellip;]","og_url":"https:\/\/wp.ufpel.edu.br\/ppgecm\/2017\/08\/15\/eventos-externos-curso\/","og_site_name":"Programa de P\u00f3s Gradua\u00e7\u00e3o em Ensino de Ci\u00eancias e Matem\u00e1tica - Mestrado Profissional","article_published_time":"2017-08-15T14:08:18+00:00","article_modified_time":"2017-08-15T14:09:15+00:00","og_image":[{"width":551,"height":779,"url":"https:\/\/wp.ufpel.edu.br\/ppgecm\/files\/2017\/08\/divulga\u00e7\u00e3o.png","type":"image\/png"}],"author":"ppgecm","twitter_card":"summary_large_image","twitter_misc":{"Escrito por":"ppgecm","Est. tempo de leitura":"2 minutos"},"schema":{"@context":"https:\/\/schema.org","@graph":[{"@type":"Article","@id":"https:\/\/wp.ufpel.edu.br\/ppgecm\/2017\/08\/15\/eventos-externos-curso\/#article","isPartOf":{"@id":"https:\/\/wp.ufpel.edu.br\/ppgecm\/2017\/08\/15\/eventos-externos-curso\/"},"author":{"name":"ppgecm","@id":"https:\/\/wp.ufpel.edu.br\/ppgecm\/#\/schema\/person\/28c85ac4f01dffc96e4d7a60abd91b19"},"headline":"Eventos Externos &#8211; Curso \u201cA Escola do S\u00e9culo 21: Novas Perspectivas para a Forma\u00e7\u00e3o de Professores\u201d","datePublished":"2017-08-15T14:08:18+00:00","dateModified":"2017-08-15T14:09:15+00:00","mainEntityOfPage":{"@id":"https:\/\/wp.ufpel.edu.br\/ppgecm\/2017\/08\/15\/eventos-externos-curso\/"},"wordCount":358,"image":{"@id":"https:\/\/wp.ufpel.edu.br\/ppgecm\/2017\/08\/15\/eventos-externos-curso\/#primaryimage"},"thumbnailUrl":"https:\/\/wp.ufpel.edu.br\/ppgecm\/files\/2017\/08\/divulga\u00e7\u00e3o.png","keywords":["eventos","eventos externos","not\u00edcias"],"articleSection":["Eventos","Eventos Externos","Not\u00edcias"],"inLanguage":"pt-BR"},{"@type":"WebPage","@id":"https:\/\/wp.ufpel.edu.br\/ppgecm\/2017\/08\/15\/eventos-externos-curso\/","url":"https:\/\/wp.ufpel.edu.br\/ppgecm\/2017\/08\/15\/eventos-externos-curso\/","name":"Eventos Externos - Curso \u201cA Escola do S\u00e9culo 21: Novas Perspectivas para a Forma\u00e7\u00e3o de Professores\u201d - Programa de P\u00f3s Gradua\u00e7\u00e3o em Ensino de Ci\u00eancias e Matem\u00e1tica - Mestrado Profissional","isPartOf":{"@id":"https:\/\/wp.ufpel.edu.br\/ppgecm\/#website"},"primaryImageOfPage":{"@id":"https:\/\/wp.ufpel.edu.br\/ppgecm\/2017\/08\/15\/eventos-externos-curso\/#primaryimage"},"image":{"@id":"https:\/\/wp.ufpel.edu.br\/ppgecm\/2017\/08\/15\/eventos-externos-curso\/#primaryimage"},"thumbnailUrl":"https:\/\/wp.ufpel.edu.br\/ppgecm\/files\/2017\/08\/divulga\u00e7\u00e3o.png","datePublished":"2017-08-15T14:08:18+00:00","dateModified":"2017-08-15T14:09:15+00:00","author":{"@id":"https:\/\/wp.ufpel.edu.br\/ppgecm\/#\/schema\/person\/28c85ac4f01dffc96e4d7a60abd91b19"},"breadcrumb":{"@id":"https:\/\/wp.ufpel.edu.br\/ppgecm\/2017\/08\/15\/eventos-externos-curso\/#breadcrumb"},"inLanguage":"pt-BR","potentialAction":[{"@type":"ReadAction","target":["https:\/\/wp.ufpel.edu.br\/ppgecm\/2017\/08\/15\/eventos-externos-curso\/"]}]},{"@type":"ImageObject","inLanguage":"pt-BR","@id":"https:\/\/wp.ufpel.edu.br\/ppgecm\/2017\/08\/15\/eventos-externos-curso\/#primaryimage","url":"https:\/\/wp.ufpel.edu.br\/ppgecm\/files\/2017\/08\/divulga\u00e7\u00e3o.png","contentUrl":"https:\/\/wp.ufpel.edu.br\/ppgecm\/files\/2017\/08\/divulga\u00e7\u00e3o.png","width":551,"height":779},{"@type":"BreadcrumbList","@id":"https:\/\/wp.ufpel.edu.br\/ppgecm\/2017\/08\/15\/eventos-externos-curso\/#breadcrumb","itemListElement":[{"@type":"ListItem","position":1,"name":"In\u00edcio","item":"https:\/\/wp.ufpel.edu.br\/ppgecm\/"},{"@type":"ListItem","position":2,"name":"Eventos Externos &#8211; Curso \u201cA Escola do S\u00e9culo 21: Novas Perspectivas para a Forma\u00e7\u00e3o de Professores\u201d"}]},{"@type":"WebSite","@id":"https:\/\/wp.ufpel.edu.br\/ppgecm\/#website","url":"https:\/\/wp.ufpel.edu.br\/ppgecm\/","name":"Programa de P\u00f3s Gradua\u00e7\u00e3o em Ensino de Ci\u00eancias e Matem\u00e1tica - Mestrado Profissional","description":"Universidade Federal de Pelotas","potentialAction":[{"@type":"SearchAction","target":{"@type":"EntryPoint","urlTemplate":"https:\/\/wp.ufpel.edu.br\/ppgecm\/?s={search_term_string}"},"query-input":{"@type":"PropertyValueSpecification","valueRequired":true,"valueName":"search_term_string"}}],"inLanguage":"pt-BR"},{"@type":"Person","@id":"https:\/\/wp.ufpel.edu.br\/ppgecm\/#\/schema\/person\/28c85ac4f01dffc96e4d7a60abd91b19","name":"ppgecm","image":{"@type":"ImageObject","inLanguage":"pt-BR","@id":"https:\/\/wp.ufpel.edu.br\/ppgecm\/#\/schema\/person\/image\/","url":"https:\/\/secure.gravatar.com\/avatar\/0d3380ffb9b0d7de0a43b4a75ab70546b8cad5f766bd71a87cf73180641823d5?s=96&d=mm&r=g","contentUrl":"https:\/\/secure.gravatar.com\/avatar\/0d3380ffb9b0d7de0a43b4a75ab70546b8cad5f766bd71a87cf73180641823d5?s=96&d=mm&r=g","caption":"ppgecm"},"url":"https:\/\/wp.ufpel.edu.br\/ppgecm\/author\/ppgecm\/"}]}},"jetpack_featured_media_url":"https:\/\/wp.ufpel.edu.br\/ppgecm\/files\/2017\/08\/divulga\u00e7\u00e3o.png","_links":{"self":[{"href":"https:\/\/wp.ufpel.edu.br\/ppgecm\/wp-json\/wp\/v2\/posts\/1206","targetHints":{"allow":["GET"]}}],"collection":[{"href":"https:\/\/wp.ufpel.edu.br\/ppgecm\/wp-json\/wp\/v2\/posts"}],"about":[{"href":"https:\/\/wp.ufpel.edu.br\/ppgecm\/wp-json\/wp\/v2\/types\/post"}],"author":[{"embeddable":true,"href":"https:\/\/wp.ufpel.edu.br\/ppgecm\/wp-json\/wp\/v2\/users\/112"}],"replies":[{"embeddable":true,"href":"https:\/\/wp.ufpel.edu.br\/ppgecm\/wp-json\/wp\/v2\/comments?post=1206"}],"version-history":[{"count":3,"href":"https:\/\/wp.ufpel.edu.br\/ppgecm\/wp-json\/wp\/v2\/posts\/1206\/revisions"}],"predecessor-version":[{"id":1212,"href":"https:\/\/wp.ufpel.edu.br\/ppgecm\/wp-json\/wp\/v2\/posts\/1206\/revisions\/1212"}],"wp:featuredmedia":[{"embeddable":true,"href":"https:\/\/wp.ufpel.edu.br\/ppgecm\/wp-json\/wp\/v2\/media\/1209"}],"wp:attachment":[{"href":"https:\/\/wp.ufpel.edu.br\/ppgecm\/wp-json\/wp\/v2\/media?parent=1206"}],"wp:term":[{"taxonomy":"category","embeddable":true,"href":"https:\/\/wp.ufpel.edu.br\/ppgecm\/wp-json\/wp\/v2\/categories?post=1206"},{"taxonomy":"post_tag","embeddable":true,"href":"https:\/\/wp.ufpel.edu.br\/ppgecm\/wp-json\/wp\/v2\/tags?post=1206"}],"curies":[{"name":"wp","href":"https:\/\/api.w.org\/{rel}","templated":true}]}}