{"id":1074,"date":"2017-05-10T12:09:07","date_gmt":"2017-05-10T15:09:07","guid":{"rendered":"https:\/\/wp.ufpel.edu.br\/ppgecm\/?p=1074"},"modified":"2017-05-19T08:24:45","modified_gmt":"2017-05-19T11:24:45","slug":"aula-inaugural-2017","status":"publish","type":"post","link":"https:\/\/wp.ufpel.edu.br\/ppgecm\/2017\/05\/10\/aula-inaugural-2017\/","title":{"rendered":"Aula Inaugural do PPGECM &#8211; Ano 2017"},"content":{"rendered":"<p>A aula inaugural do PPGECM acontecer\u00e1 na Faculdade de Educa\u00e7\u00e3o, no dia 19 de maio de 2017, no turno da manh\u00e3, na sala 352 (3\u00ba andar).<\/p>\n<p>No turno da tarde, as aulas acontecer\u00e3o normalmente.<\/p>\n<p>&nbsp;<\/p>\n<table style=\"background-color: #ffffff\">\n<tbody>\n<tr>\n<td style=\"border-color: #780101;background-color: #c4bdc9;text-align: center\" colspan=\"2\"><span style=\"color: #000000\"><strong>CRONOGRAMA DE ATIVIDADES &#8211; Sala 352 &#8211; FaE\/UFPel<\/strong><\/span><\/td>\n<\/tr>\n<tr>\n<td style=\"border-color: #780101;background-color: #c4bdc9;text-align: center\"><span style=\"color: #000000\"><strong>HOR\u00c1RIO<\/strong><\/span><\/td>\n<td style=\"border-color: #780101;background-color: #c4bdc9;text-align: center\"><span style=\"color: #000000\"><strong>DESCRI\u00c7\u00c3O DAS ATIVIDADES<\/strong><\/span><\/td>\n<\/tr>\n<tr style=\"background-color: #c4bdc9\">\n<td style=\"border-color: #5e0c0c\"><span style=\"color: #000000\">\u00a008h30 &#8211; 09h00\u00a0<\/span><\/td>\n<td style=\"border-color: #780101;text-align: left\"><span style=\"color: #000000\">\u00a0 Abertura.<\/span><\/td>\n<\/tr>\n<tr style=\"background-color: #c4bdc9\">\n<td style=\"border-color: #780101\"><span style=\"color: #000000\">\u00a009h00 &#8211; 10h30<\/span><\/td>\n<td style=\"border-color: #780101\">\n<p><span style=\"color: #000000\">\u00a0 Palestra com o Prof. Dr. Raimundo Ferreira Filho &#8211; PPGCITED\/CAVG.<\/span><\/p>\n<p><span style=\"color: #000000\">\u00a0 T\u00edtulo: &#8220;Constru\u00e7\u00e3o Hist\u00f3rica do Conceito de Tecnologia e a sua Interface no Ensino&#8221;.<\/span><\/td>\n<\/tr>\n<tr style=\"background-color: #c4bdc9\">\n<td style=\"border-color: #780101\"><span style=\"color: #000000\">\u00a010h30 &#8211; 11h00<\/span><\/td>\n<td style=\"border-color: #780101\"><span style=\"color: #000000\">\u00a0 Coffee Break.<\/span><\/td>\n<\/tr>\n<tr style=\"background-color: #c4bdc9\">\n<td style=\"border-color: #780101\"><span style=\"color: #000000\">\u00a011h00 &#8211; 12h00<\/span><\/td>\n<td style=\"border-color: #780101\">\n<p><span style=\"color: #000000\">\u00a0 Apresenta\u00e7\u00e3o dos Orientadores e Orientandos.<\/span><\/p>\n<p><span style=\"color: #000000\">\u00a0 Informa\u00e7\u00f5es gerais da Coordena\u00e7\u00e3o do PPGECM.<\/span><\/td>\n<\/tr>\n<tr style=\"background-color: #c4bdc9\">\n<td style=\"border-color: #780101;text-align: center\"><span style=\"color: #000000\">14h00 &#8211; 17h30<\/span><\/td>\n<td style=\"border-color: #780101;text-align: center\"><span style=\"color: #000000\">Aulas da tarde (Ci\u00eancias e suas Metodologias e Matem\u00e1tica e suas Metodologias).<\/span><\/td>\n<\/tr>\n<\/tbody>\n<\/table>\n<p>&nbsp;<\/p>\n","protected":false},"excerpt":{"rendered":"<p>A aula inaugural do PPGECM acontecer\u00e1 na Faculdade de Educa\u00e7\u00e3o, no dia 19 de maio de 2017, no turno da manh\u00e3, na sala 352 (3\u00ba andar). No turno da tarde, as aulas acontecer\u00e3o normalmente. &nbsp; CRONOGRAMA DE ATIVIDADES &#8211; Sala 352 &#8211; FaE\/UFPel HOR\u00c1RIO DESCRI\u00c7\u00c3O DAS ATIVIDADES \u00a008h30 &#8211; 09h00\u00a0 \u00a0 Abertura. \u00a009h00 &#8211; 10h30 [&hellip;]<\/p>\n","protected":false},"author":112,"featured_media":460,"comment_status":"closed","ping_status":"closed","sticky":false,"template":"","format":"standard","meta":{"footnotes":""},"categories":[62,32],"tags":[63,49,33,60],"class_list":["post-1074","post","type-post","status-publish","format-standard","has-post-thumbnail","hentry","category-aula-inaugural","category-noticias","tag-aula-inaugural","tag-eventos","tag-noticias","tag-semestre-letivo-20171"],"yoast_head":"<!-- This site is optimized with the Yoast SEO plugin v26.7 - https:\/\/yoast.com\/wordpress\/plugins\/seo\/ -->\n<title>Aula Inaugural do PPGECM - Ano 2017 - Programa de P\u00f3s Gradua\u00e7\u00e3o em Ensino de Ci\u00eancias e Matem\u00e1tica - Mestrado Profissional<\/title>\n<meta name=\"robots\" content=\"index, follow, max-snippet:-1, max-image-preview:large, max-video-preview:-1\" \/>\n<link rel=\"canonical\" href=\"https:\/\/wp.ufpel.edu.br\/ppgecm\/2017\/05\/10\/aula-inaugural-2017\/\" \/>\n<meta property=\"og:locale\" content=\"pt_BR\" \/>\n<meta property=\"og:type\" content=\"article\" \/>\n<meta property=\"og:title\" content=\"Aula Inaugural do PPGECM - Ano 2017 - Programa de P\u00f3s Gradua\u00e7\u00e3o em Ensino de Ci\u00eancias e Matem\u00e1tica - Mestrado Profissional\" \/>\n<meta property=\"og:description\" content=\"A aula inaugural do PPGECM acontecer\u00e1 na Faculdade de Educa\u00e7\u00e3o, no dia 19 de maio de 2017, no turno da manh\u00e3, na sala 352 (3\u00ba andar). No turno da tarde, as aulas acontecer\u00e3o normalmente. &nbsp; CRONOGRAMA DE ATIVIDADES &#8211; Sala 352 &#8211; FaE\/UFPel HOR\u00c1RIO DESCRI\u00c7\u00c3O DAS ATIVIDADES \u00a008h30 &#8211; 09h00\u00a0 \u00a0 Abertura. \u00a009h00 &#8211; 10h30 [&hellip;]\" \/>\n<meta property=\"og:url\" content=\"https:\/\/wp.ufpel.edu.br\/ppgecm\/2017\/05\/10\/aula-inaugural-2017\/\" \/>\n<meta property=\"og:site_name\" content=\"Programa de P\u00f3s Gradua\u00e7\u00e3o em Ensino de Ci\u00eancias e Matem\u00e1tica - Mestrado Profissional\" \/>\n<meta property=\"article:published_time\" content=\"2017-05-10T15:09:07+00:00\" \/>\n<meta property=\"article:modified_time\" content=\"2017-05-19T11:24:45+00:00\" \/>\n<meta property=\"og:image\" content=\"https:\/\/wp.ufpel.edu.br\/ppgecm\/files\/2016\/05\/logo-ppgecm.png\" \/>\n\t<meta property=\"og:image:width\" content=\"201\" \/>\n\t<meta property=\"og:image:height\" content=\"201\" \/>\n\t<meta property=\"og:image:type\" content=\"image\/png\" \/>\n<meta name=\"author\" content=\"ppgecm\" \/>\n<meta name=\"twitter:card\" content=\"summary_large_image\" \/>\n<meta name=\"twitter:label1\" content=\"Escrito por\" \/>\n\t<meta name=\"twitter:data1\" content=\"ppgecm\" \/>\n\t<meta name=\"twitter:label2\" content=\"Est. tempo de leitura\" \/>\n\t<meta name=\"twitter:data2\" content=\"1 minuto\" \/>\n<script type=\"application\/ld+json\" class=\"yoast-schema-graph\">{\"@context\":\"https:\/\/schema.org\",\"@graph\":[{\"@type\":\"Article\",\"@id\":\"https:\/\/wp.ufpel.edu.br\/ppgecm\/2017\/05\/10\/aula-inaugural-2017\/#article\",\"isPartOf\":{\"@id\":\"https:\/\/wp.ufpel.edu.br\/ppgecm\/2017\/05\/10\/aula-inaugural-2017\/\"},\"author\":{\"name\":\"ppgecm\",\"@id\":\"https:\/\/wp.ufpel.edu.br\/ppgecm\/#\/schema\/person\/28c85ac4f01dffc96e4d7a60abd91b19\"},\"headline\":\"Aula Inaugural do PPGECM &#8211; Ano 2017\",\"datePublished\":\"2017-05-10T15:09:07+00:00\",\"dateModified\":\"2017-05-19T11:24:45+00:00\",\"mainEntityOfPage\":{\"@id\":\"https:\/\/wp.ufpel.edu.br\/ppgecm\/2017\/05\/10\/aula-inaugural-2017\/\"},\"wordCount\":127,\"image\":{\"@id\":\"https:\/\/wp.ufpel.edu.br\/ppgecm\/2017\/05\/10\/aula-inaugural-2017\/#primaryimage\"},\"thumbnailUrl\":\"https:\/\/wp.ufpel.edu.br\/ppgecm\/files\/2016\/05\/logo-ppgecm.png\",\"keywords\":[\"aula inaugural\",\"eventos\",\"not\u00edcias\",\"semestre letivo 2017\/1\"],\"articleSection\":[\"Aula Inaugural\",\"Not\u00edcias\"],\"inLanguage\":\"pt-BR\"},{\"@type\":\"WebPage\",\"@id\":\"https:\/\/wp.ufpel.edu.br\/ppgecm\/2017\/05\/10\/aula-inaugural-2017\/\",\"url\":\"https:\/\/wp.ufpel.edu.br\/ppgecm\/2017\/05\/10\/aula-inaugural-2017\/\",\"name\":\"Aula Inaugural do PPGECM - Ano 2017 - Programa de P\u00f3s Gradua\u00e7\u00e3o em Ensino de Ci\u00eancias e Matem\u00e1tica - Mestrado Profissional\",\"isPartOf\":{\"@id\":\"https:\/\/wp.ufpel.edu.br\/ppgecm\/#website\"},\"primaryImageOfPage\":{\"@id\":\"https:\/\/wp.ufpel.edu.br\/ppgecm\/2017\/05\/10\/aula-inaugural-2017\/#primaryimage\"},\"image\":{\"@id\":\"https:\/\/wp.ufpel.edu.br\/ppgecm\/2017\/05\/10\/aula-inaugural-2017\/#primaryimage\"},\"thumbnailUrl\":\"https:\/\/wp.ufpel.edu.br\/ppgecm\/files\/2016\/05\/logo-ppgecm.png\",\"datePublished\":\"2017-05-10T15:09:07+00:00\",\"dateModified\":\"2017-05-19T11:24:45+00:00\",\"author\":{\"@id\":\"https:\/\/wp.ufpel.edu.br\/ppgecm\/#\/schema\/person\/28c85ac4f01dffc96e4d7a60abd91b19\"},\"breadcrumb\":{\"@id\":\"https:\/\/wp.ufpel.edu.br\/ppgecm\/2017\/05\/10\/aula-inaugural-2017\/#breadcrumb\"},\"inLanguage\":\"pt-BR\",\"potentialAction\":[{\"@type\":\"ReadAction\",\"target\":[\"https:\/\/wp.ufpel.edu.br\/ppgecm\/2017\/05\/10\/aula-inaugural-2017\/\"]}]},{\"@type\":\"ImageObject\",\"inLanguage\":\"pt-BR\",\"@id\":\"https:\/\/wp.ufpel.edu.br\/ppgecm\/2017\/05\/10\/aula-inaugural-2017\/#primaryimage\",\"url\":\"https:\/\/wp.ufpel.edu.br\/ppgecm\/files\/2016\/05\/logo-ppgecm.png\",\"contentUrl\":\"https:\/\/wp.ufpel.edu.br\/ppgecm\/files\/2016\/05\/logo-ppgecm.png\",\"width\":201,\"height\":201},{\"@type\":\"BreadcrumbList\",\"@id\":\"https:\/\/wp.ufpel.edu.br\/ppgecm\/2017\/05\/10\/aula-inaugural-2017\/#breadcrumb\",\"itemListElement\":[{\"@type\":\"ListItem\",\"position\":1,\"name\":\"In\u00edcio\",\"item\":\"https:\/\/wp.ufpel.edu.br\/ppgecm\/\"},{\"@type\":\"ListItem\",\"position\":2,\"name\":\"Aula Inaugural do PPGECM &#8211; Ano 2017\"}]},{\"@type\":\"WebSite\",\"@id\":\"https:\/\/wp.ufpel.edu.br\/ppgecm\/#website\",\"url\":\"https:\/\/wp.ufpel.edu.br\/ppgecm\/\",\"name\":\"Programa de P\u00f3s Gradua\u00e7\u00e3o em Ensino de Ci\u00eancias e Matem\u00e1tica - Mestrado Profissional\",\"description\":\"Universidade Federal de Pelotas\",\"potentialAction\":[{\"@type\":\"SearchAction\",\"target\":{\"@type\":\"EntryPoint\",\"urlTemplate\":\"https:\/\/wp.ufpel.edu.br\/ppgecm\/?s={search_term_string}\"},\"query-input\":{\"@type\":\"PropertyValueSpecification\",\"valueRequired\":true,\"valueName\":\"search_term_string\"}}],\"inLanguage\":\"pt-BR\"},{\"@type\":\"Person\",\"@id\":\"https:\/\/wp.ufpel.edu.br\/ppgecm\/#\/schema\/person\/28c85ac4f01dffc96e4d7a60abd91b19\",\"name\":\"ppgecm\",\"image\":{\"@type\":\"ImageObject\",\"inLanguage\":\"pt-BR\",\"@id\":\"https:\/\/wp.ufpel.edu.br\/ppgecm\/#\/schema\/person\/image\/\",\"url\":\"https:\/\/secure.gravatar.com\/avatar\/0d3380ffb9b0d7de0a43b4a75ab70546b8cad5f766bd71a87cf73180641823d5?s=96&d=mm&r=g\",\"contentUrl\":\"https:\/\/secure.gravatar.com\/avatar\/0d3380ffb9b0d7de0a43b4a75ab70546b8cad5f766bd71a87cf73180641823d5?s=96&d=mm&r=g\",\"caption\":\"ppgecm\"},\"url\":\"https:\/\/wp.ufpel.edu.br\/ppgecm\/author\/ppgecm\/\"}]}<\/script>\n<!-- \/ Yoast SEO plugin. -->","yoast_head_json":{"title":"Aula Inaugural do PPGECM - Ano 2017 - Programa de P\u00f3s Gradua\u00e7\u00e3o em Ensino de Ci\u00eancias e Matem\u00e1tica - Mestrado Profissional","robots":{"index":"index","follow":"follow","max-snippet":"max-snippet:-1","max-image-preview":"max-image-preview:large","max-video-preview":"max-video-preview:-1"},"canonical":"https:\/\/wp.ufpel.edu.br\/ppgecm\/2017\/05\/10\/aula-inaugural-2017\/","og_locale":"pt_BR","og_type":"article","og_title":"Aula Inaugural do PPGECM - Ano 2017 - Programa de P\u00f3s Gradua\u00e7\u00e3o em Ensino de Ci\u00eancias e Matem\u00e1tica - Mestrado Profissional","og_description":"A aula inaugural do PPGECM acontecer\u00e1 na Faculdade de Educa\u00e7\u00e3o, no dia 19 de maio de 2017, no turno da manh\u00e3, na sala 352 (3\u00ba andar). No turno da tarde, as aulas acontecer\u00e3o normalmente. &nbsp; CRONOGRAMA DE ATIVIDADES &#8211; Sala 352 &#8211; FaE\/UFPel HOR\u00c1RIO DESCRI\u00c7\u00c3O DAS ATIVIDADES \u00a008h30 &#8211; 09h00\u00a0 \u00a0 Abertura. \u00a009h00 &#8211; 10h30 [&hellip;]","og_url":"https:\/\/wp.ufpel.edu.br\/ppgecm\/2017\/05\/10\/aula-inaugural-2017\/","og_site_name":"Programa de P\u00f3s Gradua\u00e7\u00e3o em Ensino de Ci\u00eancias e Matem\u00e1tica - Mestrado Profissional","article_published_time":"2017-05-10T15:09:07+00:00","article_modified_time":"2017-05-19T11:24:45+00:00","og_image":[{"width":201,"height":201,"url":"https:\/\/wp.ufpel.edu.br\/ppgecm\/files\/2016\/05\/logo-ppgecm.png","type":"image\/png"}],"author":"ppgecm","twitter_card":"summary_large_image","twitter_misc":{"Escrito por":"ppgecm","Est. tempo de leitura":"1 minuto"},"schema":{"@context":"https:\/\/schema.org","@graph":[{"@type":"Article","@id":"https:\/\/wp.ufpel.edu.br\/ppgecm\/2017\/05\/10\/aula-inaugural-2017\/#article","isPartOf":{"@id":"https:\/\/wp.ufpel.edu.br\/ppgecm\/2017\/05\/10\/aula-inaugural-2017\/"},"author":{"name":"ppgecm","@id":"https:\/\/wp.ufpel.edu.br\/ppgecm\/#\/schema\/person\/28c85ac4f01dffc96e4d7a60abd91b19"},"headline":"Aula Inaugural do PPGECM &#8211; Ano 2017","datePublished":"2017-05-10T15:09:07+00:00","dateModified":"2017-05-19T11:24:45+00:00","mainEntityOfPage":{"@id":"https:\/\/wp.ufpel.edu.br\/ppgecm\/2017\/05\/10\/aula-inaugural-2017\/"},"wordCount":127,"image":{"@id":"https:\/\/wp.ufpel.edu.br\/ppgecm\/2017\/05\/10\/aula-inaugural-2017\/#primaryimage"},"thumbnailUrl":"https:\/\/wp.ufpel.edu.br\/ppgecm\/files\/2016\/05\/logo-ppgecm.png","keywords":["aula inaugural","eventos","not\u00edcias","semestre letivo 2017\/1"],"articleSection":["Aula Inaugural","Not\u00edcias"],"inLanguage":"pt-BR"},{"@type":"WebPage","@id":"https:\/\/wp.ufpel.edu.br\/ppgecm\/2017\/05\/10\/aula-inaugural-2017\/","url":"https:\/\/wp.ufpel.edu.br\/ppgecm\/2017\/05\/10\/aula-inaugural-2017\/","name":"Aula Inaugural do PPGECM - Ano 2017 - Programa de P\u00f3s Gradua\u00e7\u00e3o em Ensino de Ci\u00eancias e Matem\u00e1tica - Mestrado Profissional","isPartOf":{"@id":"https:\/\/wp.ufpel.edu.br\/ppgecm\/#website"},"primaryImageOfPage":{"@id":"https:\/\/wp.ufpel.edu.br\/ppgecm\/2017\/05\/10\/aula-inaugural-2017\/#primaryimage"},"image":{"@id":"https:\/\/wp.ufpel.edu.br\/ppgecm\/2017\/05\/10\/aula-inaugural-2017\/#primaryimage"},"thumbnailUrl":"https:\/\/wp.ufpel.edu.br\/ppgecm\/files\/2016\/05\/logo-ppgecm.png","datePublished":"2017-05-10T15:09:07+00:00","dateModified":"2017-05-19T11:24:45+00:00","author":{"@id":"https:\/\/wp.ufpel.edu.br\/ppgecm\/#\/schema\/person\/28c85ac4f01dffc96e4d7a60abd91b19"},"breadcrumb":{"@id":"https:\/\/wp.ufpel.edu.br\/ppgecm\/2017\/05\/10\/aula-inaugural-2017\/#breadcrumb"},"inLanguage":"pt-BR","potentialAction":[{"@type":"ReadAction","target":["https:\/\/wp.ufpel.edu.br\/ppgecm\/2017\/05\/10\/aula-inaugural-2017\/"]}]},{"@type":"ImageObject","inLanguage":"pt-BR","@id":"https:\/\/wp.ufpel.edu.br\/ppgecm\/2017\/05\/10\/aula-inaugural-2017\/#primaryimage","url":"https:\/\/wp.ufpel.edu.br\/ppgecm\/files\/2016\/05\/logo-ppgecm.png","contentUrl":"https:\/\/wp.ufpel.edu.br\/ppgecm\/files\/2016\/05\/logo-ppgecm.png","width":201,"height":201},{"@type":"BreadcrumbList","@id":"https:\/\/wp.ufpel.edu.br\/ppgecm\/2017\/05\/10\/aula-inaugural-2017\/#breadcrumb","itemListElement":[{"@type":"ListItem","position":1,"name":"In\u00edcio","item":"https:\/\/wp.ufpel.edu.br\/ppgecm\/"},{"@type":"ListItem","position":2,"name":"Aula Inaugural do PPGECM &#8211; Ano 2017"}]},{"@type":"WebSite","@id":"https:\/\/wp.ufpel.edu.br\/ppgecm\/#website","url":"https:\/\/wp.ufpel.edu.br\/ppgecm\/","name":"Programa de P\u00f3s Gradua\u00e7\u00e3o em Ensino de Ci\u00eancias e Matem\u00e1tica - Mestrado Profissional","description":"Universidade Federal de Pelotas","potentialAction":[{"@type":"SearchAction","target":{"@type":"EntryPoint","urlTemplate":"https:\/\/wp.ufpel.edu.br\/ppgecm\/?s={search_term_string}"},"query-input":{"@type":"PropertyValueSpecification","valueRequired":true,"valueName":"search_term_string"}}],"inLanguage":"pt-BR"},{"@type":"Person","@id":"https:\/\/wp.ufpel.edu.br\/ppgecm\/#\/schema\/person\/28c85ac4f01dffc96e4d7a60abd91b19","name":"ppgecm","image":{"@type":"ImageObject","inLanguage":"pt-BR","@id":"https:\/\/wp.ufpel.edu.br\/ppgecm\/#\/schema\/person\/image\/","url":"https:\/\/secure.gravatar.com\/avatar\/0d3380ffb9b0d7de0a43b4a75ab70546b8cad5f766bd71a87cf73180641823d5?s=96&d=mm&r=g","contentUrl":"https:\/\/secure.gravatar.com\/avatar\/0d3380ffb9b0d7de0a43b4a75ab70546b8cad5f766bd71a87cf73180641823d5?s=96&d=mm&r=g","caption":"ppgecm"},"url":"https:\/\/wp.ufpel.edu.br\/ppgecm\/author\/ppgecm\/"}]}},"jetpack_featured_media_url":"https:\/\/wp.ufpel.edu.br\/ppgecm\/files\/2016\/05\/logo-ppgecm.png","_links":{"self":[{"href":"https:\/\/wp.ufpel.edu.br\/ppgecm\/wp-json\/wp\/v2\/posts\/1074","targetHints":{"allow":["GET"]}}],"collection":[{"href":"https:\/\/wp.ufpel.edu.br\/ppgecm\/wp-json\/wp\/v2\/posts"}],"about":[{"href":"https:\/\/wp.ufpel.edu.br\/ppgecm\/wp-json\/wp\/v2\/types\/post"}],"author":[{"embeddable":true,"href":"https:\/\/wp.ufpel.edu.br\/ppgecm\/wp-json\/wp\/v2\/users\/112"}],"replies":[{"embeddable":true,"href":"https:\/\/wp.ufpel.edu.br\/ppgecm\/wp-json\/wp\/v2\/comments?post=1074"}],"version-history":[{"count":4,"href":"https:\/\/wp.ufpel.edu.br\/ppgecm\/wp-json\/wp\/v2\/posts\/1074\/revisions"}],"predecessor-version":[{"id":1081,"href":"https:\/\/wp.ufpel.edu.br\/ppgecm\/wp-json\/wp\/v2\/posts\/1074\/revisions\/1081"}],"wp:featuredmedia":[{"embeddable":true,"href":"https:\/\/wp.ufpel.edu.br\/ppgecm\/wp-json\/wp\/v2\/media\/460"}],"wp:attachment":[{"href":"https:\/\/wp.ufpel.edu.br\/ppgecm\/wp-json\/wp\/v2\/media?parent=1074"}],"wp:term":[{"taxonomy":"category","embeddable":true,"href":"https:\/\/wp.ufpel.edu.br\/ppgecm\/wp-json\/wp\/v2\/categories?post=1074"},{"taxonomy":"post_tag","embeddable":true,"href":"https:\/\/wp.ufpel.edu.br\/ppgecm\/wp-json\/wp\/v2\/tags?post=1074"}],"curies":[{"name":"wp","href":"https:\/\/api.w.org\/{rel}","templated":true}]}}