{"id":6105,"date":"2025-12-15T10:04:07","date_gmt":"2025-12-15T13:04:07","guid":{"rendered":"https:\/\/wp.ufpel.edu.br\/ppgdtsa\/?p=6105"},"modified":"2025-12-15T10:08:21","modified_gmt":"2025-12-15T13:08:21","slug":"processo-seletivo-aluno-regular-2026-resultado-preliminar","status":"publish","type":"post","link":"https:\/\/wp.ufpel.edu.br\/ppgdtsa\/2025\/12\/15\/processo-seletivo-aluno-regular-2026-resultado-preliminar\/","title":{"rendered":"Processo Seletivo Aluno Regular 2026 &#8211; Resultado Preliminar"},"content":{"rendered":"<p>O PPGDTSA torna p\u00fablico o resultado provis\u00f3rio do processo seletivo para aluno regular do Edital 218\/2025.<\/p>\n<p>Finalizado o certame temos a seguinte <strong>classifica\u00e7\u00e3o geral<\/strong>:<\/p>\n<table style=\"width: 376px;\" width=\"535\">\n<tbody>\n<tr>\n<td style=\"width: 121px;\" rowspan=\"2\" width=\"262\">Candidato(a) \/ Peso<\/td>\n<td style=\"text-align: center; width: 59px;\" width=\"77\">Antepro-jeto de Pes-quisa (AP)<\/td>\n<td style=\"text-align: center; width: 52px;\" width=\"70\">Entre-vista (E)<\/td>\n<td style=\"text-align: center; width: 70px;\" width=\"70\">Curri-culum (C)<\/td>\n<td style=\"text-align: center; width: 74px;\" rowspan=\"2\" width=\"56\">Nota Final<\/td>\n<\/tr>\n<tr>\n<td style=\"text-align: center; width: 59px;\">45%<\/td>\n<td style=\"text-align: center; width: 52px;\">20%<\/td>\n<td style=\"text-align: center; width: 70px;\">35%<\/td>\n<\/tr>\n<tr>\n<td style=\"width: 121px;\">Alex Sair Hernandez Perdomo<\/td>\n<td style=\"text-align: center; width: 59px;\">9,00<\/td>\n<td style=\"text-align: center; width: 52px;\">9,84<\/td>\n<td style=\"text-align: center; width: 70px;\">3,00<\/td>\n<td style=\"text-align: center; width: 74px;\">7,07<\/td>\n<\/tr>\n<tr>\n<td style=\"width: 121px;\">Amanda Forquim Cetolin<\/td>\n<td style=\"text-align: center; width: 59px;\">9,73<\/td>\n<td style=\"text-align: center; width: 52px;\">9,71<\/td>\n<td style=\"text-align: center; width: 70px;\">3,56<\/td>\n<td style=\"text-align: center; width: 74px;\">7,57<\/td>\n<\/tr>\n<tr>\n<td style=\"width: 121px;\">Amelinha Lopes da Silva<\/td>\n<td style=\"text-align: center; width: 59px;\">8,87<\/td>\n<td style=\"text-align: center; width: 52px;\">8,43<\/td>\n<td style=\"text-align: center; width: 70px;\">0,00<\/td>\n<td style=\"text-align: center; width: 74px;\">5,68<\/td>\n<\/tr>\n<tr>\n<td style=\"width: 121px;\">Anibal Ribas<\/td>\n<td style=\"text-align: center; width: 59px;\">9,51<\/td>\n<td style=\"text-align: center; width: 52px;\">8,98<\/td>\n<td style=\"text-align: center; width: 70px;\">0,00<\/td>\n<td style=\"text-align: center; width: 74px;\">6,07<\/td>\n<\/tr>\n<tr>\n<td style=\"width: 121px;\">Clismam Soares Porto<\/td>\n<td style=\"text-align: center; width: 59px;\">8,97<\/td>\n<td style=\"text-align: center; width: 52px;\">8,07<\/td>\n<td style=\"text-align: center; width: 70px;\">0,60<\/td>\n<td style=\"text-align: center; width: 74px;\">5,86<\/td>\n<\/tr>\n<tr>\n<td style=\"width: 121px;\">Eduardo Ferreira Mota<\/td>\n<td style=\"text-align: center; width: 59px;\">8,57<\/td>\n<td style=\"text-align: center; width: 52px;\">8,54<\/td>\n<td style=\"text-align: center; width: 70px;\">3,06<\/td>\n<td style=\"text-align: center; width: 74px;\">6,63<\/td>\n<\/tr>\n<tr>\n<td style=\"width: 121px;\">Edwens Dorisca<\/td>\n<td style=\"text-align: center; width: 59px;\">9,17<\/td>\n<td style=\"text-align: center; width: 52px;\">9,02<\/td>\n<td style=\"text-align: center; width: 70px;\">3,07<\/td>\n<td style=\"text-align: center; width: 74px;\">7,00<\/td>\n<\/tr>\n<tr>\n<td style=\"width: 121px;\">Franciele Tais Link<\/td>\n<td style=\"text-align: center; width: 59px;\">8,00<\/td>\n<td style=\"text-align: center; width: 52px;\">8,23<\/td>\n<td style=\"text-align: center; width: 70px;\">0,00<\/td>\n<td style=\"text-align: center; width: 74px;\">5,25<\/td>\n<\/tr>\n<tr>\n<td style=\"width: 121px;\">Gustavo Muniz Pereira<\/td>\n<td style=\"text-align: center; width: 59px;\">8,53<\/td>\n<td style=\"text-align: center; width: 52px;\">9,33<\/td>\n<td style=\"text-align: center; width: 70px;\">3,06<\/td>\n<td style=\"text-align: center; width: 74px;\">6,77<\/td>\n<\/tr>\n<tr>\n<td style=\"width: 121px;\">Irineu Dias Correa Junior<\/td>\n<td style=\"text-align: center; width: 59px;\">9,25<\/td>\n<td style=\"text-align: center; width: 52px;\">8,77<\/td>\n<td style=\"text-align: center; width: 70px;\">0,00<\/td>\n<td style=\"text-align: center; width: 74px;\">5,92<\/td>\n<\/tr>\n<tr>\n<td style=\"width: 121px;\">Jaime Roque Monteiro Carvalho<\/td>\n<td style=\"text-align: center; width: 59px;\">9,31<\/td>\n<td style=\"text-align: center; width: 52px;\">9,48<\/td>\n<td style=\"text-align: center; width: 70px;\">2,36<\/td>\n<td style=\"text-align: center; width: 74px;\">6,91<\/td>\n<\/tr>\n<tr>\n<td style=\"width: 121px;\">Jammili Vit\u00f3ria Ebel Tessmann<\/td>\n<td style=\"text-align: center; width: 59px;\">8,59<\/td>\n<td style=\"text-align: center; width: 52px;\">8,23<\/td>\n<td style=\"text-align: center; width: 70px;\">0,00<\/td>\n<td style=\"text-align: center; width: 74px;\">5,51<\/td>\n<\/tr>\n<tr>\n<td style=\"width: 121px;\">Let\u00edcia Farias de Oliveira<\/td>\n<td style=\"text-align: center; width: 59px;\">9,32<\/td>\n<td style=\"text-align: center; width: 52px;\">9,26<\/td>\n<td style=\"text-align: center; width: 70px;\">0,20<\/td>\n<td style=\"text-align: center; width: 74px;\">6,12<\/td>\n<\/tr>\n<tr>\n<td style=\"width: 121px;\">Luana Dias Lameira<\/td>\n<td style=\"text-align: center; width: 59px;\">8,63<\/td>\n<td style=\"text-align: center; width: 52px;\">8,72<\/td>\n<td style=\"text-align: center; width: 70px;\">1,20<\/td>\n<td style=\"text-align: center; width: 74px;\">6,05<\/td>\n<\/tr>\n<tr>\n<td style=\"width: 121px;\">Magn\u00f3lia dos Santos Carvalho<\/td>\n<td style=\"text-align: center; width: 59px;\">7,87<\/td>\n<td style=\"text-align: center; width: 52px;\">8,84<\/td>\n<td style=\"text-align: center; width: 70px;\">1,48<\/td>\n<td style=\"text-align: center; width: 74px;\">5,83<\/td>\n<\/tr>\n<tr>\n<td style=\"width: 121px;\">Maria Vargas Le\u00e3o<\/td>\n<td style=\"text-align: center; width: 59px;\">8,91<\/td>\n<td style=\"text-align: center; width: 52px;\">8,41<\/td>\n<td style=\"text-align: center; width: 70px;\">0,00<\/td>\n<td style=\"text-align: center; width: 74px;\">5,69<\/td>\n<\/tr>\n<tr>\n<td style=\"width: 121px;\">Max Leandro Xavier Casanova<\/td>\n<td style=\"text-align: center; width: 59px;\">8,43<\/td>\n<td style=\"text-align: center; width: 52px;\">8,14<\/td>\n<td style=\"text-align: center; width: 70px;\">0,00<\/td>\n<td style=\"text-align: center; width: 74px;\">5,42<\/td>\n<\/tr>\n<tr>\n<td style=\"width: 121px;\">Nat\u00e3 Stein Pedroso<\/td>\n<td style=\"text-align: center; width: 59px;\">6,50<\/td>\n<td style=\"text-align: center; width: 52px;\">8,09<\/td>\n<td style=\"text-align: center; width: 70px;\">1,10<\/td>\n<td style=\"text-align: center; width: 74px;\">4,93<\/td>\n<\/tr>\n<tr>\n<td style=\"width: 121px;\">Sandi Xavier Mancilia<\/td>\n<td style=\"text-align: center; width: 59px;\">9,23<\/td>\n<td style=\"text-align: center; width: 52px;\">9,04<\/td>\n<td style=\"text-align: center; width: 70px;\">3,52<\/td>\n<td style=\"text-align: center; width: 74px;\">7,20<\/td>\n<\/tr>\n<tr>\n<td style=\"width: 121px;\">Tiaraju Czermainski Vaz<\/td>\n<td style=\"text-align: center; width: 59px;\">8,65<\/td>\n<td style=\"text-align: center; width: 52px;\">8,32<\/td>\n<td style=\"text-align: center; width: 70px;\">0,00<\/td>\n<td style=\"text-align: center; width: 74px;\">5,56<\/td>\n<\/tr>\n<tr>\n<td style=\"width: 121px;\">William Dietrich Klug<\/td>\n<td style=\"text-align: center; width: 59px;\">9,37<\/td>\n<td style=\"text-align: center; width: 52px;\">8,86<\/td>\n<td style=\"text-align: center; width: 70px;\">2,14<\/td>\n<td style=\"text-align: center; width: 74px;\">6,74<\/td>\n<\/tr>\n<\/tbody>\n<\/table>\n<p>A distribui\u00e7\u00e3o de vagas do referido edital \u00e9 a seguinte:<\/p>\n<p>11 vagas para Ampla Concorr\u00eancia(AC)<br \/>\n05 vagas para A\u00e7\u00f5es Afirmativas (AF)<br \/>\n02 vagas para Funcion\u00e1rios (F)<br \/>\n01 vaga para Travesti\/Transsexual (TT)<\/p>\n<p>Considerando que temos 03 inscritos na categoria AF, 01 inscrito na categoria F e nenhum inscrito na categoria TT, as vagas excedentes ser\u00e3o redirecionadas para a categoria AC.<\/p>\n<p>Desta forma, temos a seguinte distribui\u00e7\u00e3o de vagas:<\/p>\n<p>15 vagas para AC<br \/>\n03 vagas para AF<br \/>\n01 vaga para F<\/p>\n<p>Considerando tamb\u00e9m que a candidata Sandy Xavier Mancilia e o candidato Clisman Soares Porto atingiram pontua\u00e7\u00e3o para classifica\u00e7\u00e3o na categoria AC, as vagas de AF a ela e a ele destinadas voltam para AC.<\/p>\n<p>Com isso, a lista preliminar dos\/as classificados\/as \u00e9 a seguinte:<\/p>\n<p><strong>Ampla Concorr\u00eancia<\/strong><\/p>\n<table width=\"262\">\n<tbody>\n<tr>\n<td width=\"262\">Alex Sair Hernandez Perdomo<\/td>\n<\/tr>\n<tr>\n<td>Amanda Forquim Cetolin<\/td>\n<\/tr>\n<tr>\n<td>Anibal Ribas<\/td>\n<\/tr>\n<tr>\n<td>Clismam Soares Porto<\/td>\n<\/tr>\n<tr>\n<td>Eduardo Ferreira Mota<\/td>\n<\/tr>\n<tr>\n<td>Edwens Dorisca<\/td>\n<\/tr>\n<tr>\n<td>Gustavo Muniz Pereira<\/td>\n<\/tr>\n<tr>\n<td>Irineu Dias Correa Junior<\/td>\n<\/tr>\n<tr>\n<td>Jaime Roque Monteiro Carvalho<\/td>\n<\/tr>\n<tr>\n<td>Jammili Vit\u00f3ria Ebel Tessmann<\/td>\n<\/tr>\n<tr>\n<td>Let\u00edcia Farias de Oliveira<\/td>\n<\/tr>\n<tr>\n<td>Luana Dias Lameira<\/td>\n<\/tr>\n<tr>\n<td>Magn\u00f3lia dos Santos Carvalho<\/td>\n<\/tr>\n<tr>\n<td>Maria Vargas Le\u00e3o<\/td>\n<\/tr>\n<tr>\n<td>Sandi Xavier Mancilia<\/td>\n<\/tr>\n<tr>\n<td>Tiaraju Czermainski Vaz<\/td>\n<\/tr>\n<tr>\n<td>William Dietrich Klug<\/td>\n<\/tr>\n<\/tbody>\n<\/table>\n<p><strong>A\u00e7\u00f5es Afirmativas<\/strong><\/p>\n<table width=\"262\">\n<tbody>\n<tr>\n<td width=\"262\">Amelinha Lopes da Silva<\/td>\n<\/tr>\n<\/tbody>\n<\/table>\n<p><strong>Funcion\u00e1rio<\/strong><\/p>\n<table width=\"262\">\n<tbody>\n<tr>\n<td width=\"262\">Max Leandro Xavier Casanova<\/td>\n<\/tr>\n<\/tbody>\n<\/table>\n<p>A Comiss\u00e3o de Sele\u00e7\u00e3o<br \/>\nPPGDTSA<\/p>\n","protected":false},"excerpt":{"rendered":"<p>O PPGDTSA torna p\u00fablico o resultado provis\u00f3rio do processo seletivo para aluno regular do Edital 218\/2025. Finalizado o certame temos a seguinte classifica\u00e7\u00e3o geral: Candidato(a) \/ Peso Antepro-jeto de Pes-quisa (AP) Entre-vista (E) Curri-culum (C) Nota Final 45% 20% 35% Alex Sair Hernandez Perdomo 9,00 9,84 3,00 7,07 Amanda Forquim Cetolin 9,73 9,71 3,56 7,57 [&hellip;]<\/p>\n","protected":false},"author":367,"featured_media":0,"comment_status":"closed","ping_status":"closed","sticky":false,"template":"","format":"standard","meta":{"_jetpack_memberships_contains_paid_content":false,"footnotes":""},"categories":[26849],"tags":[],"class_list":["post-6105","post","type-post","status-publish","format-standard","hentry","category-sem-categoria-pt"],"jetpack_featured_media_url":"","jetpack_sharing_enabled":true,"_links":{"self":[{"href":"https:\/\/wp.ufpel.edu.br\/ppgdtsa\/wp-json\/wp\/v2\/posts\/6105","targetHints":{"allow":["GET"]}}],"collection":[{"href":"https:\/\/wp.ufpel.edu.br\/ppgdtsa\/wp-json\/wp\/v2\/posts"}],"about":[{"href":"https:\/\/wp.ufpel.edu.br\/ppgdtsa\/wp-json\/wp\/v2\/types\/post"}],"author":[{"embeddable":true,"href":"https:\/\/wp.ufpel.edu.br\/ppgdtsa\/wp-json\/wp\/v2\/users\/367"}],"replies":[{"embeddable":true,"href":"https:\/\/wp.ufpel.edu.br\/ppgdtsa\/wp-json\/wp\/v2\/comments?post=6105"}],"version-history":[{"count":3,"href":"https:\/\/wp.ufpel.edu.br\/ppgdtsa\/wp-json\/wp\/v2\/posts\/6105\/revisions"}],"predecessor-version":[{"id":6111,"href":"https:\/\/wp.ufpel.edu.br\/ppgdtsa\/wp-json\/wp\/v2\/posts\/6105\/revisions\/6111"}],"wp:attachment":[{"href":"https:\/\/wp.ufpel.edu.br\/ppgdtsa\/wp-json\/wp\/v2\/media?parent=6105"}],"wp:term":[{"taxonomy":"category","embeddable":true,"href":"https:\/\/wp.ufpel.edu.br\/ppgdtsa\/wp-json\/wp\/v2\/categories?post=6105"},{"taxonomy":"post_tag","embeddable":true,"href":"https:\/\/wp.ufpel.edu.br\/ppgdtsa\/wp-json\/wp\/v2\/tags?post=6105"}],"curies":[{"name":"wp","href":"https:\/\/api.w.org\/{rel}","templated":true}]}}