{"id":6094,"date":"2025-12-09T09:43:05","date_gmt":"2025-12-09T12:43:05","guid":{"rendered":"https:\/\/wp.ufpel.edu.br\/ppgdtsa\/?p=6094"},"modified":"2025-12-09T09:48:09","modified_gmt":"2025-12-09T12:48:09","slug":"6094","status":"publish","type":"post","link":"https:\/\/wp.ufpel.edu.br\/ppgdtsa\/2025\/12\/09\/6094\/","title":{"rendered":"Processo Seletivo Aluno Regular 2026 &#8211; Cronograma de Entrevistas"},"content":{"rendered":"<p><span style=\"font-size: 12pt;\">O PPGDTSA torna p\u00fablico o calend\u00e1rio de entrevistas para o processo seletivo de aluno regular referente ao edital n\u00ba218\/2025.\u00a0<\/span><\/p>\n<p><span style=\"font-size: 12pt;\"><b>Cronograma de Entrevistas<\/b><\/span><\/p>\n<p><span style=\"font-size: 12pt;\">Para as Entrevistas ser\u00e1 utilizada a plataforma Webconf da UFPel. Elas ocorrer\u00e3o na\u00a0<b>quinta feira<\/b>, dia\u00a0<strong>11\/12\/2025<\/strong>, a partir das\u00a0<strong>8h<\/strong>, por ordem alfab\u00e9tica e ter\u00e3o um tempo m\u00e1ximo de 15 minutos. Os\/as candidatos\/as devem acessar a sala virtual <span style=\"text-decoration: underline;\"><strong>apenas no hor\u00e1rio designado abaixo<\/strong><\/span> atrav\u00e9s do seguinte link: <a href=\"https:\/\/webconf.ufpel.edu.br\/b\/mar-4xc-uh3\">https:\/\/webconf.ufpel.edu.br\/b\/mar-4xc-uh3\u00a0<\/a>.\u00a0\u00a0<\/span><\/p>\n<p>&nbsp;<\/p>\n<table style=\"width: 302px;\" width=\"398\">\n<tbody>\n<tr>\n<td style=\"width: 224px;\"><span style=\"font-size: 10pt;\">Candidato(a)<\/span><\/td>\n<td style=\"text-align: center; vertical-align: middle; width: 78px;\"><span style=\"font-size: 10pt;\">Hor\u00e1rio<\/span><\/td>\n<\/tr>\n<tr>\n<td style=\"width: 224px;\" width=\"308\"><span style=\"font-size: 10pt;\">Alex Sair Hernandez Perdomo<\/span><\/td>\n<td style=\"text-align: center; vertical-align: middle; width: 78px;\" width=\"90\"><span style=\"font-size: 10pt;\">8:00<\/span><\/td>\n<\/tr>\n<tr>\n<td style=\"width: 224px;\"><span style=\"font-size: 10pt;\">Amanda Forquim Cetolin<\/span><\/td>\n<td style=\"text-align: center; vertical-align: middle; width: 78px;\"><span style=\"font-size: 10pt;\">8:20<\/span><\/td>\n<\/tr>\n<tr>\n<td style=\"width: 224px;\"><span style=\"font-size: 10pt;\">Anibal Ribas<\/span><\/td>\n<td style=\"text-align: center; vertical-align: middle; width: 78px;\"><span style=\"font-size: 10pt;\">8:40<\/span><\/td>\n<\/tr>\n<tr>\n<td style=\"width: 224px;\"><span style=\"font-size: 10pt;\">Clismam Soares Porto<\/span><\/td>\n<td style=\"text-align: center; vertical-align: middle; width: 78px;\"><span style=\"font-size: 10pt;\">9:00<\/span><\/td>\n<\/tr>\n<tr>\n<td style=\"width: 224px;\"><span style=\"font-size: 10pt;\">Eduardo Ferreira Mota<\/span><\/td>\n<td style=\"text-align: center; vertical-align: middle; width: 78px;\"><span style=\"font-size: 10pt;\">9:20<\/span><\/td>\n<\/tr>\n<tr>\n<td style=\"width: 224px;\"><span style=\"font-size: 10pt;\">Edwens Dorisca<\/span><\/td>\n<td style=\"text-align: center; vertical-align: middle; width: 78px;\"><span style=\"font-size: 10pt;\">9:40<\/span><\/td>\n<\/tr>\n<tr>\n<td style=\"width: 224px;\"><span style=\"font-size: 10pt;\">Franciele Tais Link<\/span><\/td>\n<td style=\"text-align: center; vertical-align: middle; width: 78px;\"><span style=\"font-size: 10pt;\">10:00<\/span><\/td>\n<\/tr>\n<tr>\n<td style=\"width: 224px;\"><span style=\"font-size: 10pt;\">Gustavo Muniz Pereira<\/span><\/td>\n<td style=\"text-align: center; vertical-align: middle; width: 78px;\"><span style=\"font-size: 10pt;\">10:20<\/span><\/td>\n<\/tr>\n<tr>\n<td style=\"width: 224px;\"><span style=\"font-size: 10pt;\">Irineu Dias Correa Junior\u00a0<\/span><\/td>\n<td style=\"text-align: center; vertical-align: middle; width: 78px;\"><span style=\"font-size: 10pt;\">10:40<\/span><\/td>\n<\/tr>\n<tr>\n<td style=\"width: 224px;\"><span style=\"font-size: 10pt;\">Jaime Roque Monteiro Carvalho<\/span><\/td>\n<td style=\"text-align: center; vertical-align: middle; width: 78px;\"><span style=\"font-size: 10pt;\">11:00<\/span><\/td>\n<\/tr>\n<tr>\n<td style=\"width: 224px;\"><span style=\"font-size: 10pt;\">Jammili Vit\u00f3ria Ebel Tessmann<\/span><\/td>\n<td style=\"text-align: center; vertical-align: middle; width: 78px;\"><span style=\"font-size: 10pt;\">11:20<\/span><\/td>\n<\/tr>\n<tr>\n<td style=\"width: 224px;\"><span style=\"font-size: 10pt;\">Let\u00edcia Farias de Oliveira<\/span><\/td>\n<td style=\"text-align: center; vertical-align: middle; width: 78px;\"><span style=\"font-size: 10pt;\">11:40<\/span><\/td>\n<\/tr>\n<tr>\n<td style=\"width: 224px;\"><span style=\"font-size: 10pt;\">Luana Dias Lameira<\/span><\/td>\n<td style=\"text-align: center; vertical-align: middle; width: 78px;\"><span style=\"font-size: 10pt;\">14:00<\/span><\/td>\n<\/tr>\n<tr>\n<td style=\"width: 224px;\"><span style=\"font-size: 10pt;\">Magn\u00f3lia dos Santos Carvalho<\/span><\/td>\n<td style=\"text-align: center; vertical-align: middle; width: 78px;\"><span style=\"font-size: 10pt;\">14:20<\/span><\/td>\n<\/tr>\n<tr>\n<td style=\"width: 224px;\"><span style=\"font-size: 10pt;\">Maria Vargas Le\u00e3o<\/span><\/td>\n<td style=\"text-align: center; vertical-align: middle; width: 78px;\"><span style=\"font-size: 10pt;\">14:40<\/span><\/td>\n<\/tr>\n<tr>\n<td style=\"width: 224px;\"><span style=\"font-size: 10pt;\">Max Leandro Xavier Casanova<\/span><\/td>\n<td style=\"text-align: center; vertical-align: middle; width: 78px;\"><span style=\"font-size: 10pt;\">15:00<\/span><\/td>\n<\/tr>\n<tr>\n<td style=\"width: 224px;\"><span style=\"font-size: 10pt;\">Nat\u00e3 Stein Pedroso<\/span><\/td>\n<td style=\"text-align: center; vertical-align: middle; width: 78px;\"><span style=\"font-size: 10pt;\">15:20<\/span><\/td>\n<\/tr>\n<tr>\n<td style=\"width: 224px;\"><span style=\"font-size: 10pt;\">Sandi Xavier Mancilia<\/span><\/td>\n<td style=\"text-align: center; vertical-align: middle; width: 78px;\"><span style=\"font-size: 10pt;\">15:40<\/span><\/td>\n<\/tr>\n<tr>\n<td style=\"width: 224px;\"><span style=\"font-size: 10pt;\">Tiaraju Czermainski Vaz<\/span><\/td>\n<td style=\"text-align: center; vertical-align: middle; width: 78px;\"><span style=\"font-size: 10pt;\">16:00<\/span><\/td>\n<\/tr>\n<tr>\n<td style=\"width: 224px;\"><span style=\"font-size: 10pt;\">William Dietrich Klug<\/span><\/td>\n<td style=\"text-align: center; vertical-align: middle; width: 78px;\"><span style=\"font-size: 10pt;\">16:20<\/span><\/td>\n<\/tr>\n<\/tbody>\n<\/table>\n<p>&nbsp;<\/p>\n<p><span style=\"font-size: 12pt;\">A argui\u00e7\u00e3o ser\u00e1 realizada\u00a0<b>obrigatoriamente<\/b>\u00a0por \u00e1udio e v\u00eddeo.<\/span><\/p>\n<p><span style=\"font-size: 12pt;\">\u00c9 de responsabilidade do\/a candidato\/a certificar-se que seu dispositivo esteja funcionando adequadamente, bem como que tenha sinal est\u00e1vel de internet.\u00a0<\/span><\/p>\n<p><span style=\"font-size: 12pt;\">Os resultados preliminares dos\/as candidatos\/as aprovados\/as ser\u00e3o divulgados conforme o dia previsto no edital n\u00ba218\/2025.<\/span><\/p>\n<p><span style=\"font-size: 12pt;\">Atenciosamente,\u00a0<\/span><\/p>\n<p><span style=\"font-size: 12pt;\">Comiss\u00e3o de Sele\u00e7\u00e3o.<\/span><\/p>\n<p>&nbsp;<\/p>\n","protected":false},"excerpt":{"rendered":"<p>O PPGDTSA torna p\u00fablico o calend\u00e1rio de entrevistas para o processo seletivo de aluno regular referente ao edital n\u00ba218\/2025.\u00a0 Cronograma de Entrevistas Para as Entrevistas ser\u00e1 utilizada a plataforma Webconf da UFPel. Elas ocorrer\u00e3o na\u00a0quinta feira, dia\u00a011\/12\/2025, a partir das\u00a08h, por ordem alfab\u00e9tica e ter\u00e3o um tempo m\u00e1ximo de 15 minutos. Os\/as candidatos\/as devem acessar [&hellip;]<\/p>\n","protected":false},"author":367,"featured_media":0,"comment_status":"closed","ping_status":"closed","sticky":false,"template":"","format":"standard","meta":{"_jetpack_memberships_contains_paid_content":false,"footnotes":""},"categories":[26849],"tags":[],"class_list":["post-6094","post","type-post","status-publish","format-standard","hentry","category-sem-categoria-pt"],"jetpack_featured_media_url":"","jetpack_sharing_enabled":true,"_links":{"self":[{"href":"https:\/\/wp.ufpel.edu.br\/ppgdtsa\/wp-json\/wp\/v2\/posts\/6094","targetHints":{"allow":["GET"]}}],"collection":[{"href":"https:\/\/wp.ufpel.edu.br\/ppgdtsa\/wp-json\/wp\/v2\/posts"}],"about":[{"href":"https:\/\/wp.ufpel.edu.br\/ppgdtsa\/wp-json\/wp\/v2\/types\/post"}],"author":[{"embeddable":true,"href":"https:\/\/wp.ufpel.edu.br\/ppgdtsa\/wp-json\/wp\/v2\/users\/367"}],"replies":[{"embeddable":true,"href":"https:\/\/wp.ufpel.edu.br\/ppgdtsa\/wp-json\/wp\/v2\/comments?post=6094"}],"version-history":[{"count":3,"href":"https:\/\/wp.ufpel.edu.br\/ppgdtsa\/wp-json\/wp\/v2\/posts\/6094\/revisions"}],"predecessor-version":[{"id":6100,"href":"https:\/\/wp.ufpel.edu.br\/ppgdtsa\/wp-json\/wp\/v2\/posts\/6094\/revisions\/6100"}],"wp:attachment":[{"href":"https:\/\/wp.ufpel.edu.br\/ppgdtsa\/wp-json\/wp\/v2\/media?parent=6094"}],"wp:term":[{"taxonomy":"category","embeddable":true,"href":"https:\/\/wp.ufpel.edu.br\/ppgdtsa\/wp-json\/wp\/v2\/categories?post=6094"},{"taxonomy":"post_tag","embeddable":true,"href":"https:\/\/wp.ufpel.edu.br\/ppgdtsa\/wp-json\/wp\/v2\/tags?post=6094"}],"curies":[{"name":"wp","href":"https:\/\/api.w.org\/{rel}","templated":true}]}}