{"id":5958,"date":"2025-06-24T10:16:47","date_gmt":"2025-06-24T13:16:47","guid":{"rendered":"https:\/\/wp.ufpel.edu.br\/ppgdtsa\/?p=5958"},"modified":"2025-06-24T10:16:47","modified_gmt":"2025-06-24T13:16:47","slug":"mesclando-saberes-e-experiencias-uma-parceria-entre-efasul-e-ppgdtsa","status":"publish","type":"post","link":"https:\/\/wp.ufpel.edu.br\/ppgdtsa\/2025\/06\/24\/mesclando-saberes-e-experiencias-uma-parceria-entre-efasul-e-ppgdtsa\/","title":{"rendered":"Mesclando saberes e experi\u00eancias: uma parceria entre EFASUL e PPGDTSA"},"content":{"rendered":"<p><a href=\"https:\/\/wp.ufpel.edu.br\/ppgdtsa\/2025\/06\/24\/mesclando-saberes-e-experiencias-uma-parceria-entre-efasul-e-ppgdtsa\/attachment\/2\/\" rel=\"attachment wp-att-5960\"><img class=\"size-medium wp-image-5960 aligncenter\" src=\"https:\/\/wp.ufpel.edu.br\/ppgdtsa\/files\/2025\/06\/2-320x400.png\" alt=\"\" width=\"320\" height=\"400\" srcset=\"https:\/\/wp.ufpel.edu.br\/ppgdtsa\/files\/2025\/06\/2-320x400.png 320w, https:\/\/wp.ufpel.edu.br\/ppgdtsa\/files\/2025\/06\/2-819x1024.png 819w, https:\/\/wp.ufpel.edu.br\/ppgdtsa\/files\/2025\/06\/2-768x960.png 768w, https:\/\/wp.ufpel.edu.br\/ppgdtsa\/files\/2025\/06\/2.png 1080w\" sizes=\"(max-width: 320px) 100vw, 320px\" \/><\/a><\/p>\n<p><strong>Convite<\/strong>: Aula Dialogada<br \/>\nMesclando saberes e experi\u00eancias: uma parceria entre EFASUL e PPGDTSA<br \/>\nNo pr\u00f3ximo dia <strong>27 de junho, das 8h \u00e0s 12h,<\/strong> o PPGDTSA participar\u00e1, em parceria com a EFASUL, da aula de Prepara\u00e7\u00e3o Pedag\u00f3gica do Departamento de Nutri\u00e7\u00e3o e Produ\u00e7\u00e3o Animal da USP, sob coordena\u00e7\u00e3o do Professor Augusto Hauber Gameiro.<br \/>\nDurante o encontro, ser\u00e1 realizada uma aula dialogada sobre <strong>o tema Educa\u00e7\u00e3o do Campo e Pedagogia da Altern\u00e2ncia<\/strong>, promovendo a reflex\u00e3o cr\u00edtica e o compartilhamento de viv\u00eancias entre as institui\u00e7\u00f5es.<br \/>\nSer\u00e1 um espa\u00e7o rico de troca de saberes e constru\u00e7\u00e3o coletiva de conhecimento. Estendemos o convite para que participem deste encontro formativo e inspirador.<br \/>\n<strong>A aula ser\u00e1 realizada de forma remota, por meio do link: https:\/\/meet.google.com\/yak-mmsd-jjr <\/strong><\/p>\n","protected":false},"excerpt":{"rendered":"<p>Convite: Aula Dialogada Mesclando saberes e experi\u00eancias: uma parceria entre EFASUL e PPGDTSA No pr\u00f3ximo dia 27 de junho, das 8h \u00e0s 12h, o PPGDTSA participar\u00e1, em parceria com a EFASUL, da aula de Prepara\u00e7\u00e3o Pedag\u00f3gica do Departamento de Nutri\u00e7\u00e3o e Produ\u00e7\u00e3o Animal da USP, sob coordena\u00e7\u00e3o do Professor Augusto Hauber Gameiro. Durante o encontro, [&hellip;]<\/p>\n","protected":false},"author":348,"featured_media":0,"comment_status":"closed","ping_status":"closed","sticky":false,"template":"","format":"standard","meta":{"_jetpack_memberships_contains_paid_content":false,"footnotes":""},"categories":[26849],"tags":[],"class_list":["post-5958","post","type-post","status-publish","format-standard","hentry","category-sem-categoria-pt"],"jetpack_featured_media_url":"","jetpack_sharing_enabled":true,"_links":{"self":[{"href":"https:\/\/wp.ufpel.edu.br\/ppgdtsa\/wp-json\/wp\/v2\/posts\/5958","targetHints":{"allow":["GET"]}}],"collection":[{"href":"https:\/\/wp.ufpel.edu.br\/ppgdtsa\/wp-json\/wp\/v2\/posts"}],"about":[{"href":"https:\/\/wp.ufpel.edu.br\/ppgdtsa\/wp-json\/wp\/v2\/types\/post"}],"author":[{"embeddable":true,"href":"https:\/\/wp.ufpel.edu.br\/ppgdtsa\/wp-json\/wp\/v2\/users\/348"}],"replies":[{"embeddable":true,"href":"https:\/\/wp.ufpel.edu.br\/ppgdtsa\/wp-json\/wp\/v2\/comments?post=5958"}],"version-history":[{"count":2,"href":"https:\/\/wp.ufpel.edu.br\/ppgdtsa\/wp-json\/wp\/v2\/posts\/5958\/revisions"}],"predecessor-version":[{"id":5962,"href":"https:\/\/wp.ufpel.edu.br\/ppgdtsa\/wp-json\/wp\/v2\/posts\/5958\/revisions\/5962"}],"wp:attachment":[{"href":"https:\/\/wp.ufpel.edu.br\/ppgdtsa\/wp-json\/wp\/v2\/media?parent=5958"}],"wp:term":[{"taxonomy":"category","embeddable":true,"href":"https:\/\/wp.ufpel.edu.br\/ppgdtsa\/wp-json\/wp\/v2\/categories?post=5958"},{"taxonomy":"post_tag","embeddable":true,"href":"https:\/\/wp.ufpel.edu.br\/ppgdtsa\/wp-json\/wp\/v2\/tags?post=5958"}],"curies":[{"name":"wp","href":"https:\/\/api.w.org\/{rel}","templated":true}]}}