{"id":5951,"date":"2025-06-24T10:12:16","date_gmt":"2025-06-24T13:12:16","guid":{"rendered":"https:\/\/wp.ufpel.edu.br\/ppgdtsa\/?p=5951"},"modified":"2025-06-24T10:12:16","modified_gmt":"2025-06-24T13:12:16","slug":"aula-aberta-governanca-e-desenvolvimento-territorial","status":"publish","type":"post","link":"https:\/\/wp.ufpel.edu.br\/ppgdtsa\/2025\/06\/24\/aula-aberta-governanca-e-desenvolvimento-territorial\/","title":{"rendered":"Aula aberta: Governan\u00e7a e Desenvolvimento Territorial"},"content":{"rendered":"<p><a href=\"https:\/\/wp.ufpel.edu.br\/ppgdtsa\/2025\/06\/24\/aula-aberta-governanca-e-desenvolvimento-territorial\/aula-aberta-governanca-e-desenvolvimento-territorial\/\" rel=\"attachment wp-att-5953\"><img class=\"size-medium wp-image-5953 aligncenter\" src=\"https:\/\/wp.ufpel.edu.br\/ppgdtsa\/files\/2025\/06\/Aula-aberta.-Governanca-e-Desenvolvimento-Territorial--320x400.jpg\" alt=\"\" width=\"320\" height=\"400\" srcset=\"https:\/\/wp.ufpel.edu.br\/ppgdtsa\/files\/2025\/06\/Aula-aberta.-Governanca-e-Desenvolvimento-Territorial--320x400.jpg 320w, https:\/\/wp.ufpel.edu.br\/ppgdtsa\/files\/2025\/06\/Aula-aberta.-Governanca-e-Desenvolvimento-Territorial--819x1024.jpg 819w, https:\/\/wp.ufpel.edu.br\/ppgdtsa\/files\/2025\/06\/Aula-aberta.-Governanca-e-Desenvolvimento-Territorial--768x960.jpg 768w, https:\/\/wp.ufpel.edu.br\/ppgdtsa\/files\/2025\/06\/Aula-aberta.-Governanca-e-Desenvolvimento-Territorial-.jpg 1024w\" sizes=\"(max-width: 320px) 100vw, 320px\" \/><\/a><\/p>\n<p>A atividade se insere no contexto das discuss\u00f5es da disciplina de Desenvolvimento Territorial do PPGDTSA, sendo o ministrante Bolsista S\u00eanior do CNPq e Coordenador Geral da Rede Ibero-americana de Estudos sobre Desenvolvimento Territorial e Governan\u00e7a.<br \/>\nO objetivo da aula \u00e9 que o professor Dallabrida possa apresentar e discutir os principais conte\u00fados de seu mais recente livro &#8220;DESENVOLVIMENTO, ser ou n\u00e3o ser, eis a quest\u00e3o&#8221;, obra que foi publicada em novembro de 2024 pela Editora CRV.<\/p>\n<p>As inscri\u00e7\u00f5es podem ser realizadas por meio do QR Code dispon\u00edvel no card. N\u00e3o perca a oportunidade de participar deste importante espa\u00e7o de aprendizado!<\/p>\n<p>&nbsp;<\/p>\n","protected":false},"excerpt":{"rendered":"<p>A atividade se insere no contexto das discuss\u00f5es da disciplina de Desenvolvimento Territorial do PPGDTSA, sendo o ministrante Bolsista S\u00eanior do CNPq e Coordenador Geral da Rede Ibero-americana de Estudos sobre Desenvolvimento Territorial e Governan\u00e7a. O objetivo da aula \u00e9 que o professor Dallabrida possa apresentar e discutir os principais conte\u00fados de seu mais recente [&hellip;]<\/p>\n","protected":false},"author":348,"featured_media":0,"comment_status":"closed","ping_status":"closed","sticky":false,"template":"","format":"standard","meta":{"_jetpack_memberships_contains_paid_content":false,"footnotes":""},"categories":[26849],"tags":[],"class_list":["post-5951","post","type-post","status-publish","format-standard","hentry","category-sem-categoria-pt"],"jetpack_featured_media_url":"","jetpack_sharing_enabled":true,"_links":{"self":[{"href":"https:\/\/wp.ufpel.edu.br\/ppgdtsa\/wp-json\/wp\/v2\/posts\/5951","targetHints":{"allow":["GET"]}}],"collection":[{"href":"https:\/\/wp.ufpel.edu.br\/ppgdtsa\/wp-json\/wp\/v2\/posts"}],"about":[{"href":"https:\/\/wp.ufpel.edu.br\/ppgdtsa\/wp-json\/wp\/v2\/types\/post"}],"author":[{"embeddable":true,"href":"https:\/\/wp.ufpel.edu.br\/ppgdtsa\/wp-json\/wp\/v2\/users\/348"}],"replies":[{"embeddable":true,"href":"https:\/\/wp.ufpel.edu.br\/ppgdtsa\/wp-json\/wp\/v2\/comments?post=5951"}],"version-history":[{"count":4,"href":"https:\/\/wp.ufpel.edu.br\/ppgdtsa\/wp-json\/wp\/v2\/posts\/5951\/revisions"}],"predecessor-version":[{"id":5957,"href":"https:\/\/wp.ufpel.edu.br\/ppgdtsa\/wp-json\/wp\/v2\/posts\/5951\/revisions\/5957"}],"wp:attachment":[{"href":"https:\/\/wp.ufpel.edu.br\/ppgdtsa\/wp-json\/wp\/v2\/media?parent=5951"}],"wp:term":[{"taxonomy":"category","embeddable":true,"href":"https:\/\/wp.ufpel.edu.br\/ppgdtsa\/wp-json\/wp\/v2\/categories?post=5951"},{"taxonomy":"post_tag","embeddable":true,"href":"https:\/\/wp.ufpel.edu.br\/ppgdtsa\/wp-json\/wp\/v2\/tags?post=5951"}],"curies":[{"name":"wp","href":"https:\/\/api.w.org\/{rel}","templated":true}]}}