{"id":5914,"date":"2025-06-04T11:38:29","date_gmt":"2025-06-04T14:38:29","guid":{"rendered":"https:\/\/wp.ufpel.edu.br\/ppgdtsa\/?p=5914"},"modified":"2025-06-06T11:34:47","modified_gmt":"2025-06-06T14:34:47","slug":"divulgacao-ultima-reuniao-geral-do-ppgdtsa","status":"publish","type":"post","link":"https:\/\/wp.ufpel.edu.br\/ppgdtsa\/2025\/06\/04\/divulgacao-ultima-reuniao-geral-do-ppgdtsa\/","title":{"rendered":"Divulga\u00e7\u00e3o | Reuni\u00e3o Geral do PPGDTSA"},"content":{"rendered":"<p><span style=\"font-size: 12pt; font-family: 'times new roman', times, serif;\">Na \u00faltima ter\u00e7a-feira, 27 de maio de 2025, foi realizada a Reuni\u00e3o Geral do Programa de P\u00f3s-Gradua\u00e7\u00e3o em Desenvolvimento Territorial e Sistemas Agroindustriais (PPGDTSA), reunindo a comunidade acad\u00eamica \u2014 docentes, discentes e t\u00e9cnicos \u2014 para refletir coletivamente sobre os rumos do programa e compartilhar iniciativas em andamento.<\/span><\/p>\n<p><span style=\"font-size: 12pt; font-family: 'times new roman', times, serif;\">A reuni\u00e3o foi conduzida pelo coordenador do curso, Prof. Marcelo, que iniciou a conversa refor\u00e7ando a import\u00e2ncia estrat\u00e9gica da autoavalia\u00e7\u00e3o institucional. Ele destacou que esse processo vai al\u00e9m de uma exig\u00eancia formal da CAPES: trata-se de um instrumento de gest\u00e3o e reflex\u00e3o coletiva que permite identificar avan\u00e7os, reconhecer desafios e projetar a\u00e7\u00f5es para o fortalecimento cont\u00ednuo do programa.<\/span><\/p>\n<p><span style=\"font-size: 12pt; font-family: 'times new roman', times, serif;\"><a href=\"https:\/\/wp.ufpel.edu.br\/ppgdtsa\/2025\/06\/04\/divulgacao-ultima-reuniao-geral-do-ppgdtsa\/foto-reunion-maio-ppgdtsa\/\" rel=\"attachment wp-att-5916\"><img class=\"wp-image-5916 aligncenter\" src=\"https:\/\/wp.ufpel.edu.br\/ppgdtsa\/files\/2025\/06\/foto-reunion-maio-ppgdtsa--300x400.jpg\" alt=\"\" width=\"276\" height=\"368\" srcset=\"https:\/\/wp.ufpel.edu.br\/ppgdtsa\/files\/2025\/06\/foto-reunion-maio-ppgdtsa--300x400.jpg 300w, https:\/\/wp.ufpel.edu.br\/ppgdtsa\/files\/2025\/06\/foto-reunion-maio-ppgdtsa--768x1024.jpg 768w, https:\/\/wp.ufpel.edu.br\/ppgdtsa\/files\/2025\/06\/foto-reunion-maio-ppgdtsa-.jpg 960w\" sizes=\"(max-width: 276px) 100vw, 276px\" \/><\/a><\/span><\/p>\n<p><span style=\"font-size: 12pt; font-family: 'times new roman', times, serif;\">Na sequ\u00eancia, o professor apresentou as premissas fundamentais que orientam a exist\u00eancia e o funcionamento do PPGDTSA, com destaque para:<\/span><\/p>\n<ul>\n<li><span style=\"font-size: 12pt; font-family: 'times new roman', times, serif;\">O reconhecimento das <strong>desigualdades econ\u00f4micas e sociais <\/strong>que marcam a por\u00e7\u00e3o meridional do territ\u00f3rio ga\u00facho, ao mesmo tempo em que essa regi\u00e3o apresenta <strong>potencialidades relevantes<\/strong>, como a diversidade de recursos sociais, ambientais e a presen\u00e7a de <strong>sistemas agroindustriais pujantes<\/strong>;<\/span><\/li>\n<li><span style=\"font-size: 12pt; font-family: 'times new roman', times, serif;\">A miss\u00e3o institucional da UFPel, comprometida com a <strong>forma\u00e7\u00e3o de profissionais cr\u00edticos e transformadores<\/strong>, e com a expans\u00e3o da p\u00f3s- gradua\u00e7\u00e3o como meio de transforma\u00e7\u00e3o social;<\/span><\/li>\n<li><span style=\"font-size: 12pt; font-family: 'times new roman', times, serif;\">A compreens\u00e3o de que os desafios do desenvolvimento territorial s\u00e3o <strong>multidimensionais, din\u00e2micos e complexos<\/strong>, exigindo, portanto, <strong>respostas interdisciplinares e a\u00e7\u00f5es organizacionais coletivas<\/strong>.<\/span><\/li>\n<li><span style=\"font-size: 12pt; font-family: 'times new roman', times, serif;\">As metas do programa, com foco na interdisciplinaridade.<\/span><\/li>\n<\/ul>\n<p><span style=\"font-size: 12pt; font-family: 'times new roman', times, serif;\">Tamb\u00e9m foram refor\u00e7ados os <strong>pilares<\/strong> <strong>institucionais<\/strong> <strong>do<\/strong> <strong>PPGDTSA<\/strong>:<\/span><\/p>\n<p><span style=\"font-size: 12pt; font-family: 'times new roman', times, serif;\">\u25c6 <strong>Miss\u00e3o<\/strong><\/span><\/p>\n<p><span style=\"font-size: 12pt; font-family: 'times new roman', times, serif;\">Formar pessoas e construir conhecimentos para o desenvolvimento sustent\u00e1vel dos sistemas agroindustriais e territ\u00f3rios rurais, em benef\u00edcio da sociedade e do ambiente.<\/span><\/p>\n<h1><span style=\"font-size: 12pt; font-family: 'times new roman', times, serif;\">\u25c6 Vis\u00e3o<\/span><\/h1>\n<p><span style=\"font-size: 12pt; font-family: 'times new roman', times, serif;\">Ser um programa de refer\u00eancia na conex\u00e3o de pessoas, conhecimentos, pol\u00edticas e ambientes para o Desenvolvimento Territorial e dos Sistemas Agroindustriais.<\/span><\/p>\n<h1><span style=\"font-size: 12pt; font-family: 'times new roman', times, serif;\">\u25c6 Objetivo Geral<\/span><\/h1>\n<p><span style=\"font-size: 12pt; font-family: 'times new roman', times, serif;\">Construir conhecimentos e formar pessoas habilitadas para atuar no magist\u00e9rio<\/span><\/p>\n<p><span style=\"font-size: 12pt; font-family: 'times new roman', times, serif;\">superior, na pesquisa, na investiga\u00e7\u00e3o cient\u00edfica e nas organiza\u00e7\u00f5es comprometidas com o desenvolvimento rural e dos sistemas agroindustriais.<\/span><\/p>\n<p><span style=\"font-size: 12pt; font-family: 'times new roman', times, serif;\">Al\u00e9m disso, os alunos apresentaram sugest\u00f5es para o aprimoramento dos canais de divulga\u00e7\u00e3o e comunica\u00e7\u00e3o de eventos, bem como das redes sociais. Tamb\u00e9m foram feitas recomenda\u00e7\u00f5es relacionadas ao apoio \u00e0 perman\u00eancia e recep\u00e7\u00e3o de estudantes internacionais.\u00a0<\/span><\/p>\n<p><span style=\"font-size: 12pt; font-family: 'times new roman', times, serif;\">A reuni\u00e3o foi marcada pela <strong>apresenta\u00e7\u00e3o dos projetos vinculados ao PPG<\/strong>, evidenciando a pluralidade de abordagens e temas que caracterizam a produ\u00e7\u00e3o cient\u00edfica e de extens\u00e3o do programa. A socializa\u00e7\u00e3o dessas iniciativas fortalece o di\u00e1logo entre as linhas de pesquisa e refor\u00e7a o compromisso do PPGDTSA com o territ\u00f3rio.<\/span><\/p>\n<p><span style=\"font-size: 12pt; font-family: 'times new roman', times, serif;\">O encontro reafirmou a import\u00e2ncia da participa\u00e7\u00e3o ativa de toda a comunidade acad\u00eamica para que o programa continue avan\u00e7ando como espa\u00e7o de constru\u00e7\u00e3o coletiva, comprometido com a transforma\u00e7\u00e3o social e a sustentabilidade.<\/span><\/p>\n<p>&nbsp;<\/p>\n<p><a href=\"https:\/\/wp.ufpel.edu.br\/ppgdtsa\/2025\/06\/04\/divulgacao-ultima-reuniao-geral-do-ppgdtsa\/reunion-foto-2\/\" rel=\"attachment wp-att-5917\"><img class=\"size-medium wp-image-5917 aligncenter\" src=\"https:\/\/wp.ufpel.edu.br\/ppgdtsa\/files\/2025\/06\/reunion-foto-2-400x300.jpg\" alt=\"\" width=\"400\" height=\"300\" srcset=\"https:\/\/wp.ufpel.edu.br\/ppgdtsa\/files\/2025\/06\/reunion-foto-2-400x300.jpg 400w, https:\/\/wp.ufpel.edu.br\/ppgdtsa\/files\/2025\/06\/reunion-foto-2-1024x768.jpg 1024w, https:\/\/wp.ufpel.edu.br\/ppgdtsa\/files\/2025\/06\/reunion-foto-2-768x576.jpg 768w, https:\/\/wp.ufpel.edu.br\/ppgdtsa\/files\/2025\/06\/reunion-foto-2.jpg 1280w\" sizes=\"(max-width: 400px) 100vw, 400px\" \/><\/a><\/p>\n<p>&nbsp;<\/p>\n","protected":false},"excerpt":{"rendered":"<p>Na \u00faltima ter\u00e7a-feira, 27 de maio de 2025, foi realizada a Reuni\u00e3o Geral do Programa de P\u00f3s-Gradua\u00e7\u00e3o em Desenvolvimento Territorial e Sistemas Agroindustriais (PPGDTSA), reunindo a comunidade acad\u00eamica \u2014 docentes, discentes e t\u00e9cnicos \u2014 para refletir coletivamente sobre os rumos do programa e compartilhar iniciativas em andamento. A reuni\u00e3o foi conduzida pelo coordenador do curso, [&hellip;]<\/p>\n","protected":false},"author":348,"featured_media":0,"comment_status":"closed","ping_status":"closed","sticky":false,"template":"","format":"standard","meta":{"_jetpack_memberships_contains_paid_content":false,"footnotes":""},"categories":[26849],"tags":[],"class_list":["post-5914","post","type-post","status-publish","format-standard","hentry","category-sem-categoria-pt"],"jetpack_featured_media_url":"","jetpack_sharing_enabled":true,"_links":{"self":[{"href":"https:\/\/wp.ufpel.edu.br\/ppgdtsa\/wp-json\/wp\/v2\/posts\/5914","targetHints":{"allow":["GET"]}}],"collection":[{"href":"https:\/\/wp.ufpel.edu.br\/ppgdtsa\/wp-json\/wp\/v2\/posts"}],"about":[{"href":"https:\/\/wp.ufpel.edu.br\/ppgdtsa\/wp-json\/wp\/v2\/types\/post"}],"author":[{"embeddable":true,"href":"https:\/\/wp.ufpel.edu.br\/ppgdtsa\/wp-json\/wp\/v2\/users\/348"}],"replies":[{"embeddable":true,"href":"https:\/\/wp.ufpel.edu.br\/ppgdtsa\/wp-json\/wp\/v2\/comments?post=5914"}],"version-history":[{"count":5,"href":"https:\/\/wp.ufpel.edu.br\/ppgdtsa\/wp-json\/wp\/v2\/posts\/5914\/revisions"}],"predecessor-version":[{"id":5931,"href":"https:\/\/wp.ufpel.edu.br\/ppgdtsa\/wp-json\/wp\/v2\/posts\/5914\/revisions\/5931"}],"wp:attachment":[{"href":"https:\/\/wp.ufpel.edu.br\/ppgdtsa\/wp-json\/wp\/v2\/media?parent=5914"}],"wp:term":[{"taxonomy":"category","embeddable":true,"href":"https:\/\/wp.ufpel.edu.br\/ppgdtsa\/wp-json\/wp\/v2\/categories?post=5914"},{"taxonomy":"post_tag","embeddable":true,"href":"https:\/\/wp.ufpel.edu.br\/ppgdtsa\/wp-json\/wp\/v2\/tags?post=5914"}],"curies":[{"name":"wp","href":"https:\/\/api.w.org\/{rel}","templated":true}]}}