{"id":2440,"date":"2017-12-10T17:05:59","date_gmt":"2017-12-10T19:05:59","guid":{"rendered":"https:\/\/wp.ufpel.edu.br\/ppgdtsa\/?p=2440"},"modified":"2017-12-10T17:05:59","modified_gmt":"2017-12-10T19:05:59","slug":"entre-o-rural-e-o-urbano-e-tema-de-seminario-no-ppgdtsa","status":"publish","type":"post","link":"https:\/\/wp.ufpel.edu.br\/ppgdtsa\/2017\/12\/10\/entre-o-rural-e-o-urbano-e-tema-de-seminario-no-ppgdtsa\/","title":{"rendered":"&#8220;Entre o rural e o urbano&#8221; \u00e9 tema de Semin\u00e1rio no PPGDTSA"},"content":{"rendered":"<p><img class=\"alignleft\" src=\"https:\/\/mail.google.com\/mail\/u\/0\/?ui=2&amp;ik=d7af86e919&amp;view=att&amp;th=16041cb2f210b5fe&amp;attid=0.1&amp;disp=safe&amp;realattid=1586424492706496512-local0&amp;zw\" width=\"324\" height=\"243\" \/>\u00a0 \u00a0 \u00a0 \u00a0 \u00a0 \u00a0 \u00a0 \u00a0 \u00a0 \u00a0 \u00a0Ocorreu na sexta feira, dia 08\/12, a apresenta\u00e7\u00e3o do Semin\u00e1rio: &#8220;<strong>A rela\u00e7\u00e3o entre o rural e o urbano na Regi\u00e3o Metropolitana de Porto Alegre: um estudo com \u00eanfase na abordagem territorial&#8221;\u00a0<\/strong>apresentado pela Prof. Dra. Elis\u00e2ngela Bri\u00e3o Zanela.\u00a0Ela compartilhou conosco os resultados da sua tese de doutorado em que mapeou a import\u00e2ncia das zonas intermedi\u00e1rias entre o rural e o urbano dos munic\u00edpios da Regi\u00e3o Metropolitana de Porto Alegre.<\/p>\n<p>Os resultados ajudam a compreender a influ\u00eancia destas \u00e1reas e refinar a concep\u00e7\u00e3o de novas e mais eficientes pol\u00edticas de desenvolvimento territorial.<\/p>\n<p>\u00c0 professora Elis\u00e2ngela, nosso agradecimento por compartilhar seu conhecimento conosco.<\/p>\n<p>Prof. M\u00e1rio Conill Gomes<\/p>\n","protected":false},"excerpt":{"rendered":"<p>\u00a0 \u00a0 \u00a0 \u00a0 \u00a0 \u00a0 \u00a0 \u00a0 \u00a0 \u00a0 \u00a0Ocorreu na sexta feira, dia 08\/12, a apresenta\u00e7\u00e3o do Semin\u00e1rio: &#8220;A rela\u00e7\u00e3o entre o rural e o urbano na Regi\u00e3o Metropolitana de Porto Alegre: um estudo com \u00eanfase na abordagem territorial&#8221;\u00a0apresentado pela Prof. Dra. Elis\u00e2ngela Bri\u00e3o Zanela.\u00a0Ela compartilhou conosco os resultados da sua tese de [&hellip;]<\/p>\n","protected":false},"author":348,"featured_media":0,"comment_status":"closed","ping_status":"closed","sticky":false,"template":"","format":"standard","meta":{"_jetpack_memberships_contains_paid_content":false,"footnotes":""},"categories":[26849],"tags":[],"class_list":["post-2440","post","type-post","status-publish","format-standard","hentry","category-sem-categoria-pt"],"jetpack_featured_media_url":"","jetpack_sharing_enabled":true,"_links":{"self":[{"href":"https:\/\/wp.ufpel.edu.br\/ppgdtsa\/wp-json\/wp\/v2\/posts\/2440","targetHints":{"allow":["GET"]}}],"collection":[{"href":"https:\/\/wp.ufpel.edu.br\/ppgdtsa\/wp-json\/wp\/v2\/posts"}],"about":[{"href":"https:\/\/wp.ufpel.edu.br\/ppgdtsa\/wp-json\/wp\/v2\/types\/post"}],"author":[{"embeddable":true,"href":"https:\/\/wp.ufpel.edu.br\/ppgdtsa\/wp-json\/wp\/v2\/users\/348"}],"replies":[{"embeddable":true,"href":"https:\/\/wp.ufpel.edu.br\/ppgdtsa\/wp-json\/wp\/v2\/comments?post=2440"}],"version-history":[{"count":4,"href":"https:\/\/wp.ufpel.edu.br\/ppgdtsa\/wp-json\/wp\/v2\/posts\/2440\/revisions"}],"predecessor-version":[{"id":2445,"href":"https:\/\/wp.ufpel.edu.br\/ppgdtsa\/wp-json\/wp\/v2\/posts\/2440\/revisions\/2445"}],"wp:attachment":[{"href":"https:\/\/wp.ufpel.edu.br\/ppgdtsa\/wp-json\/wp\/v2\/media?parent=2440"}],"wp:term":[{"taxonomy":"category","embeddable":true,"href":"https:\/\/wp.ufpel.edu.br\/ppgdtsa\/wp-json\/wp\/v2\/categories?post=2440"},{"taxonomy":"post_tag","embeddable":true,"href":"https:\/\/wp.ufpel.edu.br\/ppgdtsa\/wp-json\/wp\/v2\/tags?post=2440"}],"curies":[{"name":"wp","href":"https:\/\/api.w.org\/{rel}","templated":true}]}}