{"id":1766,"date":"2017-04-28T20:24:42","date_gmt":"2017-04-28T23:24:42","guid":{"rendered":"https:\/\/wp.ufpel.edu.br\/ppgdtsa\/?p=1766"},"modified":"2017-05-02T13:49:26","modified_gmt":"2017-05-02T16:49:26","slug":"ciclo-do-tabaco-2","status":"publish","type":"post","link":"https:\/\/wp.ufpel.edu.br\/ppgdtsa\/2017\/04\/28\/ciclo-do-tabaco-2\/","title":{"rendered":"Ciclo do Tabaco"},"content":{"rendered":"<p><img class=\"alignleft\" src=\"http:\/\/wp.clicrbs.com.br\/santacruz\/files\/2011\/02\/0019196a.jpg\" width=\"173\" height=\"115\" \/>No dia 19 de maio vamos realizar uma atividade acad\u00eamica que entendemos de grande impacto e import\u00e2ncia: o Ciclo do Tabaco. Ser\u00e1 um dia dedicado a apresentar \u00e0 comunidade os \u00faltimos trabalhos desenvolvido por professores e alunos do PPGDTSA em coopera\u00e7\u00e3o com os Deptos. de Ci\u00eancias Sociais Agr\u00e1rias e de Solos (da Faculdade de Agronomia) e com o PPG em Epidemiologia, todos recortados pela tem\u00e1tica do Tabaco.<\/p>\n<p>Ser\u00e3o apresentados um conjunto de pain\u00e9is com as \u00faltimas pesquisas realizadas com a oportunidade de debate dos resultados obtidos.<\/p>\n<p>O evento ocorrer\u00e1 no Sal\u00e3o Nobre da Faculdade de Agronomia, no Campus Cap\u00e3o do Le\u00e3o, dia 19\/05\/2017, das 9h \u00e0s 16h.<\/p>\n<p>As inscri\u00e7\u00f5es s\u00e3o gratuitas pelo link <a href=\"https:\/\/goo.gl\/forms\/FVEW5iY5Xe7uCUVA3\">https:\/\/goo.gl\/forms\/FVEW5iY5Xe7uCUVA3<\/a><\/p>\n<p>Vagas limitadas.<\/p>\n<p>Atenciosamente<\/p>\n<p>Prof. M\u00e1rio Conill Gomes<\/p>\n<p>Coordenador do PPGDTSA<\/p>\n","protected":false},"excerpt":{"rendered":"<p>No dia 19 de maio vamos realizar uma atividade acad\u00eamica que entendemos de grande impacto e import\u00e2ncia: o Ciclo do Tabaco. Ser\u00e1 um dia dedicado a apresentar \u00e0 comunidade os \u00faltimos trabalhos desenvolvido por professores e alunos do PPGDTSA em coopera\u00e7\u00e3o com os Deptos. de Ci\u00eancias Sociais Agr\u00e1rias e de Solos (da Faculdade de Agronomia) [&hellip;]<\/p>\n","protected":false},"author":348,"featured_media":0,"comment_status":"closed","ping_status":"closed","sticky":false,"template":"","format":"standard","meta":{"_jetpack_memberships_contains_paid_content":false,"footnotes":""},"categories":[26849],"tags":[],"class_list":["post-1766","post","type-post","status-publish","format-standard","hentry","category-sem-categoria-pt"],"jetpack_featured_media_url":"","jetpack_sharing_enabled":true,"_links":{"self":[{"href":"https:\/\/wp.ufpel.edu.br\/ppgdtsa\/wp-json\/wp\/v2\/posts\/1766","targetHints":{"allow":["GET"]}}],"collection":[{"href":"https:\/\/wp.ufpel.edu.br\/ppgdtsa\/wp-json\/wp\/v2\/posts"}],"about":[{"href":"https:\/\/wp.ufpel.edu.br\/ppgdtsa\/wp-json\/wp\/v2\/types\/post"}],"author":[{"embeddable":true,"href":"https:\/\/wp.ufpel.edu.br\/ppgdtsa\/wp-json\/wp\/v2\/users\/348"}],"replies":[{"embeddable":true,"href":"https:\/\/wp.ufpel.edu.br\/ppgdtsa\/wp-json\/wp\/v2\/comments?post=1766"}],"version-history":[{"count":6,"href":"https:\/\/wp.ufpel.edu.br\/ppgdtsa\/wp-json\/wp\/v2\/posts\/1766\/revisions"}],"predecessor-version":[{"id":1781,"href":"https:\/\/wp.ufpel.edu.br\/ppgdtsa\/wp-json\/wp\/v2\/posts\/1766\/revisions\/1781"}],"wp:attachment":[{"href":"https:\/\/wp.ufpel.edu.br\/ppgdtsa\/wp-json\/wp\/v2\/media?parent=1766"}],"wp:term":[{"taxonomy":"category","embeddable":true,"href":"https:\/\/wp.ufpel.edu.br\/ppgdtsa\/wp-json\/wp\/v2\/categories?post=1766"},{"taxonomy":"post_tag","embeddable":true,"href":"https:\/\/wp.ufpel.edu.br\/ppgdtsa\/wp-json\/wp\/v2\/tags?post=1766"}],"curies":[{"name":"wp","href":"https:\/\/api.w.org\/{rel}","templated":true}]}}